{"id":1026,"date":"2012-07-16T16:25:50","date_gmt":"2012-07-16T16:25:50","guid":{"rendered":"https:\/\/www.ikebanaflores.com.br\/blog\/?p=1026"},"modified":"2026-03-16T16:49:55","modified_gmt":"2026-03-16T19:49:55","slug":"plantas-precisam-protecao","status":"publish","type":"post","link":"https:\/\/ikebanaflores.com.br\/blog\/plantas-precisam-protecao\/","title":{"rendered":"Plantas que precisam de prote\u00e7\u00e3o"},"content":{"rendered":"<div>\n<ul>\n<li>A constru\u00e7\u00e3o de cidades, a polui\u00e7\u00e3o, os inc\u00eandios e as herbicidas (produtos para matar as ervas daninhas) destroem a natureza. Algumas plantas est\u00e3o amea\u00e7adas de desaparecer para sempre.<\/li>\n<\/ul>\n<ul>\n<li>A esp\u00e9cie de eucalipto australiano e tamb\u00e9m a b\u00e9tula a\u00f1a est\u00e3o amea\u00e7adas porque s\u00f3 podem viver em alguns lugares. S\u00e3o muito fr\u00e1geis e, fora de seu ambiente, morrem.<\/li>\n<li>O n\u00famero de plantas que j\u00e1 se extinguiram ou que est\u00e3o amea\u00e7adas \u00e9 assustador, cabe aso governo tomar provid\u00eancias e aos cidad\u00e3os cobr\u00e1-las.<\/li>\n<\/ul>\n<ul>\n<li>Foram criados parques naturais onde \u00e9 proibido colher ou maltratar as <strong><span style=\"color: #ff6600;\"><a href=\"http:\/\/ikebanaflores.com.br\/blog\/bonsai.html\" target=\"_blank\" rel=\"noopener\"><span style=\"color: #ff6600;\">plantas<\/span><\/a><\/span><\/strong> amea\u00e7adas de extin\u00e7\u00e3o.<\/li>\n<\/ul>\n<\/div>\n","protected":false},"excerpt":{"rendered":"<p>A constru\u00e7\u00e3o de cidades, a polui\u00e7\u00e3o, os inc\u00eandios e as herbicidas (produtos para matar as ervas daninhas) destroem a natureza. Algumas plantas est\u00e3o amea\u00e7adas de desaparecer para sempre. A esp\u00e9cie de eucalipto australiano e tamb\u00e9m a b\u00e9tula a\u00f1a est\u00e3o amea\u00e7adas porque s\u00f3 podem viver em alguns lugares. S\u00e3o muito fr\u00e1geis e, fora de seu ambiente, [&hellip;]<\/p>\n","protected":false},"author":5,"featured_media":0,"comment_status":"open","ping_status":"open","sticky":false,"template":"","format":"standard","meta":{"_acf_changed":false,"footnotes":""},"categories":[101],"tags":[113,295,298,322],"class_list":["post-1026","post","type-post","status-publish","format-standard","hentry","category-plantas-e-flores","tag-ameacadas-de-extincao","tag-perigo","tag-plantas-2","tag-protecao"],"acf":[],"_links":{"self":[{"href":"https:\/\/ikebanaflores.com.br\/blog\/wp-json\/wp\/v2\/posts\/1026","targetHints":{"allow":["GET"]}}],"collection":[{"href":"https:\/\/ikebanaflores.com.br\/blog\/wp-json\/wp\/v2\/posts"}],"about":[{"href":"https:\/\/ikebanaflores.com.br\/blog\/wp-json\/wp\/v2\/types\/post"}],"author":[{"embeddable":true,"href":"https:\/\/ikebanaflores.com.br\/blog\/wp-json\/wp\/v2\/users\/5"}],"replies":[{"embeddable":true,"href":"https:\/\/ikebanaflores.com.br\/blog\/wp-json\/wp\/v2\/comments?post=1026"}],"version-history":[{"count":1,"href":"https:\/\/ikebanaflores.com.br\/blog\/wp-json\/wp\/v2\/posts\/1026\/revisions"}],"predecessor-version":[{"id":7171,"href":"https:\/\/ikebanaflores.com.br\/blog\/wp-json\/wp\/v2\/posts\/1026\/revisions\/7171"}],"wp:attachment":[{"href":"https:\/\/ikebanaflores.com.br\/blog\/wp-json\/wp\/v2\/media?parent=1026"}],"wp:term":[{"taxonomy":"category","embeddable":true,"href":"https:\/\/ikebanaflores.com.br\/blog\/wp-json\/wp\/v2\/categories?post=1026"},{"taxonomy":"post_tag","embeddable":true,"href":"https:\/\/ikebanaflores.com.br\/blog\/wp-json\/wp\/v2\/tags?post=1026"}],"curies":[{"name":"wp","href":"https:\/\/api.w.org\/{rel}","templated":true}]}}