{"id":119,"date":"2022-02-03T08:00:00","date_gmt":"2022-02-03T08:00:00","guid":{"rendered":"https:\/\/www.ikebanaflores.com.br\/blog\/?p=119"},"modified":"2026-03-16T15:29:39","modified_gmt":"2026-03-16T18:29:39","slug":"girassol-9","status":"publish","type":"post","link":"https:\/\/ikebanaflores.com.br\/blog\/girassol-9\/","title":{"rendered":"Girassol: caracter\u00edsticas e simbologia"},"content":{"rendered":"\n<p><\/p>\n\n\n\n<div style=\"height:20px\" aria-hidden=\"true\" class=\"wp-block-spacer\"><\/div>\n\n\n\n<p>Girassol, quem n\u00e3o se sente atra\u00eddo pela exuber\u00e2ncia, luminosidade e vibra\u00e7\u00e3o de um? <strong>Popularmente conhecido<\/strong> como a flor e o espelho do sol, a maior parte dos girass\u00f3is \u00e9 em cor amarela e a parte central em marrom escuro. <\/p>\n\n\n\n<p>Entretanto, \u00e9 poss\u00edvel encontrar variedades em tons de marrom avermelhado, com as p\u00e9talas listradas de branco, laranja e com a \u00e1rea central coloridas de amarelo e verde.<\/p>\n\n\n\n<div style=\"height:20px\" aria-hidden=\"true\" class=\"wp-block-spacer\"><\/div>\n\n\n\n<figure class=\"wp-block-image size-large\"><img decoding=\"async\" src=\"https:\/\/ikebanaflores.com.br\/blog\/wp-content\/uploads\/2022\/02\/sunflowers-g59c05700b_1920_Easy-Resize.com_-1024x682.jpg\" alt=\"flor-girassol\" class=\"wp-image-5857\"\/><\/figure>\n\n\n\n<div style=\"height:20px\" aria-hidden=\"true\" class=\"wp-block-spacer\"><\/div>\n\n\n\n<p>\u00c9 origin\u00e1rio da Am\u00e9rica do Norte. Segundo pesquisadores, come\u00e7ou a ser cultivado <strong>5 mil anos atr\u00e1s<\/strong>, aproximadamente. Sementes da esp\u00e9cie nativa foram levadas dos Estados Unidos para o continente europeu. <\/p>\n\n\n\n<p>Foi cultivado na R\u00fassia Czarista e retornou ao pa\u00eds de origem com os imigrantes russos. Da\u00ed, pela sua grandiosidade e colora\u00e7\u00f5es, conquistou a Europa e ganhou o mundo.<\/p>\n\n\n\n<p>Quer sabe mais sobre essa esp\u00e9cie maravilhosa? Continue a leitura deste post. Ele traz informa\u00e7\u00f5es sobre as suas caracter\u00edsticas, simbologia e sugest\u00f5es de como combin\u00e1-la com outras plantas.<\/p>\n\n\n\n<div style=\"height:32px\" aria-hidden=\"true\" class=\"wp-block-spacer\"><\/div>\n\n\n\n<div class=\"wp-block-image\"><figure class=\"aligncenter\"><a href=\"https:\/\/novonegocio.com.br\/rural\/plantacao-girassol\/\" target=\"_blank\" rel=\"noopener\"><img fetchpriority=\"high\" decoding=\"async\" width=\"960\" height=\"610\" src=\"https:\/\/ikebanaflores.com.br\/blog\/wp-content\/uploads\/2018\/07\/sunflower-3532368_960_720-1.jpg\" alt=\"\" class=\"wp-image-3332\" srcset=\"https:\/\/ikebanaflores.com.br\/blog\/wp-content\/uploads\/2018\/07\/sunflower-3532368_960_720-1.jpg 960w, https:\/\/ikebanaflores.com.br\/blog\/wp-content\/uploads\/2018\/07\/sunflower-3532368_960_720-1-300x191.jpg 300w, https:\/\/ikebanaflores.com.br\/blog\/wp-content\/uploads\/2018\/07\/sunflower-3532368_960_720-1-768x488.jpg 768w\" sizes=\"(max-width: 960px) 100vw, 960px\" \/><\/a><\/figure><\/div>\n\n\n\n<div style=\"height:37px\" aria-hidden=\"true\" class=\"wp-block-spacer\"><\/div>\n\n\n\n<h2 class=\"wp-block-heading\">Apaixone-se pela beleza da planta<\/h2>\n\n\n\n<div style=\"height:22px\" aria-hidden=\"true\" class=\"wp-block-spacer\"><\/div>\n\n\n\n<p>O caule do girassol pode chegar aos <strong>3 metros de altura<\/strong>. Suas flores possuem grandes infloresc\u00eancias do tipo cap\u00edtulo, ou seja, flores em um eixo que aumenta no seu extremo e constitui uma superf\u00edcie achatada.<\/p>\n\n\n\n<p>O tamanho dessas flores varia entre os 7 cm e os 30,5 cm na diagonal. Entre as muitas utilidades da planta, suas sementes s\u00e3o mat\u00e9ria-prima na fabrica\u00e7\u00e3o de <strong>\u00f3leo comest\u00edvel, biodiesel e na alimenta\u00e7\u00e3o de passarinhos<\/strong>. <\/p>\n\n\n\n<p>Tamb\u00e9m \u00e9 utilizada na produ\u00e7\u00e3o de <strong>sabonetes e lubrificantes<\/strong>. Al\u00e9m disso, a fibra do seu caule pode ser aplicada na manufatura de papel.<\/p>\n\n\n\n<div style=\"height:21px\" aria-hidden=\"true\" class=\"wp-block-spacer\"><\/div>\n\n\n\n<div class=\"wp-block-image\"><figure class=\"aligncenter\"><img decoding=\"async\" src=\"https:\/\/ikebanaflores.com.br\/blog\/wp-content\/uploads\/2018\/07\/como-cuidar-de-um-girassol-aprenda-aqui-1-1024x725.jpeg\" alt=\"\" class=\"wp-image-3330\"\/><\/figure><\/div>\n\n\n\n<div style=\"height:20px\" aria-hidden=\"true\" class=\"wp-block-spacer\"><\/div>\n\n\n\n<p><strong>E por que o girassol se movimenta conforme o sol?<\/strong> O crescimento do caule do girassol \u00e9 estimulado \u00e0 a\u00e7\u00e3o da luz. <\/p>\n\n\n\n<p>Logo pela manh\u00e3, o lado escuro acrescenta auxina, um horm\u00f4nio que regula o crescimento vegetal, e a parte sombreada cresce mais, deixando a flor quase perpendicular ao sol. A esse comportamento d\u00e1-se o nome de heliotropismo.<\/p>\n\n\n\n<div style=\"height:25px\" aria-hidden=\"true\" class=\"wp-block-spacer\"><\/div>\n\n\n\n<h2 class=\"wp-block-heading\">Envolva-se na simbologia do girassol<\/h2>\n\n\n\n<div style=\"height:22px\" aria-hidden=\"true\" class=\"wp-block-spacer\"><\/div>\n\n\n\n<p>Inspirados na simbologia dessa flor de rara beleza, Vin\u00edcius de Moraes e Toquinho compuseram belos versos em forma de can\u00e7\u00e3o: \u201c<strong>gira, gira, gira Girassol\/Redondinho como o c\u00e9u\/Marelinho como o sol<\/strong>\u201d.<\/p>\n\n\n\n<p>Conforme a <strong>mitologia grega<\/strong>, o girassol era uma ninfa, Cl\u00edcie, que se apaixonou por H\u00e9lio, o Deus do Sol. Ele a trocou por outra e a ninfa, desiludida, deixou de comer e beber, ingerindo apenas as suas l\u00e1grimas.<\/p>\n\n\n\n<p>Durante o dia s\u00f3 olhava para o sol enquanto ele estava no c\u00e9u. \u00c0 noite, olhava para o ch\u00e3o e se derramava em prantos. Com o tempo, seus p\u00e9s se transformaram em ra\u00edzes e seu rosto em flor.<\/p>\n\n\n\n<p><strong>Da mitologia para a simbologia<\/strong>: o girassol \u00e9 a representa\u00e7\u00e3o da luz do sol, da energia e alegria de viver. Est\u00e1 associado ao sucesso, \u00e0 longevidade, calor, fama e poder.<\/p>\n\n\n\n<div style=\"height:27px\" aria-hidden=\"true\" class=\"wp-block-spacer\"><\/div>\n\n\n\n<figure class=\"wp-block-image size-large\"><img decoding=\"async\" src=\"https:\/\/ikebanaflores.com.br\/blog\/wp-content\/uploads\/2022\/02\/pexels-jennifer-moore-963060_Easy-Resize.com-1-1024x662.jpg\" alt=\"girassol\" class=\"wp-image-5856\"\/><\/figure>\n\n\n\n<div style=\"height:20px\" aria-hidden=\"true\" class=\"wp-block-spacer\"><\/div>\n\n\n\n<p><strong>Decorar ambientes<\/strong> com arranjos dessa flor significa trazer vibra\u00e7\u00f5es positivas e muita sorte aos locais que ela enfeita. Presentear uma pessoa com <a href=\"https:\/\/ikebanaflores.com.br\/blog\/buque-de-girassol\/\" target=\"_blank\" rel=\"noreferrer noopener\" aria-label=\"um buqu\u00ea em que a planta faz parte (abre numa nova aba)\">um buqu\u00ea em que a planta faz parte<\/a> \u00e9 desejar sucesso, prosperidade e coragem.<\/p>\n\n\n\n<div style=\"height:20px\" aria-hidden=\"true\" class=\"wp-block-spacer\"><\/div>\n\n\n\n<h2 class=\"wp-block-heading\"><strong>Combine o girassol com outras esp\u00e9cies<\/strong><\/h2>\n\n\n\n<div style=\"height:20px\" aria-hidden=\"true\" class=\"wp-block-spacer\"><\/div>\n\n\n\n<p><br>Usar a criatividade e o bom gosto para combinar as flores do girassol com outras plantas, como as silvestres, por exemplo, \u00e9 criar efeitos elegantes e harmoniosos e acrescentar personalidade \u00e0 decora\u00e7\u00e3o dos espa\u00e7os e aos buqu\u00eas.<\/p>\n\n\n\n<p>Experimente composi\u00e7\u00f5es com g\u00e9rberas, margaridas, cris\u00e2ntemos, cravinas, mandibas, boca de le\u00e3o, entre outras. Funciona muito bem nas m\u00e3os de uma noiva ou sobre as mesas de uma recep\u00e7\u00e3o, como um encantado jardim em miniatura repleto de magia da natureza.<\/p>\n\n\n\n<div style=\"height:20px\" aria-hidden=\"true\" class=\"wp-block-spacer\"><\/div>\n\n\n\n<figure class=\"wp-block-image size-large\"><img decoding=\"async\" src=\"https:\/\/ikebanaflores.com.br\/blog\/wp-content\/uploads\/2022\/02\/pexels-david-dibert-1229023_Easy-Resize.com_-1024x682.jpg\" alt=\"girassol\" class=\"wp-image-5858\"\/><\/figure>\n\n\n\n<div style=\"height:20px\" aria-hidden=\"true\" class=\"wp-block-spacer\"><\/div>\n\n\n\n<p>A exuber\u00e2ncia, a grandeza e a energia do girassol chamam a aten\u00e7\u00e3o de quem \u00e9 apaixonado por flores e faz delas um mimo para os amigos e as pessoas que ama. <\/p>\n\n\n\n<p>Tamb\u00e9m \u00e9 ideal para quem curte decorar sua resid\u00eancia, local de trabalho ou outros ambientes com muita cor e \u00f3timas vibra\u00e7\u00f5es.<\/p>\n\n\n\n<div style=\"height:24px\" aria-hidden=\"true\" class=\"wp-block-spacer\"><\/div>\n\n\n\n<p>Sabia desses detalhes sobre o girassol? Que tal compartilhar esse colorido e essa \u201cluz\u201d com os amigos em suas redes sociais?<\/p>\n","protected":false},"excerpt":{"rendered":"<p>Girassol, o espelho do sol. Confira informa\u00e7\u00f5es sobre as suas caracter\u00edsticas, simbologia e sugest\u00f5es de como combin\u00e1-la com outras plantas.<\/p>\n","protected":false},"author":5,"featured_media":5640,"comment_status":"open","ping_status":"open","sticky":false,"template":"","format":"standard","meta":{"_acf_changed":false,"footnotes":""},"categories":[98,102],"tags":[126,236],"class_list":["post-119","post","type-post","status-publish","format-standard","has-post-thumbnail","hentry","category-flores-de-presente","category-plantas-em-vasos-dicas","tag-arranjos-de-girassol","tag-girassol"],"acf":[],"_links":{"self":[{"href":"https:\/\/ikebanaflores.com.br\/blog\/wp-json\/wp\/v2\/posts\/119","targetHints":{"allow":["GET"]}}],"collection":[{"href":"https:\/\/ikebanaflores.com.br\/blog\/wp-json\/wp\/v2\/posts"}],"about":[{"href":"https:\/\/ikebanaflores.com.br\/blog\/wp-json\/wp\/v2\/types\/post"}],"author":[{"embeddable":true,"href":"https:\/\/ikebanaflores.com.br\/blog\/wp-json\/wp\/v2\/users\/5"}],"replies":[{"embeddable":true,"href":"https:\/\/ikebanaflores.com.br\/blog\/wp-json\/wp\/v2\/comments?post=119"}],"version-history":[{"count":1,"href":"https:\/\/ikebanaflores.com.br\/blog\/wp-json\/wp\/v2\/posts\/119\/revisions"}],"predecessor-version":[{"id":5641,"href":"https:\/\/ikebanaflores.com.br\/blog\/wp-json\/wp\/v2\/posts\/119\/revisions\/5641"}],"wp:featuredmedia":[{"embeddable":true,"href":"https:\/\/ikebanaflores.com.br\/blog\/wp-json\/wp\/v2\/media\/5640"}],"wp:attachment":[{"href":"https:\/\/ikebanaflores.com.br\/blog\/wp-json\/wp\/v2\/media?parent=119"}],"wp:term":[{"taxonomy":"category","embeddable":true,"href":"https:\/\/ikebanaflores.com.br\/blog\/wp-json\/wp\/v2\/categories?post=119"},{"taxonomy":"post_tag","embeddable":true,"href":"https:\/\/ikebanaflores.com.br\/blog\/wp-json\/wp\/v2\/tags?post=119"}],"curies":[{"name":"wp","href":"https:\/\/api.w.org\/{rel}","templated":true}]}}