{"id":157,"date":"2011-11-15T16:50:13","date_gmt":"2011-11-15T16:50:13","guid":{"rendered":"https:\/\/www.ikebanaflores.com.br\/blog\/?p=157"},"modified":"2026-03-16T17:08:48","modified_gmt":"2026-03-16T20:08:48","slug":"sandy-e-andrea-bocelli-em-bh","status":"publish","type":"post","link":"https:\/\/ikebanaflores.com.br\/blog\/sandy-e-andrea-bocelli-em-bh\/","title":{"rendered":"Sandy e Andrea Bocelli em BH"},"content":{"rendered":"<p>A Fiat festejou 35 anos de sua instala\u00e7\u00e3o no Brasil em grande estilo, com o show do tenor italiano Andrea Bocelli em Belo Horizonte, na Pra\u00e7a da Esta\u00e7\u00e3o.<br \/>\n<a href=\"http:\/\/ikebanaflores.com.br\/blog\/wp-content\/uploads\/2011\/11\/600x450_a277057a00757617ed8a3e2498319388.jpg\"><img fetchpriority=\"high\" decoding=\"async\" class=\"aligncenter size-medium wp-image-158\" title=\"600x450_a277057a00757617ed8a3e2498319388\" src=\"http:\/\/ikebanaflores.com.br\/blog\/wp-content\/uploads\/2011\/11\/600x450_a277057a00757617ed8a3e2498319388-300x225.jpg\" alt=\"\" width=\"300\" height=\"225\" \/><\/a><br \/>\nA apresenta\u00e7\u00e3o contou com a participa\u00e7\u00e3o da cantora Sandy, relembrando o sucesso do dueto na can\u00e7\u00e3o \u201cVivo por Ela\u201d.<br \/>\n&nbsp;<br \/>\n<a href=\"http:\/\/ikebanaflores.com.br\/blog\/wp-content\/uploads\/2011\/11\/600x450_f5f43572c0eb0359129d89680412931d.jpg\"><img decoding=\"async\" class=\"aligncenter size-medium wp-image-159\" title=\"600x450_f5f43572c0eb0359129d89680412931d\" src=\"http:\/\/ikebanaflores.com.br\/blog\/wp-content\/uploads\/2011\/11\/600x450_f5f43572c0eb0359129d89680412931d-300x225.jpg\" alt=\"\" width=\"300\" height=\"225\" srcset=\"https:\/\/ikebanaflores.com.br\/blog\/wp-content\/uploads\/2011\/11\/600x450_f5f43572c0eb0359129d89680412931d-300x225.jpg 300w, https:\/\/ikebanaflores.com.br\/blog\/wp-content\/uploads\/2011\/11\/600x450_f5f43572c0eb0359129d89680412931d.jpg 600w\" sizes=\"(max-width: 300px) 100vw, 300px\" \/><\/a><br \/>\nAp\u00f3s o show, os artistas receberam um bouquet de rosas vermelhas como forma de agradecimento,\u00a0o mesmo foi encomendado a Ikebana Flores pela credibilidade em presentear cantores ilustres.<br \/>\n&nbsp;<br \/>\n<span style=\"color: #ff6600;\"><strong>Confira mais op\u00e7\u00f5es de <a href=\"http:\/\/ikebanaflores.com.br\/blog\/bouquets-de-flores.html\"><span style=\"color: #ff6600;\">bouquet\u00a0de flores <\/span><\/a>\u00a0em nossa loja virtual:<\/strong><\/span><br \/>\n<a href=\"http:\/\/ikebanaflores.com.br\/blog\/bouquets-de-flores.html\">http:\/\/ikebanaflores.com.br\/blog\/bouquets-de-flores.html<\/a><br \/>\n&nbsp;<\/p>\n","protected":false},"excerpt":{"rendered":"<p>A Fiat festejou 35 anos de sua instala\u00e7\u00e3o no Brasil em grande estilo, com o show do tenor italiano Andrea Bocelli em Belo Horizonte, na Pra\u00e7a da Esta\u00e7\u00e3o. A apresenta\u00e7\u00e3o contou com a participa\u00e7\u00e3o da cantora Sandy, relembrando o sucesso do dueto na can\u00e7\u00e3o \u201cVivo por Ela\u201d. &nbsp; Ap\u00f3s o show, os artistas receberam um [&hellip;]<\/p>\n","protected":false},"author":5,"featured_media":0,"comment_status":"open","ping_status":"open","sticky":false,"template":"","format":"standard","meta":{"_acf_changed":false,"footnotes":""},"categories":[104],"tags":[],"class_list":["post-157","post","type-post","status-publish","format-standard","hentry","category-sem-categoria"],"acf":[],"_links":{"self":[{"href":"https:\/\/ikebanaflores.com.br\/blog\/wp-json\/wp\/v2\/posts\/157","targetHints":{"allow":["GET"]}}],"collection":[{"href":"https:\/\/ikebanaflores.com.br\/blog\/wp-json\/wp\/v2\/posts"}],"about":[{"href":"https:\/\/ikebanaflores.com.br\/blog\/wp-json\/wp\/v2\/types\/post"}],"author":[{"embeddable":true,"href":"https:\/\/ikebanaflores.com.br\/blog\/wp-json\/wp\/v2\/users\/5"}],"replies":[{"embeddable":true,"href":"https:\/\/ikebanaflores.com.br\/blog\/wp-json\/wp\/v2\/comments?post=157"}],"version-history":[{"count":1,"href":"https:\/\/ikebanaflores.com.br\/blog\/wp-json\/wp\/v2\/posts\/157\/revisions"}],"predecessor-version":[{"id":7230,"href":"https:\/\/ikebanaflores.com.br\/blog\/wp-json\/wp\/v2\/posts\/157\/revisions\/7230"}],"wp:attachment":[{"href":"https:\/\/ikebanaflores.com.br\/blog\/wp-json\/wp\/v2\/media?parent=157"}],"wp:term":[{"taxonomy":"category","embeddable":true,"href":"https:\/\/ikebanaflores.com.br\/blog\/wp-json\/wp\/v2\/categories?post=157"},{"taxonomy":"post_tag","embeddable":true,"href":"https:\/\/ikebanaflores.com.br\/blog\/wp-json\/wp\/v2\/tags?post=157"}],"curies":[{"name":"wp","href":"https:\/\/api.w.org\/{rel}","templated":true}]}}