{"id":2445,"date":"2016-11-22T18:43:22","date_gmt":"2016-11-22T18:43:22","guid":{"rendered":"https:\/\/www.ikebanaflores.com.br\/blog\/?p=2445"},"modified":"2026-03-16T16:43:59","modified_gmt":"2026-03-16T19:43:59","slug":"plante-uma-arvore-concluira-mais-uma-etapa-dos-plantios-dia-26112016","status":"publish","type":"post","link":"https:\/\/ikebanaflores.com.br\/blog\/plante-uma-arvore-concluira-mais-uma-etapa-dos-plantios-dia-26112016\/","title":{"rendered":"Plante Uma \u00c1rvore concluir\u00e1 mais uma etapa dos plantios, dia 26\/11\/2016"},"content":{"rendered":"<p>26 de novembro de 2016, data escolhida para a conclus\u00e3o de mais uma etapa da campanha \u201cPlante Uma \u00c1rvore\u201d, que ser\u00e1 realizada em<span style=\"color: #ff6600;\"> <a style=\"color: #ff6600;\" href=\"https:\/\/www.google.com.br\/maps\/place\/Cachoeira+do+Mingu\/@-20.0618198,-43.7603048,245m\/data=!3m1!1e3!4m13!1m7!3m6!1s0x0:0x2304db16e2abc9a6!2sCachoeira+do+Sol!3b1!8m2!3d-20.0630262!4d-43.7229252!3m4!1s0x0:0x9bbbffd14e15f06f!8m2!3d-20.0619126!4d-43.7594166?hl=pt-BR&amp;authuser=0\" target=\"_blank\" rel=\"noopener\">Rio Acima \u2013 MG, na cachoeira do Mingu<\/a><\/span>, com uma \u00e1rea de aproximadamente 200 M\u00b2.<\/p>\n<p style=\"text-align: right;\">&nbsp; &nbsp; &nbsp; &nbsp; &nbsp; &nbsp; &nbsp; &nbsp; &nbsp; &nbsp; &nbsp; &nbsp; &nbsp; &nbsp; &nbsp; &nbsp; &nbsp; &nbsp; &nbsp; &nbsp; &nbsp; &nbsp; &nbsp; &nbsp; &nbsp; &nbsp; &nbsp; &nbsp; &nbsp; &nbsp; &nbsp; &nbsp; &nbsp; &nbsp; &nbsp; &nbsp; <em>&nbsp; &nbsp; &nbsp; \u201cSegundo o idealizador dos plantios,<\/em><br \/>\n<em> <a href=\"http:\/\/ikebanaflores.com.br\/blog\/wp-content\/uploads\/2014\/09\/SERRA-DOS-MASCATES.jpg\"><img decoding=\"async\" class=\"alignleft  wp-image-2234\" src=\"http:\/\/ikebanaflores.com.br\/blog\/wp-content\/uploads\/2014\/09\/SERRA-DOS-MASCATES-300x225.jpg\" alt=\"SERRA DOS MASCATES\" width=\"225\" height=\"169\"><\/a>&nbsp; Alexandre Antunes Tonetti, a recupera\u00e7\u00e3o da<\/em><br \/>\n<em> mata ciliar, associada \u00e0 recupera\u00e7\u00e3o do leito do rio,<\/em><br \/>\n<em> tem significativa import\u00e2ncia para o entorno,<\/em><br \/>\n<em> onde n\u00e3o h\u00e1 cobertura vegetal\u201d.<\/em><\/p>\n<p>150 mudas nativas do cerrado ser\u00e3o plantadas em um dos biomas caracter\u00edsticos dessa regi\u00e3o, com ajuda de 15 volunt\u00e1rios. Al\u00e9m dos plantios, os volunt\u00e1rios far\u00e3o uma limpeza do local, para a retirada de lixos.<a href=\"http:\/\/ikebanaflores.com.br\/blog\/wp-content\/uploads\/2013\/10\/cintia-497_capa1.jpg\"><img fetchpriority=\"high\" decoding=\"async\" class=\" size-medium wp-image-2040 alignright\" src=\"http:\/\/ikebanaflores.com.br\/blog\/wp-content\/uploads\/2013\/10\/cintia-497_capa1-300x225.jpg\" alt=\"cintia 497_capa\" width=\"300\" height=\"225\"><\/a><br \/>\nAs mudas a serem plantadas s\u00e3o caracter\u00edsticas do cerrado: Candeia, Ip\u00ea Branco, Ip\u00ea Crioulo, Ip\u00ea Amarelo, Mogno, Jacarand\u00e1, Sucupira, Aroeira, Peroba, Jequitib\u00e1, entre outras, apropriadas para margens de riachos, com altura de 60 cm, que ser\u00e3o plantadas somente em \u00e1reas devastadas, distantes do leito das nascentes, para n\u00e3o descaracterizar o bioma end\u00eamico.<br \/>\nConsciente do seu papel em rela\u00e7\u00e3o \u00e0 sustentabilidade, a Floricultura Ikebana Flores est\u00e1 disseminando a campanha Plante Uma \u00c1rvore, em prol da Serra do Gandarela.<\/p>\n<p style=\"text-align: right;\">&nbsp;&nbsp;Por&nbsp;<a class=\"profileLink\" href=\"https:\/\/www.facebook.com\/thais.alessandra1\" data-hovercard=\"\/ajax\/hovercard\/user.php?id=100000371355193\" target=\"_blank\" rel=\"noopener\">Thais Alessandra<\/a>&nbsp;do&nbsp;<a class=\"profileLink\" href=\"http:\/\/cirandacomunicacaoemarketing.blogspot.com.br\/\" target=\"_blank\" data-hovercard=\"\/ajax\/hovercard\/user.php?id=100002340615273\" rel=\"noopener\">Coletivo Cirandar<\/a><\/p>\n","protected":false},"excerpt":{"rendered":"<p>26 de novembro de 2016, data escolhida para a conclus\u00e3o de mais uma etapa da campanha \u201cPlante Uma \u00c1rvore\u201d, que ser\u00e1 realizada em Rio Acima \u2013 MG, na cachoeira do Mingu, com uma \u00e1rea de aproximadamente 200 M\u00b2. &nbsp; &nbsp; &nbsp; &nbsp; &nbsp; &nbsp; &nbsp; &nbsp; &nbsp; &nbsp; &nbsp; &nbsp; &nbsp; &nbsp; &nbsp; &nbsp; &nbsp; [&hellip;]<\/p>\n","protected":false},"author":5,"featured_media":6119,"comment_status":"open","ping_status":"open","sticky":false,"template":"","format":"standard","meta":{"_acf_changed":false,"footnotes":""},"categories":[89],"tags":[138,208,263,308,334,342],"class_list":["post-2445","post","type-post","status-publish","format-standard","has-post-thumbnail","hentry","category-campanha-ikebana-flores","tag-bioma-nativo","tag-ecologia","tag-meio-ambiente","tag-plantio-de-muda-nativas","tag-serra-do-gandarela","tag-sustentabilidade"],"acf":[],"_links":{"self":[{"href":"https:\/\/ikebanaflores.com.br\/blog\/wp-json\/wp\/v2\/posts\/2445","targetHints":{"allow":["GET"]}}],"collection":[{"href":"https:\/\/ikebanaflores.com.br\/blog\/wp-json\/wp\/v2\/posts"}],"about":[{"href":"https:\/\/ikebanaflores.com.br\/blog\/wp-json\/wp\/v2\/types\/post"}],"author":[{"embeddable":true,"href":"https:\/\/ikebanaflores.com.br\/blog\/wp-json\/wp\/v2\/users\/5"}],"replies":[{"embeddable":true,"href":"https:\/\/ikebanaflores.com.br\/blog\/wp-json\/wp\/v2\/comments?post=2445"}],"version-history":[{"count":1,"href":"https:\/\/ikebanaflores.com.br\/blog\/wp-json\/wp\/v2\/posts\/2445\/revisions"}],"predecessor-version":[{"id":6120,"href":"https:\/\/ikebanaflores.com.br\/blog\/wp-json\/wp\/v2\/posts\/2445\/revisions\/6120"}],"wp:featuredmedia":[{"embeddable":true,"href":"https:\/\/ikebanaflores.com.br\/blog\/wp-json\/wp\/v2\/media\/6119"}],"wp:attachment":[{"href":"https:\/\/ikebanaflores.com.br\/blog\/wp-json\/wp\/v2\/media?parent=2445"}],"wp:term":[{"taxonomy":"category","embeddable":true,"href":"https:\/\/ikebanaflores.com.br\/blog\/wp-json\/wp\/v2\/categories?post=2445"},{"taxonomy":"post_tag","embeddable":true,"href":"https:\/\/ikebanaflores.com.br\/blog\/wp-json\/wp\/v2\/tags?post=2445"}],"curies":[{"name":"wp","href":"https:\/\/api.w.org\/{rel}","templated":true}]}}