{"id":2919,"date":"2022-02-10T09:00:00","date_gmt":"2022-02-10T09:00:00","guid":{"rendered":"https:\/\/www.ikebanaflores.com.br\/blog\/?p=2919"},"modified":"2026-03-16T15:29:38","modified_gmt":"2026-03-16T18:29:38","slug":"valentines-day-e-dia-dos-namorados","status":"publish","type":"post","link":"https:\/\/ikebanaflores.com.br\/blog\/valentines-day-e-dia-dos-namorados\/","title":{"rendered":"Valentine&#8217;s Day e Dia dos Namorados: entenda as diferen\u00e7as"},"content":{"rendered":"\n<div class=\"wp-block-image\"><figure class=\"aligncenter\"><img fetchpriority=\"high\" decoding=\"async\" width=\"1000\" height=\"667\" src=\"https:\/\/ikebanaflores.com.br\/blog\/wp-content\/uploads\/2017\/12\/valentines-day-e-dia-dos-namorados-entenda-as-diferencas-1.jpeg\" alt=\"Valentine's Day e Dia dos Namorados\" class=\"wp-image-2921\" srcset=\"https:\/\/ikebanaflores.com.br\/blog\/wp-content\/uploads\/2017\/12\/valentines-day-e-dia-dos-namorados-entenda-as-diferencas-1.jpeg 1000w, https:\/\/ikebanaflores.com.br\/blog\/wp-content\/uploads\/2017\/12\/valentines-day-e-dia-dos-namorados-entenda-as-diferencas-1-300x200.jpeg 300w, https:\/\/ikebanaflores.com.br\/blog\/wp-content\/uploads\/2017\/12\/valentines-day-e-dia-dos-namorados-entenda-as-diferencas-1-768x512.jpeg 768w\" sizes=\"(max-width: 1000px) 100vw, 1000px\" \/><\/figure><\/div>\n\n\n\n<div style=\"height:26px\" aria-hidden=\"true\" class=\"wp-block-spacer\"><\/div>\n\n\n\n<p>Valentine&#8217;s Day e Dia dos Namorados: qual a diferen\u00e7a? Enquanto no Brasil os casais celebram o amor em 12 de junho, o Dia dos Namorados nos Estados Unidos acontece em&nbsp;14 de fevereiro. Esta data especial tamb\u00e9m tem outro nome por&nbsp;l\u00e1:&nbsp;Valentine&#8217;s Day.<\/p>\n\n\n\n<p>Mas, voc\u00ea j\u00e1 sabe por que o Brasil seguiu a contram\u00e3o e comemora a ocasi\u00e3o somente em junho? Conhece a diferen\u00e7a entre Valentine&#8217;s Day e Dia dos Namorados? Descubra a resposta para essas perguntas&nbsp;no post de hoje!<\/p>\n\n\n\n<div style=\"height:21px\" aria-hidden=\"true\" class=\"wp-block-spacer\"><\/div>\n\n\n\n<h2 class=\"wp-block-heading\"><a href=\"https:\/\/ikebanaflores.com.br\/blog\/ocasioes\/valentine-s-day\" target=\"_blank\" rel=\"noreferrer noopener\" aria-label=\" (abre numa nova aba)\"><strong>Presentes<\/strong><\/a><\/h2>\n\n\n\n<div style=\"height:20px\" aria-hidden=\"true\" class=\"wp-block-spacer\"><\/div>\n\n\n\n<p>Enquanto o Dia dos namorados \u00e9 direcionado apenas para os amores. Valetine&#8217;s day \u00e9 para todas as pessoas especiais, amizades, fam\u00edlia e amores.<\/p>\n\n\n\n<p>As <a rel=\"noreferrer noopener\" aria-label=\" (abre numa nova aba)\" href=\"https:\/\/ikebanaflores.com.br\/blog\/ocasioes\/valentine-s-day\" target=\"_blank\">flores<\/a> e cartas est\u00e3o entre os presentes de Valetine&#8217;s Day mais prestigiados \u2014 e n\u00e3o \u00e9 \u00e0&nbsp;toa. Al\u00e9m de serem extremamente valorizados, tamb\u00e9m podem agradar a todos os estilos de companheiros, amigo ou namorado. Basta escolher o arranjo que mais combine!<\/p>\n\n\n\n<p>Se a pessoa for alegre e iluminada, o <a href=\"https:\/\/ikebanaflores.com.br\/blog\/mix-de-emocoes\" target=\"_blank\" rel=\"noreferrer noopener\" aria-label=\" (abre numa nova aba)\">arranjo de flores nobres<\/a> variadas \u00e9 o ideal para ela.<\/p>\n\n\n\n<div style=\"height:20px\" aria-hidden=\"true\" class=\"wp-block-spacer\"><\/div>\n\n\n\n<figure class=\"wp-block-image\"><a href=\"https:\/\/ikebanaflores.com.br\/blog\/mix-de-emocoes\"><img decoding=\"async\" width=\"1024\" height=\"1024\" src=\"https:\/\/ikebanaflores.com.br\/blog\/wp-content\/uploads\/2017\/12\/IMG_0115_Easy-Resize.com_-1-1024x1024.jpg\" alt=\"Dia dos Namorados\" class=\"wp-image-3800\" srcset=\"https:\/\/ikebanaflores.com.br\/blog\/wp-content\/uploads\/2017\/12\/IMG_0115_Easy-Resize.com_-1-1024x1024.jpg 1024w, https:\/\/ikebanaflores.com.br\/blog\/wp-content\/uploads\/2017\/12\/IMG_0115_Easy-Resize.com_-1-300x300.jpg 300w, https:\/\/ikebanaflores.com.br\/blog\/wp-content\/uploads\/2017\/12\/IMG_0115_Easy-Resize.com_-1-150x150.jpg 150w, https:\/\/ikebanaflores.com.br\/blog\/wp-content\/uploads\/2017\/12\/IMG_0115_Easy-Resize.com_-1-768x768.jpg 768w, https:\/\/ikebanaflores.com.br\/blog\/wp-content\/uploads\/2017\/12\/IMG_0115_Easy-Resize.com_-1-500x500.jpg 500w, https:\/\/ikebanaflores.com.br\/blog\/wp-content\/uploads\/2017\/12\/IMG_0115_Easy-Resize.com_-1.jpg 1280w\" sizes=\"(max-width: 1024px) 100vw, 1024px\" \/><\/a><\/figure>\n\n\n\n<div style=\"height:20px\" aria-hidden=\"true\" class=\"wp-block-spacer\"><\/div>\n\n\n\n<p>J\u00e1 se for uma amiga que \u00e9 uma rom\u00e2ntica incorrig\u00edvel s\u00f3 enviar um buqu\u00ea de <a rel=\"noreferrer noopener\" aria-label=\" (abre numa nova aba)\" href=\"https:\/\/ikebanaflores.com.br\/blog\/bouquets-de-flores\/buques-de-rosas\" target=\"_blank\">rosas vermelhas<\/a> para dar aquele clique no Instagram.<\/p>\n\n\n\n<div style=\"height:20px\" aria-hidden=\"true\" class=\"wp-block-spacer\"><\/div>\n\n\n\n<div class=\"wp-block-image\"><figure class=\"aligncenter\"><a href=\"https:\/\/ikebanaflores.com.br\/blog\/caixa-imperial\"><img decoding=\"async\" width=\"1024\" height=\"683\" src=\"https:\/\/ikebanaflores.com.br\/blog\/wp-content\/uploads\/2011\/11\/IMG_9435-1024x683.jpg\" alt=\"Valentine's Day e Dia dos Namorados\" class=\"wp-image-3758\" srcset=\"https:\/\/ikebanaflores.com.br\/blog\/wp-content\/uploads\/2011\/11\/IMG_9435-1024x683.jpg 1024w, https:\/\/ikebanaflores.com.br\/blog\/wp-content\/uploads\/2011\/11\/IMG_9435-300x200.jpg 300w, https:\/\/ikebanaflores.com.br\/blog\/wp-content\/uploads\/2011\/11\/IMG_9435-768x512.jpg 768w, https:\/\/ikebanaflores.com.br\/blog\/wp-content\/uploads\/2011\/11\/IMG_9435-1536x1024.jpg 1536w, https:\/\/ikebanaflores.com.br\/blog\/wp-content\/uploads\/2011\/11\/IMG_9435-2048x1365.jpg 2048w\" sizes=\"(max-width: 1024px) 100vw, 1024px\" \/><\/a><\/figure><\/div>\n\n\n\n<div style=\"height:20px\" aria-hidden=\"true\" class=\"wp-block-spacer\"><\/div>\n\n\n\n<h2 class=\"wp-block-heading\">Dia de S\u00e3o Valentim: a data<\/h2>\n\n\n\n<div style=\"height:20px\" aria-hidden=\"true\" class=\"wp-block-spacer\"><\/div>\n\n\n\n<p>O <a href=\"https:\/\/ikebanaflores.com.br\/blog\/valentine-s-day\" target=\"_blank\" rel=\"noreferrer noopener\" aria-label=\" (abre numa nova aba)\">Valentine\u2019s Day<\/a> recebe este nome em homenagem a um santo chamado S\u00e3o Valentim, sendo 14 de fevereiro a data escolhida para reconhecer o&nbsp;anivers\u00e1rio de sua morte. Isso porque ele tem uma hist\u00f3ria muito bonita, o que gerou a tradi\u00e7\u00e3o de homenagear as pessoas amadas durante esse dia.<\/p>\n\n\n\n<p>A celebra\u00e7\u00e3o foi estabelecida pelo Papa Gelasius I no ano de 496. No entanto,&nbsp;ela come\u00e7ou a ser associada ao amor rom\u00e2ntico apenas a partir da idade m\u00e9dia. Segundo a tradi\u00e7\u00e3o, trata-se de um dia para os amantes demonstrarem o seu amor com <a href=\"https:\/\/ikebanaflores.com.br\/blog\/sugestoes-de-presentes-para-mulheres\/\" target=\"_blank\" rel=\"noreferrer noopener\" aria-label=\" (abre numa nova aba)\">presentes<\/a> e cart\u00f5es.<\/p>\n\n\n\n<div style=\"height:20px\" aria-hidden=\"true\" class=\"wp-block-spacer\"><\/div>\n\n\n\n<h2 class=\"wp-block-heading\">Um santo apaixonado<\/h2>\n\n\n\n<div style=\"height:20px\" aria-hidden=\"true\" class=\"wp-block-spacer\"><\/div>\n\n\n\n<p>Segundo a lenda, <a rel=\"noreferrer noopener\" aria-label=\"S\u00e3o Valentim foi um m\u00e1rtir que viveu durante a persegui\u00e7\u00e3o ao cristianismo (abre numa nova aba)\" href=\"https:\/\/revistagalileu.globo.com\/Sociedade\/Historia\/noticia\/2020\/02\/quem-foi-sao-valentim-o-bispo-inspirou-o-dia-dos-namorados-no-exterior.html\" target=\"_blank\">S\u00e3o Valentim foi um m\u00e1rtir que viveu durante a persegui\u00e7\u00e3o ao <\/a><a href=\"https:\/\/revistagalileu.globo.com\/Sociedade\/Historia\/noticia\/2020\/02\/quem-foi-sao-valentim-o-bispo-inspirou-o-dia-dos-namorados-no-exterior.html\" target=\"_blank\" rel=\"noreferrer noopener\" aria-label=\"S\u00e3o Valentim foi um m\u00e1rtir que viveu durante a persegui\u00e7\u00e3o ao cristianismo (abre numa nova aba)\">C<\/a><a rel=\"noreferrer noopener\" aria-label=\"S\u00e3o Valentim foi um m\u00e1rtir que viveu durante a persegui\u00e7\u00e3o ao cristianismo (abre numa nova aba)\" href=\"https:\/\/revistagalileu.globo.com\/Sociedade\/Historia\/noticia\/2020\/02\/quem-foi-sao-valentim-o-bispo-inspirou-o-dia-dos-namorados-no-exterior.html\" target=\"_blank\">ristianismo<\/a>. No tempo em que esteve trancafiado, ele teria&nbsp;vivido um romance secreto com uma bela jovem, que era filha do carcereiro.<\/p>\n\n\n\n<p>Um pouco antes de sua morte, ele escreveu uma carta para sua amada com a assinatura \u201cdo seu Valentim\u201d. Essa mensagem foi o primeiro cart\u00e3o do dia dos namorados!<\/p>\n\n\n\n<p>H\u00e1 uma segunda vers\u00e3o em que o santo foi contra uma proibi\u00e7\u00e3o do imperador Claudius II. O tirano acreditava que os rapazes solteiros e sem filhos seriam melhores soldados para lutar durante as guerras.<\/p>\n\n\n\n<div style=\"height:20px\" aria-hidden=\"true\" class=\"wp-block-spacer\"><\/div>\n\n\n\n<figure class=\"wp-block-image size-large\"><img decoding=\"async\" src=\"https:\/\/ikebanaflores.com.br\/blog\/wp-content\/uploads\/2022\/02\/pexels-asad-photo-maldives-1024960_Easy-Resize.com_-1024x682.jpg\" alt=\"dia dos namorados\" class=\"wp-image-5868\"\/><\/figure>\n\n\n\n<div style=\"height:21px\" aria-hidden=\"true\" class=\"wp-block-spacer\"><\/div>\n\n\n\n<p>Claudius estava t\u00e3o convicto de sua posi\u00e7\u00e3o que chegou a proibir o casamento. No entanto, S\u00e3o Valentim continuou celebrando as uni\u00f5es em segredo. Sendo descoberto, foi preso e sentenciado \u00e0 morte. No&nbsp;per\u00edodo em que passou na pris\u00e3o, teria ocorrido sua paix\u00e3o pela filha do homem que vigiava a cela.<\/p>\n\n\n\n<p>As lendas t\u00eam em comum a ideia de um santo que lutava pelo amor. Por esse motivo, a data escolhida para homenage\u00e1-lo&nbsp;\u00e9 dedicada&nbsp;aos apaixonados.<\/p>\n\n\n\n<div style=\"height:20px\" aria-hidden=\"true\" class=\"wp-block-spacer\"><\/div>\n\n\n\n<h2 class=\"wp-block-heading\">Um dia n\u00e3o t\u00e3o rom\u00e2ntico no Brasil<\/h2>\n\n\n\n<div style=\"height:20px\" aria-hidden=\"true\" class=\"wp-block-spacer\"><\/div>\n\n\n\n<p>No Brasil, a data foi escolhida de uma forma nada rom\u00e2ntica. O dono de uma ag\u00eancia de publicidade foi contratado para alavancar as vendas em uma loja durante o m\u00eas de menos lucro: esse m\u00eas era nada mais nada menos que junho.<\/p>\n\n\n\n<p>Dessa forma, foi definido 12 de junho como o Dia dos Namorados, com inspira\u00e7\u00e3o no Valentine\u2019s Day norte-americano. A data foi escolhida por ser a v\u00e9spera do dia de Santo Ant\u00f4nio, o \u201csanto casamenteiro\u201d.<\/p>\n\n\n\n<div style=\"height:20px\" aria-hidden=\"true\" class=\"wp-block-spacer\"><\/div>\n\n\n\n<figure class=\"wp-block-image size-large\"><img decoding=\"async\" src=\"https:\/\/ikebanaflores.com.br\/blog\/wp-content\/uploads\/2022\/02\/pexels-vjapratama-935789-2_Easy-Resize.com_-1024x682.jpg\" alt=\"apaixonados\" class=\"wp-image-5869\"\/><\/figure>\n\n\n\n<div style=\"height:20px\" aria-hidden=\"true\" class=\"wp-block-spacer\"><\/div>\n\n\n\n<p>Com isso, o publicit\u00e1rio criou o slogan&nbsp;\u201cn\u00e3o \u00e9 s\u00f3 de beijos que se prova o amor\u201d. A campanha foi t\u00e3o bem-sucedida que a ag\u00eancia de publicidade ganhou o t\u00edtulo de melhor do ano.<\/p>\n\n\n\n<p>Deste ent\u00e3o, 12 de junho \u00e9 considerada uma data importante, na qual os apaixonados trocam agrados&nbsp;como cart\u00f5es, bombons e <a href=\"https:\/\/ikebanaflores.com.br\/blog\/sugestoes-de-flores-para-o-dia-dos-namorados\/\" target=\"_blank\" rel=\"noreferrer noopener\" aria-label=\" (abre numa nova aba)\">flores<\/a>. Uma bela forma de demonstrar o amor para as pessoas especiais.<\/p>\n\n\n\n<div style=\"height:23px\" aria-hidden=\"true\" class=\"wp-block-spacer\"><\/div>\n\n\n\n<h2 class=\"wp-block-heading\">Valentine&#8217;s Day e Dia dos Namorados pelo mundo<\/h2>\n\n\n\n<div style=\"height:21px\" aria-hidden=\"true\" class=\"wp-block-spacer\"><\/div>\n\n\n\n<p>Nos Estados Unidos, a&nbsp;data corresponde \u00e0&nbsp;celebra\u00e7\u00e3o do amor em todas as suas formas. Isso significa que, al\u00e9m dos namorados, os amigos e familiares tamb\u00e9m trocam cart\u00f5es. Muitos, inclusive, aproveitam a tradi\u00e7\u00e3o para fazer declara\u00e7\u00f5es de amor. O Valentine\u2019s Day \u00e9 t\u00e3o importante que chega a ser feriado nacional.<\/p>\n\n\n\n<p>No Jap\u00e3o, a data passou a ser comemorada em 1936. Neste dia, as mulheres presenteiam seus namorados com caixas de chocolate. J\u00e1&nbsp;na Dinamarca&nbsp;ocorre a troca de flores brancas prensadas, que recebem o nome de \u201cflocos de neve\u201d.<\/p>\n\n\n\n<p>Durante a comemora\u00e7\u00e3o na Inglaterra, as crian\u00e7as recebem doces de suas fam\u00edlias e tamb\u00e9m cantam can\u00e7\u00f5es.&nbsp;Na It\u00e1lia, \u00e9 comum fazer um grande banquete.<\/p>\n\n\n\n<div style=\"height:20px\" aria-hidden=\"true\" class=\"wp-block-spacer\"><\/div>\n\n\n\n<figure class=\"wp-block-image size-large\"><img decoding=\"async\" src=\"https:\/\/ikebanaflores.com.br\/blog\/wp-content\/uploads\/2022\/02\/people-gc65b5597d_1920_Easy-Resize.com_-1024x669.jpg\" alt=\"flores para apaixonados\" class=\"wp-image-5870\"\/><\/figure>\n\n\n\n<div style=\"height:20px\" aria-hidden=\"true\" class=\"wp-block-spacer\"><\/div>\n\n\n\n<h2 class=\"wp-block-heading\">Valentine&#8217;s Day e Dia dos Namorados: o importante \u00e9 amar<\/h2>\n\n\n\n<div style=\"height:20px\" aria-hidden=\"true\" class=\"wp-block-spacer\"><\/div>\n\n\n\n<p>Apesar das diferen\u00e7as, sabe-se que Valentine&#8217;s Day e Dia dos Namorados s\u00e3o ocasi\u00f5es para demonstrar o quanto nos importamos com as pessoas queridas. Seja com cart\u00f5es, doces, perfumes ou um lindo <a href=\"https:\/\/ikebanaflores.com.br\/blog\/bouquets-de-flores\" target=\"_blank\" rel=\"noreferrer noopener\" aria-label=\" (abre numa nova aba)\">buqu\u00ea de flores<\/a>, o que mais importa \u00e9 celebrar o amor!<\/p>\n\n\n\n<p>Gostou de saber mais sobre essas datas? Que tal deixar um coment\u00e1rio dizendo o que escolheu para presentear a pessoa amada? Visite a Ikebana Flores e encontre os mais belos buqu\u00eas para surpreender seu amor. <\/p>\n","protected":false},"excerpt":{"rendered":"<p>Valentine&#8217;s Day e Dia dos Namorados: qual a diferen\u00e7a? Enquanto no Brasil os casais celebram o amor em 12 de junho, o Dia dos Namorados nos Estados Unidos acontece em&nbsp;14 de fevereiro. Esta data especial tamb\u00e9m tem outro nome por&nbsp;l\u00e1:&nbsp;Valentine&#8217;s Day. Mas, voc\u00ea j\u00e1 sabe por que o Brasil seguiu a contram\u00e3o e comemora a [&hellip;]<\/p>\n","protected":false},"author":5,"featured_media":5638,"comment_status":"open","ping_status":"open","sticky":false,"template":"","format":"standard","meta":{"_acf_changed":false,"footnotes":""},"categories":[94],"tags":[],"class_list":["post-2919","post","type-post","status-publish","format-standard","has-post-thumbnail","hentry","category-datas-comemorativas"],"acf":[],"_links":{"self":[{"href":"https:\/\/ikebanaflores.com.br\/blog\/wp-json\/wp\/v2\/posts\/2919","targetHints":{"allow":["GET"]}}],"collection":[{"href":"https:\/\/ikebanaflores.com.br\/blog\/wp-json\/wp\/v2\/posts"}],"about":[{"href":"https:\/\/ikebanaflores.com.br\/blog\/wp-json\/wp\/v2\/types\/post"}],"author":[{"embeddable":true,"href":"https:\/\/ikebanaflores.com.br\/blog\/wp-json\/wp\/v2\/users\/5"}],"replies":[{"embeddable":true,"href":"https:\/\/ikebanaflores.com.br\/blog\/wp-json\/wp\/v2\/comments?post=2919"}],"version-history":[{"count":1,"href":"https:\/\/ikebanaflores.com.br\/blog\/wp-json\/wp\/v2\/posts\/2919\/revisions"}],"predecessor-version":[{"id":5639,"href":"https:\/\/ikebanaflores.com.br\/blog\/wp-json\/wp\/v2\/posts\/2919\/revisions\/5639"}],"wp:featuredmedia":[{"embeddable":true,"href":"https:\/\/ikebanaflores.com.br\/blog\/wp-json\/wp\/v2\/media\/5638"}],"wp:attachment":[{"href":"https:\/\/ikebanaflores.com.br\/blog\/wp-json\/wp\/v2\/media?parent=2919"}],"wp:term":[{"taxonomy":"category","embeddable":true,"href":"https:\/\/ikebanaflores.com.br\/blog\/wp-json\/wp\/v2\/categories?post=2919"},{"taxonomy":"post_tag","embeddable":true,"href":"https:\/\/ikebanaflores.com.br\/blog\/wp-json\/wp\/v2\/tags?post=2919"}],"curies":[{"name":"wp","href":"https:\/\/api.w.org\/{rel}","templated":true}]}}