{"id":3306,"date":"2022-01-27T06:00:00","date_gmt":"2022-01-27T06:00:00","guid":{"rendered":"https:\/\/www.ikebanaflores.com.br\/blog\/?p=3306"},"modified":"2026-03-16T15:29:40","modified_gmt":"2026-03-16T18:29:40","slug":"tipos-de-suculentas","status":"publish","type":"post","link":"https:\/\/ikebanaflores.com.br\/blog\/tipos-de-suculentas\/","title":{"rendered":"10 tipos de suculentas para cultivar em casa"},"content":{"rendered":"\n<p><\/p>\n\n\n<div class=\"wp-block-image\">\n<figure class=\"aligncenter\"><img fetchpriority=\"high\" decoding=\"async\" width=\"1000\" height=\"667\" src=\"https:\/\/ikebanaflores.com.br\/blog\/wp-content\/uploads\/2018\/07\/veja-5-tipos-de-suculentas-as-plantas-queridinhas-do-momento-1.jpeg\" alt=\"tipos de suculentas\" class=\"wp-image-3308\" srcset=\"https:\/\/ikebanaflores.com.br\/blog\/wp-content\/uploads\/2018\/07\/veja-5-tipos-de-suculentas-as-plantas-queridinhas-do-momento-1.jpeg 1000w, https:\/\/ikebanaflores.com.br\/blog\/wp-content\/uploads\/2018\/07\/veja-5-tipos-de-suculentas-as-plantas-queridinhas-do-momento-1-300x200.jpeg 300w, https:\/\/ikebanaflores.com.br\/blog\/wp-content\/uploads\/2018\/07\/veja-5-tipos-de-suculentas-as-plantas-queridinhas-do-momento-1-768x512.jpeg 768w\" sizes=\"(max-width: 1000px) 100vw, 1000px\" \/><\/figure>\n<\/div>\n\n\n<div style=\"height:54px\" aria-hidden=\"true\" class=\"wp-block-spacer\"><\/div>\n\n\n\n<p>Os v\u00e1rios tipos de suculentas se tornaram&nbsp;muito populares na decora\u00e7\u00e3o&nbsp;de ambientes. Isso porque essas s\u00e3o&nbsp;plantas interessantes e bonitas, mas que n\u00e3o precisam de cuidados muito grandes. <\/p>\n\n\n\n<p>Assim, o dia a dia corrido e as condi\u00e7\u00f5es nem sempre ideais dos&nbsp;<a rel=\"noopener noreferrer\" href=\"https:\/\/ikebanaflores.com.br\/blog\/plantas-ornamentais-para-interiores\/\" target=\"_blank\">interiores das casas<\/a>&nbsp;nas grandes cidades fizeram&nbsp;com que essas esp\u00e9cies aparecessem como uma forma&nbsp;barata e eficaz de trazer&nbsp;a natureza para nossas vidas.<\/p>\n\n\n\n<p>Geralmente plantadas em canteiros ou em vasos decorativos, <a href=\"https:\/\/ikebanaflores.com.br\/blog\/artificiais-baratas-suculentasentrega-bh-e-para-todo-brasil\" target=\"_blank\" rel=\"noopener noreferrer\">suculentas<\/a> s\u00e3o plantas que acumulam \u00e1gua em seu interior. No entanto, o nome \u00e9 utilizado para designar uma s\u00e9rie de esp\u00e9cies diferentes entre si. Quer um exemplo? Todo cacto \u00e9 uma suculenta, apesar de nem toda suculenta ser um cacto!<\/p>\n\n\n\n<p>Neste artigo, voc\u00ea conhecer\u00e1 as primas pequenas, gordinhas e sem espinhos dos protagonistas do deserto. Aqui, voc\u00ea saber\u00e1 escolher as suas plantas e entender\u00e1 como usar cada uma na decora\u00e7\u00e3o da sua casa. Boa leitura!<\/p>\n\n\n\n<div style=\"height:39px\" aria-hidden=\"true\" class=\"wp-block-spacer\"><\/div>\n\n\n\n<h2 class=\"wp-block-heading\">Tipos de Suculentas<\/h2>\n\n\n\n<div style=\"height:20px\" aria-hidden=\"true\" class=\"wp-block-spacer\"><\/div>\n\n\n\n<h3 class=\"wp-block-heading\">1. Echev\u00e9ria ou rosa-de-pedra<\/h3>\n\n\n\n<div style=\"height:20px\" aria-hidden=\"true\" class=\"wp-block-spacer\"><\/div>\n\n\n\n<p>Essa \u00e9 uma suculenta de clima tropical, com o formato de uma flor. Tem folhas arredondadas e angula\u00e7\u00e3o bem suave nas pontas. A rosa-de-pedra, como \u00e9 mais conhecida, fica mais alongada quando precisa de sol, facilitando o cuidado para aqueles que est\u00e3o iniciando o seu contato com as plantas.<\/p>\n\n\n\n<div style=\"height:31px\" aria-hidden=\"true\" class=\"wp-block-spacer\"><\/div>\n\n\n<div class=\"wp-block-image\">\n<figure class=\"aligncenter\"><img decoding=\"async\" src=\"https:\/\/ikebanaflores.com.br\/blog\/wp-content\/uploads\/2018\/07\/1-rosa-de-pedra.jpg\" alt=\"suculentas\" class=\"wp-image-4452\"\/><\/figure>\n<\/div>\n\n\n<div style=\"height:35px\" aria-hidden=\"true\" class=\"wp-block-spacer\"><\/div>\n\n\n\n<p>Nesse sentido, ela \u00e9 uma&nbsp;excelente op\u00e7\u00e3o para minijardins e jardins de pedras, por exemplo, preferindo a meia-sombra. Apesar de reter \u00e1gua, essa planta&nbsp;precisa ser regada periodicamente, mas sem encharcar o solo.<\/p>\n\n\n\n<div style=\"height:33px\" aria-hidden=\"true\" class=\"wp-block-spacer\"><\/div>\n\n\n\n<h3 class=\"wp-block-heading\">2.&nbsp;Planta-fantasma<\/h3>\n\n\n\n<div style=\"height:20px\" aria-hidden=\"true\" class=\"wp-block-spacer\"><\/div>\n\n\n\n<p>Tamb\u00e9m com formato de flor, a planta-fantasma \u00e9 conhecida por seus tons ex\u00f3ticos, que v\u00e3o do cinza ao roxo. Assim como toda boa suculenta, ela gosta de sol, mas pode ser cultivada \u00e0 meia-sombra sem problemas.<\/p>\n\n\n\n<div style=\"height:22px\" aria-hidden=\"true\" class=\"wp-block-spacer\"><\/div>\n\n\n<div class=\"wp-block-image\">\n<figure class=\"aligncenter\"><img decoding=\"async\" src=\"https:\/\/ikebanaflores.com.br\/blog\/wp-content\/uploads\/2018\/07\/2.-Planta-fantasma.jpg\" alt=\"suculentas decorativas\" class=\"wp-image-4453\"\/><\/figure>\n<\/div>\n\n\n<div style=\"height:34px\" aria-hidden=\"true\" class=\"wp-block-spacer\"><\/div>\n\n\n\n<p>Al\u00e9m disso, sua tonalidade muda quando a planta&nbsp;precisa de mais luz solar, ent\u00e3o, permane\u00e7a atento ao aspecto das suas folhas. Ideal para vasos, canteiros e floreiras, a planta-fantasma se desenvolve melhor em&nbsp;solos drenados e com poucas regas.<\/p>\n\n\n\n<div style=\"height:28px\" aria-hidden=\"true\" class=\"wp-block-spacer\"><\/div>\n\n\n\n<h3 class=\"wp-block-heading\">3. Zebra<\/h3>\n\n\n\n<div style=\"height:26px\" aria-hidden=\"true\" class=\"wp-block-spacer\"><\/div>\n\n\n\n<p>Assim como o animal, essa suculenta \u00e9 proveniente da \u00c1frica, tendo lindas folhas verdes e grossas, rajadas na cor branca. Ideal para pessoas inexperientes na&nbsp;<a href=\"https:\/\/ikebanaflores.com.br\/blog\/produtos-para-jardinagem\/\" target=\"_blank\" rel=\"noopener noreferrer\">arte da jardinagem<\/a>, essa esp\u00e9cie ama tomar sol, mas, curiosamente, tamb\u00e9m suporta baixas temperaturas.<\/p>\n\n\n\n<div style=\"height:29px\" aria-hidden=\"true\" class=\"wp-block-spacer\"><\/div>\n\n\n<div class=\"wp-block-image\">\n<figure class=\"aligncenter\"><img decoding=\"async\" src=\"https:\/\/ikebanaflores.com.br\/blog\/wp-content\/uploads\/2018\/07\/3.-Zebra.jpg\" alt=\"tipos de suculentas\" class=\"wp-image-4454\"\/><\/figure>\n<\/div>\n\n\n<div style=\"height:23px\" aria-hidden=\"true\" class=\"wp-block-spacer\"><\/div>\n\n\n\n<p>Vale mencionar que essa plantinha tem&nbsp;um crescimento lento e, tamb\u00e9m, que ela aguenta&nbsp;ficar longos per\u00edodos sem rega. Logo, \u00e9 bom ter cuidado com o excesso de \u00e1gua, j\u00e1 que a zebra&nbsp;\u00e9 muito sens\u00edvel \u00e0 umidade extrema e isso pode mat\u00e1-la rapidamente.<\/p>\n\n\n\n<div style=\"height:31px\" aria-hidden=\"true\" class=\"wp-block-spacer\"><\/div>\n\n\n\n<h3 class=\"wp-block-heading\">4.&nbsp;Rabo-de-burro<\/h3>\n\n\n\n<div style=\"height:20px\" aria-hidden=\"true\" class=\"wp-block-spacer\"><\/div>\n\n\n\n<p>A rabo-de-burro \u00e9 origin\u00e1ria do M\u00e9xico e pode chegar a at\u00e9 um metro de comprimento, devido \u00e0s suas longas hastes \u2014 o que a torna uma \u00f3tima op\u00e7\u00e3o para pendurar em&nbsp;<a href=\"https:\/\/ikebanaflores.com.br\/blog\/como-fazer-um-jardim-suspenso\/\" target=\"_blank\" rel=\"noopener noreferrer\">jardins suspensos<\/a>.<\/p>\n\n\n\n<div style=\"height:20px\" aria-hidden=\"true\" class=\"wp-block-spacer\"><\/div>\n\n\n<div class=\"wp-block-image\">\n<figure class=\"aligncenter\"><img decoding=\"async\" src=\"https:\/\/ikebanaflores.com.br\/blog\/wp-content\/uploads\/2018\/07\/4.-Rabo-de-burro.jpg\" alt=\"plantas suculentas\" class=\"wp-image-4455\"\/><\/figure>\n<\/div>\n\n\n<div style=\"height:24px\" aria-hidden=\"true\" class=\"wp-block-spacer\"><\/div>\n\n\n\n<p>Portanto, vasos verticais&nbsp;s\u00e3o excelentes para o cultivo dessas suculentas, que podem ser postas tanto em pleno sol quanto \u00e0 meia-sombra, preferindo solos f\u00e9rteis e regas peri\u00f3dicas espa\u00e7adas. <\/p>\n\n\n\n<p>Destaca-se que a maior beleza dessa esp\u00e9cie vem das pequenas&nbsp;flores&nbsp;vermelhas brotando em meio \u00e0s&nbsp;suas folhas verdes acinzentadas, dando um charme todo especial ao ambiente que voc\u00ea escolheu decorar.<\/p>\n\n\n\n<div style=\"height:32px\" aria-hidden=\"true\" class=\"wp-block-spacer\"><\/div>\n\n\n\n<h3 class=\"wp-block-heading\">5.&nbsp;Colar-de-p\u00e9rolas<\/h3>\n\n\n\n<div style=\"height:20px\" aria-hidden=\"true\" class=\"wp-block-spacer\"><\/div>\n\n\n\n<p>Outra op\u00e7\u00e3o bastante utilizada em vasos suspensos e <a href=\"https:\/\/casaclaudia.abril.com.br\/ambientes\/5-dicas-essenciais-para-cuidar-bem-do-seu-jardim-vertical\/\" target=\"_blank\" rel=\"noopener\">jardins verticais<\/a>, essa suculenta&nbsp;\u00e9 conhecida por suas hastes longas e com pequenas folhas esf\u00e9ricas, lembrando&nbsp;um colar de p\u00e9rolas.<\/p>\n\n\n\n<p>Essa esp\u00e9cie tamb\u00e9m pode ser cultivada como planta rasteira e prefere temperaturas mais altas, apesar de se adaptar bem ao frio. Lembre-se de que ela deve ser cultivada com boa luminosidade, mas \u00e9 importante evitar&nbsp;o sol muito forte.<\/p>\n\n\n\n<div style=\"height:20px\" aria-hidden=\"true\" class=\"wp-block-spacer\"><\/div>\n\n\n<div class=\"wp-block-image\">\n<figure class=\"aligncenter\"><img decoding=\"async\" src=\"https:\/\/ikebanaflores.com.br\/blog\/wp-content\/uploads\/2018\/07\/Senecio-rowleyanus-683x1024.jpg\" alt=\"folhagens suculentas\" class=\"wp-image-4456\"\/><\/figure>\n<\/div>\n\n\n<div style=\"height:20px\" aria-hidden=\"true\" class=\"wp-block-spacer\"><\/div>\n\n\n\n<p>Na primavera, a planta fica muito mais bonita e&nbsp;repleta de flores brancas. No entanto, tome cuidado nas \u00e9pocas quentes, j\u00e1 que as regas precisam ser mais frequentes. No inverno, pelo contr\u00e1rio, coloque menos \u00e1gua a fim de&nbsp;evitar fungos.<\/p>\n\n\n\n<div style=\"height:22px\" aria-hidden=\"true\" class=\"wp-block-spacer\"><\/div>\n\n\n\n<h3 class=\"wp-block-heading\">6. Orelha-de-Shrek<\/h3>\n\n\n\n<div style=\"height:20px\" aria-hidden=\"true\" class=\"wp-block-spacer\"><\/div>\n\n\n\n<p>Essa planta n\u00e3o \u00e9 de um reino t\u00e3o, t\u00e3o distante, mas lembra bastante as orelhas do ogro mais famoso do cinema. A suculenta em quest\u00e3o tem um formato um tanto quanto&nbsp;engra\u00e7ado, com suas folhas compactas e tubulares, apresentando uma esp\u00e9cie de orif\u00edcio achatado na ponta.<\/p>\n\n\n\n<div style=\"height:21px\" aria-hidden=\"true\" class=\"wp-block-spacer\"><\/div>\n\n\n<div class=\"wp-block-image\">\n<figure class=\"aligncenter\"><img decoding=\"async\" src=\"https:\/\/ikebanaflores.com.br\/blog\/wp-content\/uploads\/2018\/07\/Crassula-ovata-1024x768.jpg\" alt=\"especie de suculentas\" class=\"wp-image-4457\"\/><\/figure>\n<\/div>\n\n\n<div style=\"height:20px\" aria-hidden=\"true\" class=\"wp-block-spacer\"><\/div>\n\n\n\n<p>Perfeita para vasos ou terr\u00e1rios, a orelha-do-Shrek sofre menos com&nbsp;<a rel=\"noopener noreferrer\" href=\"https:\/\/ikebanaflores.com.br\/blog\/remedio-para-plantas\/\" target=\"_blank\">pragas e outras doen\u00e7as<\/a>. Al\u00e9m do mais, como seu tronco vai ficando espesso com o tempo, ela desenvolve v\u00e1rios formatos diferentes, totalmente sem padr\u00e3o. <\/p>\n\n\n\n<p>Vale ressaltar que ela pode ser cultivada em locais fechados e pede pouca manuten\u00e7\u00e3o: coloque-a em um lugar da casa com ilumina\u00e7\u00e3o natural e sombra parcial e n\u00e3o se esque\u00e7a de manter seu solo bem drenado.<\/p>\n\n\n\n<div style=\"height:20px\" aria-hidden=\"true\" class=\"wp-block-spacer\"><\/div>\n\n\n\n<h3 class=\"wp-block-heading\">7. Sedum carnicolor<\/h3>\n\n\n\n<div style=\"height:20px\" aria-hidden=\"true\" class=\"wp-block-spacer\"><\/div>\n\n\n\n<p>Sem apelidos inusitados, essa suculenta \u00e9 outra op\u00e7\u00e3o fofa para a&nbsp;<a href=\"https:\/\/ikebanaflores.com.br\/blog\/flores-na-decoracao\/\" target=\"_blank\" rel=\"noopener noreferrer\">decora\u00e7\u00e3o residencial<\/a>. Origin\u00e1ria da Europa, ela \u00e9 muito resistente \u00e0s altas temperaturas e, apesar disso, tamb\u00e9m suporta o frio. S\u00f3 n\u00e3o encharque tanto a terra para que suas folhas n\u00e3o apodre\u00e7am, ok?<\/p>\n\n\n\n<div style=\"height:20px\" aria-hidden=\"true\" class=\"wp-block-spacer\"><\/div>\n\n\n\n<figure class=\"wp-block-image size-large\"><img decoding=\"async\" src=\"https:\/\/ikebanaflores.com.br\/blog\/wp-content\/uploads\/2022\/01\/sedum-carnicolor-5._2nd_Easy-Resize.com_-1024x1024.jpg\" alt=\"\" class=\"wp-image-5854\"\/><\/figure>\n\n\n\n<div style=\"height:20px\" aria-hidden=\"true\" class=\"wp-block-spacer\"><\/div>\n\n\n\n<h3 class=\"wp-block-heading\">8. Planta-jade<\/h3>\n\n\n\n<div style=\"height:20px\" aria-hidden=\"true\" class=\"wp-block-spacer\"><\/div>\n\n\n\n<p>Tamb\u00e9m conhecida como a planta da amizade, essa esp\u00e9cie tem um porte um pouco maior do que o convencional para os outros tipos de suculentas. De origem africana, ela pode alcan\u00e7ar at\u00e9 um metro de altura! Al\u00e9m disso, floresce lindamente na primavera e no inverno. Interessante, n\u00e3o \u00e9?<\/p>\n\n\n\n<div style=\"height:20px\" aria-hidden=\"true\" class=\"wp-block-spacer\"><\/div>\n\n\n<div class=\"wp-block-image\">\n<figure class=\"aligncenter\"><img decoding=\"async\" src=\"https:\/\/ikebanaflores.com.br\/blog\/wp-content\/uploads\/2018\/07\/Planta-jade.jpg\" alt=\"\" class=\"wp-image-4458\"\/><\/figure>\n<\/div>\n\n\n<div style=\"height:37px\" aria-hidden=\"true\" class=\"wp-block-spacer\"><\/div>\n\n\n\n<p>Diante de suas caracter\u00edsticas diferenciadas, vale a pena plant\u00e1-la em vasos que permitam cultiv\u00e1-la como uma pequena \u00e1rvore, como \u00e9 o caso de&nbsp;<a href=\"https:\/\/ikebanaflores.com.br\/blog\/comprar-bonsai\/\" target=\"_blank\" rel=\"noopener noreferrer\">um bonsai<\/a>. Isso porque ela vai crescer de acordo com o tamanho do recipiente, sendo poss\u00edvel controlar sua dimens\u00e3o.<\/p>\n\n\n\n<div style=\"height:32px\" aria-hidden=\"true\" class=\"wp-block-spacer\"><\/div>\n\n\n\n<h3 class=\"wp-block-heading\">9. Bola-de-neve<\/h3>\n\n\n\n<div style=\"height:20px\" aria-hidden=\"true\" class=\"wp-block-spacer\"><\/div>\n\n\n<div class=\"wp-block-image\">\n<figure class=\"aligncenter size-large\"><img decoding=\"async\" width=\"1024\" height=\"1024\" src=\"https:\/\/ikebanaflores.com.br\/blog\/wp-content\/uploads\/2023\/09\/Echeveria-elegans-fotor-20230912142241-1024x1024.jpg\" alt=\"\" class=\"wp-image-6649\" srcset=\"https:\/\/ikebanaflores.com.br\/blog\/wp-content\/uploads\/2023\/09\/Echeveria-elegans-fotor-20230912142241-1024x1024.jpg 1024w, https:\/\/ikebanaflores.com.br\/blog\/wp-content\/uploads\/2023\/09\/Echeveria-elegans-fotor-20230912142241-300x300.jpg 300w, https:\/\/ikebanaflores.com.br\/blog\/wp-content\/uploads\/2023\/09\/Echeveria-elegans-fotor-20230912142241-150x150.jpg 150w, https:\/\/ikebanaflores.com.br\/blog\/wp-content\/uploads\/2023\/09\/Echeveria-elegans-fotor-20230912142241-768x768.jpg 768w, https:\/\/ikebanaflores.com.br\/blog\/wp-content\/uploads\/2023\/09\/Echeveria-elegans-fotor-20230912142241-500x500.jpg 500w, https:\/\/ikebanaflores.com.br\/blog\/wp-content\/uploads\/2023\/09\/Echeveria-elegans-fotor-20230912142241.jpg 1400w\" sizes=\"(max-width: 1024px) 100vw, 1024px\" \/><\/figure>\n<\/div>\n\n\n<div style=\"height:20px\" aria-hidden=\"true\" class=\"wp-block-spacer\"><\/div>\n\n\n\n<p>Bem parecida com a rosa-de-pedra, essa suculenta apresenta algumas peculiaridades. Al\u00e9m de ter um formato um pouco mais arredondado, ela resiste a temperaturas at\u00e9 mesmo abaixo de zero. D\u00e1 para acreditar?&nbsp;\u00c9 por isso que a chamam de&nbsp;bola-de-neve!<\/p>\n\n\n\n<div style=\"height:20px\" aria-hidden=\"true\" class=\"wp-block-spacer\"><\/div>\n\n\n\n<h3 class=\"wp-block-heading\">10. Brilhantina<\/h3>\n\n\n\n<div style=\"height:20px\" aria-hidden=\"true\" class=\"wp-block-spacer\"><\/div>\n\n\n\n<p>O nome popular da Sedum Makinoi se d\u00e1 pelo seu brilho intenso nas suas folhas verde-escuras. De origem japonesa, a suculenta tem caracter\u00edstica rastejante&nbsp;\u2014&nbsp;n\u00e3o passa de quatro cent\u00edmetros de altura e, delicadamente, faz florescer pequenas flores amarelas na primavera, atraindo as borboletas.<\/p>\n\n\n\n<p>Os tipos de suculentas s\u00e3o muitos, ent\u00e3o, \u00e9 poss\u00edvel criar terr\u00e1rios, jardins ou at\u00e9 mesmo nichos&nbsp;<a href=\"https:\/\/ikebanaflores.com.br\/blog\/decorar-quarto-feminino\/\" target=\"_blank\" rel=\"noopener noreferrer\">decorativos<\/a>&nbsp;com uma vasta op\u00e7\u00e3o de formatos e cores. Com essas dicas, voc\u00ea tamb\u00e9m vai saber lidar com as plantinhas e entender\u00e1 qual delas se adapta melhor \u00e0&nbsp;sua casa e ao seu estilo de vida.<\/p>\n\n\n\n<div style=\"height:20px\" aria-hidden=\"true\" class=\"wp-block-spacer\"><\/div>\n\n\n<div class=\"wp-block-image\">\n<figure class=\"aligncenter\"><img decoding=\"async\" src=\"https:\/\/ikebanaflores.com.br\/blog\/wp-content\/uploads\/2018\/07\/Sedum-Makinoi.jpg\" alt=\"\" class=\"wp-image-4460\"\/><\/figure>\n<\/div>\n\n\n<div style=\"height:20px\" aria-hidden=\"true\" class=\"wp-block-spacer\"><\/div>\n\n\n\n<p>Contudo, tenha aten\u00e7\u00e3o: as suculentas plantadas em vasos de barro,&nbsp;provavelmente v\u00e3o precisar de regas mais frequentes do que o normal. O barro \u00e9 um material altamente poroso e absorve bastante a \u00e1gua, independentemente do tipo de suculentas ali plantadas.<\/p>\n\n\n\n<div style=\"height:24px\" aria-hidden=\"true\" class=\"wp-block-spacer\"><\/div>\n\n\n\n<h2 class=\"wp-block-heading\">Tipos de suculentas para escolher \u00e0 vontade<\/h2>\n\n\n\n<p>Ent\u00e3o, voc\u00ea j\u00e1 est\u00e1 se preparando para comprar as suas suculentas? Que tal&nbsp;entrar&nbsp;no site da&nbsp;<a rel=\"noopener noreferrer\" href=\"https:\/\/ikebanaflores.com.br\/blog\/contacts\" target=\"_blank\">Ikebana Flores<\/a>&nbsp;e escolher a planta&nbsp;que&nbsp;mais combina&nbsp;com o seu lar e sua personalidade? Estamos \u00e0 disposi\u00e7\u00e3o para ajud\u00e1-lo nessa tarefa!<\/p>\n","protected":false},"excerpt":{"rendered":"<p>Os v\u00e1rios tipos de suculentas se tornaram muito populares na decora\u00e7\u00e3o de ambientes. Isso porque essas s\u00e3o plantas interessantes e bonitas, mas que n\u00e3o precisam de cuidados muito grandes. <\/p>\n","protected":false},"author":5,"featured_media":5642,"comment_status":"open","ping_status":"open","sticky":false,"template":"","format":"standard","meta":{"_acf_changed":false,"footnotes":""},"categories":[102,106],"tags":[],"class_list":["post-3306","post","type-post","status-publish","format-standard","has-post-thumbnail","hentry","category-plantas-em-vasos-dicas","category-suculentas"],"acf":[],"_links":{"self":[{"href":"https:\/\/ikebanaflores.com.br\/blog\/wp-json\/wp\/v2\/posts\/3306","targetHints":{"allow":["GET"]}}],"collection":[{"href":"https:\/\/ikebanaflores.com.br\/blog\/wp-json\/wp\/v2\/posts"}],"about":[{"href":"https:\/\/ikebanaflores.com.br\/blog\/wp-json\/wp\/v2\/types\/post"}],"author":[{"embeddable":true,"href":"https:\/\/ikebanaflores.com.br\/blog\/wp-json\/wp\/v2\/users\/5"}],"replies":[{"embeddable":true,"href":"https:\/\/ikebanaflores.com.br\/blog\/wp-json\/wp\/v2\/comments?post=3306"}],"version-history":[{"count":2,"href":"https:\/\/ikebanaflores.com.br\/blog\/wp-json\/wp\/v2\/posts\/3306\/revisions"}],"predecessor-version":[{"id":6650,"href":"https:\/\/ikebanaflores.com.br\/blog\/wp-json\/wp\/v2\/posts\/3306\/revisions\/6650"}],"wp:featuredmedia":[{"embeddable":true,"href":"https:\/\/ikebanaflores.com.br\/blog\/wp-json\/wp\/v2\/media\/5642"}],"wp:attachment":[{"href":"https:\/\/ikebanaflores.com.br\/blog\/wp-json\/wp\/v2\/media?parent=3306"}],"wp:term":[{"taxonomy":"category","embeddable":true,"href":"https:\/\/ikebanaflores.com.br\/blog\/wp-json\/wp\/v2\/categories?post=3306"},{"taxonomy":"post_tag","embeddable":true,"href":"https:\/\/ikebanaflores.com.br\/blog\/wp-json\/wp\/v2\/tags?post=3306"}],"curies":[{"name":"wp","href":"https:\/\/api.w.org\/{rel}","templated":true}]}}