{"id":3368,"date":"2018-08-08T16:15:27","date_gmt":"2018-08-08T16:15:27","guid":{"rendered":"https:\/\/www.ikebanaflores.com.br\/blog\/?p=3368"},"modified":"2026-03-16T15:48:13","modified_gmt":"2026-03-16T18:48:13","slug":"flores-para-apartamento","status":"publish","type":"post","link":"https:\/\/ikebanaflores.com.br\/blog\/flores-para-apartamento\/","title":{"rendered":"Flores para apartamento: transforme o seu ambiente!"},"content":{"rendered":"<p><img fetchpriority=\"high\" decoding=\"async\" class=\"aligncenter wp-image-3370\" title=\"Flores para apartamento\" src=\"https:\/\/ikebanaflores.com.br\/blog\/wp-content\/uploads\/2018\/08\/flores-para-apartamento-transforme-o-seu-ambiente-1-1024x727.jpeg\" alt=\"\" width=\"806\" height=\"572\" srcset=\"https:\/\/ikebanaflores.com.br\/blog\/wp-content\/uploads\/2018\/08\/flores-para-apartamento-transforme-o-seu-ambiente-1-1024x727.jpeg 1024w, https:\/\/ikebanaflores.com.br\/blog\/wp-content\/uploads\/2018\/08\/flores-para-apartamento-transforme-o-seu-ambiente-1-300x213.jpeg 300w, https:\/\/ikebanaflores.com.br\/blog\/wp-content\/uploads\/2018\/08\/flores-para-apartamento-transforme-o-seu-ambiente-1-768x545.jpeg 768w, https:\/\/ikebanaflores.com.br\/blog\/wp-content\/uploads\/2018\/08\/flores-para-apartamento-transforme-o-seu-ambiente-1-1536x1090.jpeg 1536w, https:\/\/ikebanaflores.com.br\/blog\/wp-content\/uploads\/2018\/08\/flores-para-apartamento-transforme-o-seu-ambiente-1.jpeg 1999w\" sizes=\"(max-width: 806px) 100vw, 806px\" \/><\/p>\n<p>&nbsp;<\/p>\n<p>N\u00e3o ter varanda, sacada&nbsp;ou qualquer \u00e1rea externa n\u00e3o \u00e9 desculpa para n\u00e3o ter flores em casa. Ao contr\u00e1rio do que muitos pensam, existem flores para apartamento que se adaptam muito bem aos ambientes internos e que requerem&nbsp;<a href=\"https:\/\/ikebanaflores.com.br\/blog\/mitos-e-verdades-sobre-flores\/\" target=\"_blank\" rel=\"noopener noreferrer\">cuidados e manuten\u00e7\u00e3o<\/a>&nbsp;mais simples.<\/p>\n<p>Al\u00e9m de colaborarem para uma decora\u00e7\u00e3o mais natural, alegre e aconchegante, as flores tamb\u00e9m&nbsp;<a href=\"https:\/\/ikebanaflores.com.br\/blog\/beneficios-das-flores-2\/\" target=\"_blank\" rel=\"noopener noreferrer\">trazem outros benef\u00edcios<\/a>, como&nbsp;melhorar a qualidade do ar e o conforto t\u00e9rmico do ambiente. Confira a seguir as esp\u00e9cies mais adequadas para o seu lar!<\/p>\n<p>&nbsp;<\/p>\n<h2>Ant\u00fario<\/h2>\n<p>&nbsp;<\/p>\n<p>Um cl\u00e1ssico, o ant\u00fario \u00e9 uma das esp\u00e9cies mais usadas na decora\u00e7\u00e3o de interiores. O motivo \u00e9 simples: essa planta n\u00e3o gosta de ilumina\u00e7\u00e3o natural direta.<\/p>\n<p>Apesar de conseguir sobreviver tranquilamente em meia sombra, o ant\u00fario necessita de mais umidade e deve ser regado de tr\u00eas a quatro vezes por semana.<\/p>\n<p>&nbsp;<\/p>\n<p><img decoding=\"async\" class=\"aligncenter wp-image-3216\" title=\"anturio\" src=\"https:\/\/ikebanaflores.com.br\/blog\/wp-content\/uploads\/2018\/06\/conheca-6-tipos-de-flores-que-nao-precisam-de-muitos-cuidados-1-1024x679.jpeg\" alt=\"\" width=\"807\" height=\"535\" srcset=\"https:\/\/ikebanaflores.com.br\/blog\/wp-content\/uploads\/2018\/06\/conheca-6-tipos-de-flores-que-nao-precisam-de-muitos-cuidados-1-1024x679.jpeg 1024w, https:\/\/ikebanaflores.com.br\/blog\/wp-content\/uploads\/2018\/06\/conheca-6-tipos-de-flores-que-nao-precisam-de-muitos-cuidados-1-300x199.jpeg 300w, https:\/\/ikebanaflores.com.br\/blog\/wp-content\/uploads\/2018\/06\/conheca-6-tipos-de-flores-que-nao-precisam-de-muitos-cuidados-1-768x510.jpeg 768w, https:\/\/ikebanaflores.com.br\/blog\/wp-content\/uploads\/2018\/06\/conheca-6-tipos-de-flores-que-nao-precisam-de-muitos-cuidados-1-1536x1019.jpeg 1536w, https:\/\/ikebanaflores.com.br\/blog\/wp-content\/uploads\/2018\/06\/conheca-6-tipos-de-flores-que-nao-precisam-de-muitos-cuidados-1.jpeg 2000w\" sizes=\"(max-width: 807px) 100vw, 807px\" \/><\/p>\n<p>&nbsp;<\/p>\n<h2>Orqu\u00eddea<\/h2>\n<p>&nbsp;<\/p>\n<p>\u00d3tima op\u00e7\u00e3o para presente, provavelmente voc\u00ea j\u00e1 ganhou ou&nbsp;<a href=\"https:\/\/ikebanaflores.com.br\/blog\/orquideas\" target=\"_blank\" rel=\"noopener noreferrer\">deu uma orqu\u00eddea<\/a>, n\u00e3o \u00e9 verdade? Para quem gosta mais da presen\u00e7a de flores e cores no apartamento, ela \u00e9 uma boa alternativa.<\/p>\n<p>Capaz de adornar&nbsp;<a href=\"https:\/\/ikebanaflores.com.br\/blog\/montar-arranjo-de-flores\/\" target=\"_blank\" rel=\"noopener noreferrer\">belos arranjos<\/a>, essas esp\u00e9cies \u2014 principalmente a&nbsp;<em>P<\/em><em><em>halaenopsis<\/em><\/em>, com varia\u00e7\u00e3o de cores entre&nbsp;amarelo, branco, rosa e roxo \u2014 tamb\u00e9m sobrevivem com ilumina\u00e7\u00e3o indireta e, al\u00e9m disso, n\u00e3o necessitam de muita \u00e1gua.<\/p>\n<p>A dica aqui \u00e9&nbsp;<a href=\"https:\/\/ikebanaflores.com.br\/blog\/vaso-de-flor-barato\/\" target=\"_blank\" rel=\"noopener noreferrer\">sobre o vaso<\/a>, que deve ser de barro em vez de pl\u00e1stico. O motivo \u00e9 que os poros do material permitem melhor drenagem da \u00e1gua, impedindo que a umidade excessiva prejudique a planta.<\/p>\n<p>Outro detalhe \u00e9 com rela\u00e7\u00e3o \u00e0 cor das folhas \u2014 se estiverem muito escuras, \u00e9 sinal de que voc\u00ea deve mudar o vaso de lugar.<\/p>\n<p>&nbsp;<\/p>\n<p><img decoding=\"async\" class=\"aligncenter wp-image-3245\" title=\"https:\/\/ikebanaflores.com.br\/blog\/orquideas\" src=\"https:\/\/ikebanaflores.com.br\/blog\/wp-content\/uploads\/2018\/06\/orchids-3392819_1920-1-1024x683.jpg\" alt=\"\" width=\"747\" height=\"498\" srcset=\"https:\/\/ikebanaflores.com.br\/blog\/wp-content\/uploads\/2018\/06\/orchids-3392819_1920-1-1024x683.jpg 1024w, https:\/\/ikebanaflores.com.br\/blog\/wp-content\/uploads\/2018\/06\/orchids-3392819_1920-1-300x200.jpg 300w, https:\/\/ikebanaflores.com.br\/blog\/wp-content\/uploads\/2018\/06\/orchids-3392819_1920-1-768x512.jpg 768w, https:\/\/ikebanaflores.com.br\/blog\/wp-content\/uploads\/2018\/06\/orchids-3392819_1920-1-1536x1024.jpg 1536w, https:\/\/ikebanaflores.com.br\/blog\/wp-content\/uploads\/2018\/06\/orchids-3392819_1920-1.jpg 1920w\" sizes=\"(max-width: 747px) 100vw, 747px\" \/><\/p>\n<p>&nbsp;<\/p>\n<h2>L\u00edrio da paz<\/h2>\n<p>&nbsp;<\/p>\n<p>Por ter propriedades purificadoras do ar, o l\u00edrio da paz \u00e9 mais uma op\u00e7\u00e3o tradicional de plantas para \u00e1reas internas. Discreta, essa esp\u00e9cie floresce mesmo dentro de casa, precisando apenas estar com a terra sempre \u00famida.<\/p>\n<p>Isso quer dizer que voc\u00ea precisa regar os&nbsp;l\u00edrios&nbsp;com mais frequ\u00eancia e, apesar de n\u00e3o poder deix\u00e1-los&nbsp;expostos&nbsp;ao sol, \u00e9 bom posicionar o vaso pr\u00f3ximo a uma janela ou ambiente mais quente.<\/p>\n<p>&nbsp;<\/p>\n<p><img loading=\"lazy\" decoding=\"async\" class=\"aligncenter wp-image-3218\" title=\"l\u00edrio da paz\" src=\"https:\/\/ikebanaflores.com.br\/blog\/wp-content\/uploads\/2018\/06\/peace-lily-830968_1920-1-1024x683.jpg\" alt=\"\" width=\"712\" height=\"475\" srcset=\"https:\/\/ikebanaflores.com.br\/blog\/wp-content\/uploads\/2018\/06\/peace-lily-830968_1920-1-1024x683.jpg 1024w, https:\/\/ikebanaflores.com.br\/blog\/wp-content\/uploads\/2018\/06\/peace-lily-830968_1920-1-300x200.jpg 300w, https:\/\/ikebanaflores.com.br\/blog\/wp-content\/uploads\/2018\/06\/peace-lily-830968_1920-1-768x512.jpg 768w, https:\/\/ikebanaflores.com.br\/blog\/wp-content\/uploads\/2018\/06\/peace-lily-830968_1920-1-1536x1024.jpg 1536w, https:\/\/ikebanaflores.com.br\/blog\/wp-content\/uploads\/2018\/06\/peace-lily-830968_1920-1.jpg 1920w\" sizes=\"(max-width: 712px) 100vw, 712px\" \/><\/p>\n<p>&nbsp;<\/p>\n<h2>Brom\u00e9lia<\/h2>\n<p>&nbsp;<\/p>\n<p>A brom\u00e9lia \u00e9 um tipo de planta mais ex\u00f3tico que, com bonitos contrastes de cores \u2014 entre o verde e o vermelho \u2014,&nbsp;<a href=\"https:\/\/ikebanaflores.com.br\/blog\/vasos-decorativos\/\" target=\"_blank\" rel=\"noopener noreferrer\">incrementa a decora\u00e7\u00e3o<\/a>&nbsp;interna do apartamento. Ela gosta muito de ilumina\u00e7\u00e3o, mas n\u00e3o pode ser exposta diretamente ao sol.<\/p>\n<p>Com rela\u00e7\u00e3o ao substrato, \u00e9 bom deix\u00e1-lo apenas \u00famido, nunca encharcado de \u00e1gua. Ainda sobre sua manuten\u00e7\u00e3o, mantenha a planta sempre limpa, principalmente no seu meio, para evitar que surjam bichos e mosquitos \u2014 nela e no seu apartamento.<\/p>\n<p>&nbsp;<\/p>\n<p><img loading=\"lazy\" decoding=\"async\" class=\"aligncenter wp-image-3382\" title=\"https:\/\/ikebanaflores.com.br\/blog\/vaso-de-bromelia\" src=\"https:\/\/ikebanaflores.com.br\/blog\/wp-content\/uploads\/2018\/08\/bromeliad-1376212_960_720-1.jpg\" alt=\"\" width=\"848\" height=\"636\" srcset=\"https:\/\/ikebanaflores.com.br\/blog\/wp-content\/uploads\/2018\/08\/bromeliad-1376212_960_720-1.jpg 960w, https:\/\/ikebanaflores.com.br\/blog\/wp-content\/uploads\/2018\/08\/bromeliad-1376212_960_720-1-300x225.jpg 300w, https:\/\/ikebanaflores.com.br\/blog\/wp-content\/uploads\/2018\/08\/bromeliad-1376212_960_720-1-768x576.jpg 768w\" sizes=\"(max-width: 848px) 100vw, 848px\" \/><\/p>\n<p>&nbsp;<\/p>\n<h2>Violeta<\/h2>\n<p>&nbsp;<\/p>\n<p>Assim como no caso das orqu\u00eddeas, quem nunca deu ou recebeu uma violeta de presente? Por ser pequena, essa flor \u00e9 indicada para decorar apartamentos e trazer mais cor e delicadeza para a decora\u00e7\u00e3o.<\/p>\n<p>Desde que n\u00e3o receba luz solar direta e que n\u00e3o fique em ambientes muito quentes, ela se adapta muito bem a&nbsp;qualquer canto da casa. Para exibir suas flores o ano inteiro, \u00e9 s\u00f3&nbsp;<a href=\"https:\/\/ikebanaflores.com.br\/blog\/tipos-de-flores\/\" target=\"_blank\" rel=\"noopener noreferrer\">se atentar aos cuidados<\/a>&nbsp;anteriores e manter a rega equilibrada, com pouca \u00e1gua, deixando apenas a terra \u00famida.<\/p>\n<p>&nbsp;<\/p>\n<p><img loading=\"lazy\" decoding=\"async\" class=\"aligncenter wp-image-3512\" title=\"violeta\" src=\"https:\/\/ikebanaflores.com.br\/blog\/wp-content\/uploads\/2018\/07\/b658dd8e-92df-474e-9a7b-567fa880901a-1-768x1024.jpg\" alt=\"\" width=\"696\" height=\"928\" srcset=\"https:\/\/ikebanaflores.com.br\/blog\/wp-content\/uploads\/2018\/07\/b658dd8e-92df-474e-9a7b-567fa880901a-1-768x1024.jpg 768w, https:\/\/ikebanaflores.com.br\/blog\/wp-content\/uploads\/2018\/07\/b658dd8e-92df-474e-9a7b-567fa880901a-1-225x300.jpg 225w, https:\/\/ikebanaflores.com.br\/blog\/wp-content\/uploads\/2018\/07\/b658dd8e-92df-474e-9a7b-567fa880901a-1.jpg 864w\" sizes=\"(max-width: 696px) 100vw, 696px\" \/><\/p>\n<p>&nbsp;<\/p>\n<h2>Rosa de pedra<\/h2>\n<p>&nbsp;<\/p>\n<p>J\u00e1 ouviu falar na rosa de pedra? Ela \u00e9 uma suculenta que, por sinal,&nbsp;<a href=\"https:\/\/ikebanaflores.com.br\/blog\/tipos-de-suculentas\/\" target=\"_blank\" rel=\"noopener noreferrer\">virou tend\u00eancia<\/a>. Por conseguir ficar dias&nbsp;sem \u00e1gua, ela \u00e9 \u00f3tima para se ter dentro do apartamento.<\/p>\n<p>Seu formato lembra&nbsp;<a href=\"https:\/\/ikebanaflores.com.br\/blog\/flores-rosas\" target=\"_blank\" rel=\"noopener noreferrer\">uma rosa<\/a>&nbsp;e essa esp\u00e9cie combina muito com minijardins ou simplesmente com decora\u00e7\u00f5es delicadas em&nbsp;<a href=\"https:\/\/ikebanaflores.com.br\/blog\/enfeites-de-casamento\" target=\"_blank\" rel=\"noopener noreferrer\">centros de mesa<\/a>, quartos&nbsp;e at\u00e9 mesmo cozinhas.<\/p>\n<p>&nbsp;<\/p>\n<p><img loading=\"lazy\" decoding=\"async\" class=\"aligncenter wp-image-3312\" title=\"suculenta\" src=\"https:\/\/ikebanaflores.com.br\/blog\/wp-content\/uploads\/2018\/07\/succulent-2319943_960_720-1.jpg\" alt=\"\" width=\"743\" height=\"557\" srcset=\"https:\/\/ikebanaflores.com.br\/blog\/wp-content\/uploads\/2018\/07\/succulent-2319943_960_720-1.jpg 960w, https:\/\/ikebanaflores.com.br\/blog\/wp-content\/uploads\/2018\/07\/succulent-2319943_960_720-1-300x225.jpg 300w, https:\/\/ikebanaflores.com.br\/blog\/wp-content\/uploads\/2018\/07\/succulent-2319943_960_720-1-768x576.jpg 768w\" sizes=\"(max-width: 743px) 100vw, 743px\" \/><\/p>\n<p>&nbsp;<\/p>\n<p><img loading=\"lazy\" decoding=\"async\" class=\"aligncenter size-full wp-image-3405\" src=\"https:\/\/ikebanaflores.com.br\/blog\/wp-content\/uploads\/2018\/08\/interior-2598110_960_720-e1534879843783-1.jpg\" alt=\"\" width=\"777\" height=\"571\" srcset=\"https:\/\/ikebanaflores.com.br\/blog\/wp-content\/uploads\/2018\/08\/interior-2598110_960_720-e1534879843783-1.jpg 777w, https:\/\/ikebanaflores.com.br\/blog\/wp-content\/uploads\/2018\/08\/interior-2598110_960_720-e1534879843783-1-300x220.jpg 300w, https:\/\/ikebanaflores.com.br\/blog\/wp-content\/uploads\/2018\/08\/interior-2598110_960_720-e1534879843783-1-768x564.jpg 768w\" sizes=\"(max-width: 777px) 100vw, 777px\" \/><\/p>\n<p>&nbsp;<\/p>\n<h2>Bambu da sorte<\/h2>\n<p>&nbsp;<\/p>\n<p>Outra esp\u00e9cie que n\u00e3o gosta de luz direta \u00e9 o bambu da sorte. Ele, no entanto, adora umidade e \u00e9 uma&nbsp;<a href=\"https:\/\/ikebanaflores.com.br\/blog\/decoracao-com-flores-2\/\" target=\"_blank\" rel=\"noopener noreferrer\">boa ideia para decora\u00e7\u00f5es<\/a>&nbsp;de banheiro.<\/p>\n<p>Considerada sin\u00f4nimo de boa sorte e boas energias, essa esp\u00e9cie tamb\u00e9m \u00e9 muito indicada para os demais ambientes da casa, segundo a filosofia do Feng Shui.<\/p>\n<p>Para&nbsp;manuten\u00e7\u00e3o, troque a \u00e1gua uma vez por semana e deixe-a em um lugar em que possa receber&nbsp;luz indireta de vez em quando.<\/p>\n<p>&nbsp;<\/p>\n<p><img loading=\"lazy\" decoding=\"async\" class=\"aligncenter wp-image-3383\" title=\"bambu da sorte\" src=\"https:\/\/ikebanaflores.com.br\/blog\/wp-content\/uploads\/2018\/08\/bamboo-1341228_960_720-1.jpg\" alt=\"\" width=\"789\" height=\"526\" srcset=\"https:\/\/ikebanaflores.com.br\/blog\/wp-content\/uploads\/2018\/08\/bamboo-1341228_960_720-1.jpg 960w, https:\/\/ikebanaflores.com.br\/blog\/wp-content\/uploads\/2018\/08\/bamboo-1341228_960_720-1-300x200.jpg 300w, https:\/\/ikebanaflores.com.br\/blog\/wp-content\/uploads\/2018\/08\/bamboo-1341228_960_720-1-768x512.jpg 768w\" sizes=\"(max-width: 789px) 100vw, 789px\" \/><\/p>\n<p>&nbsp;<\/p>\n<p>Existem in\u00fameras op\u00e7\u00f5es de plantas e flores para decorar o apartamento. Com a nossa lista, \u00e9 poss\u00edvel encontrar a que melhor se ajuste \u00e0 sua decora\u00e7\u00e3o e ao seu gosto!<\/p>\n<p>Que tal investir em flores para apartamento e trazer vida para o seu lar? Para adquirir suas novas companheiras, \u00e9 simples:&nbsp;<a href=\"https:\/\/ikebanaflores.com.br\/blog\/contato\/\" target=\"_blank\" rel=\"noopener noreferrer\">entre em contato conosco<\/a>!<\/p>\n<p>&nbsp;<\/p>\n","protected":false},"excerpt":{"rendered":"<p>&nbsp; N\u00e3o ter varanda, sacada&nbsp;ou qualquer \u00e1rea externa n\u00e3o \u00e9 desculpa para n\u00e3o ter flores em casa. Ao contr\u00e1rio do que muitos pensam, existem flores para apartamento que se adaptam muito bem aos ambientes internos e que requerem&nbsp;cuidados e manuten\u00e7\u00e3o&nbsp;mais simples. Al\u00e9m de colaborarem para uma decora\u00e7\u00e3o mais natural, alegre e aconchegante, as flores tamb\u00e9m&nbsp;trazem [&hellip;]<\/p>\n","protected":false},"author":5,"featured_media":5951,"comment_status":"open","ping_status":"open","sticky":false,"template":"","format":"standard","meta":{"_acf_changed":false,"footnotes":""},"categories":[90,95,97,101,102,106],"tags":[],"class_list":["post-3368","post","type-post","status-publish","format-standard","has-post-thumbnail","hentry","category-como-cuidar","category-decoracao-para-casamento","category-dicas-importantes","category-plantas-e-flores","category-plantas-em-vasos-dicas","category-suculentas"],"acf":[],"_links":{"self":[{"href":"https:\/\/ikebanaflores.com.br\/blog\/wp-json\/wp\/v2\/posts\/3368","targetHints":{"allow":["GET"]}}],"collection":[{"href":"https:\/\/ikebanaflores.com.br\/blog\/wp-json\/wp\/v2\/posts"}],"about":[{"href":"https:\/\/ikebanaflores.com.br\/blog\/wp-json\/wp\/v2\/types\/post"}],"author":[{"embeddable":true,"href":"https:\/\/ikebanaflores.com.br\/blog\/wp-json\/wp\/v2\/users\/5"}],"replies":[{"embeddable":true,"href":"https:\/\/ikebanaflores.com.br\/blog\/wp-json\/wp\/v2\/comments?post=3368"}],"version-history":[{"count":1,"href":"https:\/\/ikebanaflores.com.br\/blog\/wp-json\/wp\/v2\/posts\/3368\/revisions"}],"predecessor-version":[{"id":5972,"href":"https:\/\/ikebanaflores.com.br\/blog\/wp-json\/wp\/v2\/posts\/3368\/revisions\/5972"}],"wp:featuredmedia":[{"embeddable":true,"href":"https:\/\/ikebanaflores.com.br\/blog\/wp-json\/wp\/v2\/media\/5951"}],"wp:attachment":[{"href":"https:\/\/ikebanaflores.com.br\/blog\/wp-json\/wp\/v2\/media?parent=3368"}],"wp:term":[{"taxonomy":"category","embeddable":true,"href":"https:\/\/ikebanaflores.com.br\/blog\/wp-json\/wp\/v2\/categories?post=3368"},{"taxonomy":"post_tag","embeddable":true,"href":"https:\/\/ikebanaflores.com.br\/blog\/wp-json\/wp\/v2\/tags?post=3368"}],"curies":[{"name":"wp","href":"https:\/\/api.w.org\/{rel}","templated":true}]}}