{"id":3438,"date":"2018-08-22T20:40:31","date_gmt":"2018-08-22T20:40:31","guid":{"rendered":"https:\/\/www.ikebanaflores.com.br\/blog\/?p=3438"},"modified":"2026-03-16T15:48:10","modified_gmt":"2026-03-16T18:48:10","slug":"plantas-ornamentais-para-interiores","status":"publish","type":"post","link":"https:\/\/ikebanaflores.com.br\/blog\/plantas-ornamentais-para-interiores\/","title":{"rendered":"Plantas ornamentais para interiores: quais devo usar?"},"content":{"rendered":"<p><img fetchpriority=\"high\" decoding=\"async\" class=\"aligncenter wp-image-3440\" title=\"plantas ornamentais para interiores\" src=\"https:\/\/ikebanaflores.com.br\/blog\/wp-content\/uploads\/2018\/08\/plantas-ornamentais-para-interiores-quais-devo-usar-1-1024x807.jpeg\" alt=\"\" width=\"719\" height=\"567\" srcset=\"https:\/\/ikebanaflores.com.br\/blog\/wp-content\/uploads\/2018\/08\/plantas-ornamentais-para-interiores-quais-devo-usar-1-1024x807.jpeg 1024w, https:\/\/ikebanaflores.com.br\/blog\/wp-content\/uploads\/2018\/08\/plantas-ornamentais-para-interiores-quais-devo-usar-1-300x237.jpeg 300w, https:\/\/ikebanaflores.com.br\/blog\/wp-content\/uploads\/2018\/08\/plantas-ornamentais-para-interiores-quais-devo-usar-1-768x606.jpeg 768w, https:\/\/ikebanaflores.com.br\/blog\/wp-content\/uploads\/2018\/08\/plantas-ornamentais-para-interiores-quais-devo-usar-1-1536x1211.jpeg 1536w, https:\/\/ikebanaflores.com.br\/blog\/wp-content\/uploads\/2018\/08\/plantas-ornamentais-para-interiores-quais-devo-usar-1.jpeg 2000w\" sizes=\"(max-width: 719px) 100vw, 719px\" \/><\/p>\n<p>&nbsp;<\/p>\n<p>Plantas s\u00e3o tudo de bom em nossas vidas. Alegram os ambientes, contribuem para o nosso bem-estar f\u00edsico e mental, al\u00e9m de serem&nbsp;um excelente hobby. Para quem n\u00e3o pode contar com um&nbsp;<a href=\"https:\/\/ikebanaflores.com.br\/blog\/como-fazer-um-canteiro-de-flores\/\" target=\"_blank\" rel=\"noopener noreferrer\">jardim<\/a>&nbsp;externo, uma \u00f3tima sugest\u00e3o s\u00e3o as plantas ornamentais para interiores ou <strong><a href=\"https:\/\/ikebanaflores.com.br\/blog\/passo-a-passo-aprenda-como-fazer-um-jardim-suspenso\/\" target=\"_blank\" rel=\"noopener noreferrer\">jardins suspensos<\/a><\/strong>.<\/p>\n<p>Existem diversas esp\u00e9cies para agradar aos mais diversificados gostos e op\u00e7\u00f5es de espa\u00e7o. Tamanhos, cores, facilidade de cuidar e texturas fazem parte desse card\u00e1pio de alternativas. Para ajud\u00e1-lo, preparamos este post como um miniguia com as principais informa\u00e7\u00f5es sobre as plantas ornamentais, mostrando de que forma elas podem transformar um ambiente. Boa leitura.<\/p>\n<p>&nbsp;<\/p>\n<h2>O que \u00e9 uma planta ornamental?<\/h2>\n<p>&nbsp;<\/p>\n<p>Denomina-se planta ornamental todo tipo de planta que \u00e9 utilizado para embelezar uma \u00e1rea interna ou externa. A planta ornamental \u00e9 a queridinha dos paisagistas e arquitetos, principalmente para agregar charme, estilo e aconchego aos interiores com um toque de natureza.<\/p>\n<p>&nbsp;<\/p>\n<p><img decoding=\"async\" class=\"aligncenter wp-image-3445\" title=\"decorar com plantas\" src=\"https:\/\/ikebanaflores.com.br\/blog\/wp-content\/uploads\/2018\/08\/interior-3575815_960_720-e1534971508833-1.jpg\" alt=\"\" width=\"602\" height=\"561\" srcset=\"https:\/\/ikebanaflores.com.br\/blog\/wp-content\/uploads\/2018\/08\/interior-3575815_960_720-e1534971508833-1.jpg 674w, https:\/\/ikebanaflores.com.br\/blog\/wp-content\/uploads\/2018\/08\/interior-3575815_960_720-e1534971508833-1-300x280.jpg 300w\" sizes=\"(max-width: 602px) 100vw, 602px\" \/><\/p>\n<h6 style=\"text-align: center;\">https:\/\/pixabay.com\/pt\/interior-quartos-estilo-de-vida-3575815\/<\/h6>\n<p>&nbsp;<\/p>\n<p>Como \u00e9 grande a variedade de esp\u00e9cies, pelas suas folhagens,&nbsp;<a href=\"https:\/\/ikebanaflores.com.br\/blog\/conheca-o-significado-das-flores-e-acerte-com-esse-presente\/\" target=\"_blank\" rel=\"noopener noreferrer\">flores<\/a>&nbsp;e frutos, a planta ornamental pode oferecer um visual mais chamativo ou um clima mais discreto, bem ao seu gosto e personalidade. Al\u00e9m disso, ela contribui para a redu\u00e7\u00e3o da polui\u00e7\u00e3o&nbsp;local e torna o ar mais fresco.<\/p>\n<p>Assim, basta procurar uma floricultura tradicional e refer\u00eancia em plantas ornamentais e fazer a sua escolha.<\/p>\n<p>&nbsp;<\/p>\n<h2>Quais os tipos de plantas ornamentais para interiores?<\/h2>\n<p>&nbsp;<\/p>\n<p>Plantas ornamentais, pela sua diversidade, costumam trazer alguma dificuldade no momento de definir os lugares adequados para coloc\u00e1-las e conseguir um resultado final que torne o ambiente diferenciado e que atraia a aten\u00e7\u00e3o de todos.<\/p>\n<p><img decoding=\"async\" class=\"aligncenter wp-image-3447\" src=\"https:\/\/ikebanaflores.com.br\/blog\/wp-content\/uploads\/2018\/08\/furniture-1840463_960_720-1.jpg\" alt=\"\" width=\"695\" height=\"463\" srcset=\"https:\/\/ikebanaflores.com.br\/blog\/wp-content\/uploads\/2018\/08\/furniture-1840463_960_720-1.jpg 960w, https:\/\/ikebanaflores.com.br\/blog\/wp-content\/uploads\/2018\/08\/furniture-1840463_960_720-1-300x200.jpg 300w, https:\/\/ikebanaflores.com.br\/blog\/wp-content\/uploads\/2018\/08\/furniture-1840463_960_720-1-768x511.jpg 768w\" sizes=\"(max-width: 695px) 100vw, 695px\" \/><\/p>\n<h6 style=\"text-align: center;\">https:\/\/pixabay.com\/pt\/mobili%C3%A1rio-tabela-cadeiras-1840463\/<\/h6>\n<p>&nbsp;<\/p>\n<p>Elas tamb\u00e9m precisam ser cuidadas para manterem-se saud\u00e1veis e bonitas. Da\u00ed a import\u00e2ncia de conhecer determinados detalhes sobre esses aspectos, para que as plantas possam ser c\u00famplices do conforto e da qualidade de vida em seu lar.<\/p>\n<p>Confira algumas sugest\u00f5es que separamos para voc\u00ea.<\/p>\n<p>&nbsp;<\/p>\n<h3>Jade<\/h3>\n<p>A jade \u00e9 uma planta que se assemelha a uma mini\u00e1rvore.<\/p>\n<p>\u00c9 uma esp\u00e9cie suculenta, muito f\u00e1cil de cultivar e de cuidar, podendo ser colocada em locais fechados. Contudo, ela precisa de luz do sol&nbsp;por algumas horas, preferencialmente pela manh\u00e3.<\/p>\n<p>&nbsp;<\/p>\n<p><img loading=\"lazy\" decoding=\"async\" class=\"aligncenter wp-image-3442 size-full\" title=\"Planta Jade Ornamental\" src=\"https:\/\/ikebanaflores.com.br\/blog\/wp-content\/uploads\/2018\/08\/plant-1772109_960_720-e1534970558242-1.jpg\" alt=\"\" width=\"616\" height=\"638\" srcset=\"https:\/\/ikebanaflores.com.br\/blog\/wp-content\/uploads\/2018\/08\/plant-1772109_960_720-e1534970558242-1.jpg 616w, https:\/\/ikebanaflores.com.br\/blog\/wp-content\/uploads\/2018\/08\/plant-1772109_960_720-e1534970558242-1-290x300.jpg 290w\" sizes=\"(max-width: 616px) 100vw, 616px\" \/><\/p>\n<h6 style=\"text-align: center;\">https:\/\/pixabay.com\/pt\/planta-jade-planta-cozinha-verde-1772109\/<\/h6>\n<p>&nbsp;<\/p>\n<h3>Brom\u00e9lia<\/h3>\n<p>&nbsp;<\/p>\n<p>A brom\u00e9lia \u00e9 um festival de contrastes com seus tons verde-escuro e avermelhados. \u00c9 uma planta muito decorativa, que chama aten\u00e7\u00e3o de todos e se destaca no local em que \u00e9 colocada.<\/p>\n<p>A luz ideal para ela \u00e9 a indireta, pois a exposi\u00e7\u00e3o direta \u00e0 luz do sol provoca a queimadura de suas folhas.<\/p>\n<p>&nbsp;<\/p>\n<p><img loading=\"lazy\" decoding=\"async\" class=\"aligncenter wp-image-3382\" title=\"bromelia\" src=\"https:\/\/ikebanaflores.com.br\/blog\/wp-content\/uploads\/2018\/08\/bromeliad-1376212_960_720-1.jpg\" alt=\"\" width=\"814\" height=\"610\" srcset=\"https:\/\/ikebanaflores.com.br\/blog\/wp-content\/uploads\/2018\/08\/bromeliad-1376212_960_720-1.jpg 960w, https:\/\/ikebanaflores.com.br\/blog\/wp-content\/uploads\/2018\/08\/bromeliad-1376212_960_720-1-300x225.jpg 300w, https:\/\/ikebanaflores.com.br\/blog\/wp-content\/uploads\/2018\/08\/bromeliad-1376212_960_720-1-768x576.jpg 768w\" sizes=\"(max-width: 814px) 100vw, 814px\" \/><\/p>\n<p>&nbsp;<\/p>\n<h3>Beg\u00f4nia<\/h3>\n<p>&nbsp;<\/p>\n<p>Eis outra sugest\u00e3o que \u00e9 perfeita para voc\u00ea decorar interiores. \u00c9 parecida com um delicado buqu\u00ea de flores e pode ser plantada em vaso. Sua folhagem tem formatos diferentes e \u00e9 colorida. Por falar em delicadeza, deve ficar em \u00e1reas com prote\u00e7\u00e3o da luz solar, das baixas temperaturas e do vento.<\/p>\n<p>&nbsp;<\/p>\n<p><img loading=\"lazy\" decoding=\"async\" class=\"aligncenter wp-image-3448\" title=\"Begonia\" src=\"https:\/\/ikebanaflores.com.br\/blog\/wp-content\/uploads\/2018\/08\/red-kiss-rex-begonia-1509722_960_720-1.jpg\" alt=\"\" width=\"801\" height=\"522\" srcset=\"https:\/\/ikebanaflores.com.br\/blog\/wp-content\/uploads\/2018\/08\/red-kiss-rex-begonia-1509722_960_720-1.jpg 960w, https:\/\/ikebanaflores.com.br\/blog\/wp-content\/uploads\/2018\/08\/red-kiss-rex-begonia-1509722_960_720-1-300x196.jpg 300w, https:\/\/ikebanaflores.com.br\/blog\/wp-content\/uploads\/2018\/08\/red-kiss-rex-begonia-1509722_960_720-1-768x501.jpg 768w\" sizes=\"(max-width: 801px) 100vw, 801px\" \/><\/p>\n<h6 style=\"text-align: center;\">https:\/\/pixabay.com\/pt\/vermelho-beijo-beg%C3%B4nia-rex-1509722\/<\/h6>\n<p>&nbsp;<\/p>\n<h3>Rosas do deserto<\/h3>\n<p>&nbsp;<\/p>\n<p>Elas n\u00e3o se parecem com as rosas que conhecemos. Seu corpo sugere uma miniatura de \u00e1rvore com flores nas extremidades e, como s\u00e3o capazes de crescer, \u00e9 poss\u00edvel que se transformem em \u00e1rvores&nbsp;mesmo. Mas isso demanda muitos, muitos anos. Dentro da resid\u00eancia, elas consomem pouca \u00e1gua e n\u00e3o devem ficar muito expostas \u00e0 luz do sol.<\/p>\n<p>&nbsp;<\/p>\n<p><img loading=\"lazy\" decoding=\"async\" class=\"aligncenter wp-image-3443\" title=\"Rosa do Deserto\" src=\"https:\/\/ikebanaflores.com.br\/blog\/wp-content\/uploads\/2018\/08\/pink-flower-838831_960_720-1-1.jpg\" alt=\"\" width=\"773\" height=\"507\" srcset=\"https:\/\/ikebanaflores.com.br\/blog\/wp-content\/uploads\/2018\/08\/pink-flower-838831_960_720-1-1.jpg 960w, https:\/\/ikebanaflores.com.br\/blog\/wp-content\/uploads\/2018\/08\/pink-flower-838831_960_720-1-1-300x197.jpg 300w, https:\/\/ikebanaflores.com.br\/blog\/wp-content\/uploads\/2018\/08\/pink-flower-838831_960_720-1-1-768x504.jpg 768w\" sizes=\"(max-width: 773px) 100vw, 773px\" \/><\/p>\n<h6 style=\"text-align: center;\">https:\/\/pixabay.com\/pt\/flor-de-rosa-adenium-desert-flower-838831\/<\/h6>\n<p>&nbsp;<\/p>\n<h3>Samambaia<\/h3>\n<p>&nbsp;<\/p>\n<p>Essa \u00e9 uma planta de casa. Sua folhagem \u00e9 exuberante e ela combina com espa\u00e7os voltados ao paisagismo. Em vasos suspensos, suas folhas &#8220;derramam&#8221;&nbsp;e adquirem uma beleza peculiar. A samambaia n\u00e3o \u00e9 muito chegada a ficar no sol o dia todo, mas algumas horas fazem muito bem a ela.<\/p>\n<p>&nbsp;<\/p>\n<p><img loading=\"lazy\" decoding=\"async\" class=\"aligncenter wp-image-3449\" title=\"Samambaia\" src=\"https:\/\/ikebanaflores.com.br\/blog\/wp-content\/uploads\/2018\/08\/fern-1082040_960_720-1.jpg\" alt=\"\" width=\"756\" height=\"504\" srcset=\"https:\/\/ikebanaflores.com.br\/blog\/wp-content\/uploads\/2018\/08\/fern-1082040_960_720-1.jpg 960w, https:\/\/ikebanaflores.com.br\/blog\/wp-content\/uploads\/2018\/08\/fern-1082040_960_720-1-300x200.jpg 300w, https:\/\/ikebanaflores.com.br\/blog\/wp-content\/uploads\/2018\/08\/fern-1082040_960_720-1-768x512.jpg 768w\" sizes=\"(max-width: 756px) 100vw, 756px\" \/><\/p>\n<p>&nbsp;<\/p>\n<h3>Suculentas<\/h3>\n<p>&nbsp;<\/p>\n<p>Essas s\u00e3o a recomenda\u00e7\u00e3o ideal caso voc\u00ea n\u00e3o tenha disponibilidade para reg\u00e1-las todos os dias, pois&nbsp;<a href=\"https:\/\/ikebanaflores.com.br\/blog\/tipos-de-suculentas\/\" target=\"_blank\" rel=\"noopener noreferrer\">as suculentas<\/a>&nbsp;conseguem armazenar \u00e1gua. Vivem sem que seja preciso coloc\u00e1-las ao sol, mas, quando expostas a ele&nbsp;diretamente, o crescimento \u00e9 maior. Entretanto, perdem a forma delicada.<\/p>\n<p>&nbsp;<\/p>\n<p><img loading=\"lazy\" decoding=\"async\" class=\"aligncenter wp-image-3426\" title=\"suculentas\" src=\"https:\/\/ikebanaflores.com.br\/blog\/wp-content\/uploads\/2018\/07\/succulent-1031033_960_720-e1534967663130-1.jpg\" alt=\"\" width=\"586\" height=\"656\" srcset=\"https:\/\/ikebanaflores.com.br\/blog\/wp-content\/uploads\/2018\/07\/succulent-1031033_960_720-e1534967663130-1.jpg 475w, https:\/\/ikebanaflores.com.br\/blog\/wp-content\/uploads\/2018\/07\/succulent-1031033_960_720-e1534967663130-1-268x300.jpg 268w\" sizes=\"(max-width: 586px) 100vw, 586px\" \/><\/p>\n<p>&nbsp;<\/p>\n<p><img loading=\"lazy\" decoding=\"async\" class=\"aligncenter wp-image-3446\" src=\"https:\/\/ikebanaflores.com.br\/blog\/wp-content\/uploads\/2018\/08\/flower-2577767_960_720-1-1.jpg\" alt=\"\" width=\"716\" height=\"477\" srcset=\"https:\/\/ikebanaflores.com.br\/blog\/wp-content\/uploads\/2018\/08\/flower-2577767_960_720-1-1.jpg 960w, https:\/\/ikebanaflores.com.br\/blog\/wp-content\/uploads\/2018\/08\/flower-2577767_960_720-1-1-300x200.jpg 300w, https:\/\/ikebanaflores.com.br\/blog\/wp-content\/uploads\/2018\/08\/flower-2577767_960_720-1-1-768x512.jpg 768w\" sizes=\"(max-width: 716px) 100vw, 716px\" \/><\/p>\n<p>&nbsp;<\/p>\n<p>&nbsp;<\/p>\n<p>Um detalhe importante: cuidado com o ar-condicionado, pois ele pode prejudicar o desenvolvimento das esp\u00e9cies e at\u00e9 mat\u00e1-las. Dicas de <a href=\"https:\/\/ikebanaflores.com.br\/blog\/remedio-para-plantas\/\">rem\u00e9dio para plantas.<\/a><\/p>\n<p>Plantas ornamentais para interiores s\u00e3o excelentes alternativas&nbsp; para dar vitalidade aos espa\u00e7os de sua resid\u00eancia. Com sensibilidade e amor por elas, tenha certeza de que o resultado conquistar\u00e1 muitos elogios.<\/p>\n<p>Achou interessante este post sobre plantas ornamentais para interiores? Para receber diretamente no seu e-mail mais informa\u00e7\u00f5es sobre elas e sobre flores, arranjos e floricultura, \u00e9 s\u00f3&nbsp;<a href=\"https:\/\/ikebanaflores.com.br\/blog\/\" target=\"_blank\" rel=\"noopener noreferrer\">assinar a nossa newsletter<\/a>.<\/p>\n<p>&nbsp;<\/p>\n","protected":false},"excerpt":{"rendered":"<p>&nbsp; Plantas s\u00e3o tudo de bom em nossas vidas. Alegram os ambientes, contribuem para o nosso bem-estar f\u00edsico e mental, al\u00e9m de serem&nbsp;um excelente hobby. Para quem n\u00e3o pode contar com um&nbsp;jardim&nbsp;externo, uma \u00f3tima sugest\u00e3o s\u00e3o as plantas ornamentais para interiores ou jardins suspensos. Existem diversas esp\u00e9cies para agradar aos mais diversificados gostos e op\u00e7\u00f5es [&hellip;]<\/p>\n","protected":false},"author":5,"featured_media":5946,"comment_status":"open","ping_status":"open","sticky":false,"template":"","format":"standard","meta":{"_acf_changed":false,"footnotes":""},"categories":[87,90,91,95,97,106],"tags":[],"class_list":["post-3438","post","type-post","status-publish","format-standard","has-post-thumbnail","hentry","category-arranjos","category-como-cuidar","category-como-cuidar-de-seu-jardim","category-decoracao-para-casamento","category-dicas-importantes","category-suculentas"],"acf":[],"_links":{"self":[{"href":"https:\/\/ikebanaflores.com.br\/blog\/wp-json\/wp\/v2\/posts\/3438","targetHints":{"allow":["GET"]}}],"collection":[{"href":"https:\/\/ikebanaflores.com.br\/blog\/wp-json\/wp\/v2\/posts"}],"about":[{"href":"https:\/\/ikebanaflores.com.br\/blog\/wp-json\/wp\/v2\/types\/post"}],"author":[{"embeddable":true,"href":"https:\/\/ikebanaflores.com.br\/blog\/wp-json\/wp\/v2\/users\/5"}],"replies":[{"embeddable":true,"href":"https:\/\/ikebanaflores.com.br\/blog\/wp-json\/wp\/v2\/comments?post=3438"}],"version-history":[{"count":1,"href":"https:\/\/ikebanaflores.com.br\/blog\/wp-json\/wp\/v2\/posts\/3438\/revisions"}],"predecessor-version":[{"id":5965,"href":"https:\/\/ikebanaflores.com.br\/blog\/wp-json\/wp\/v2\/posts\/3438\/revisions\/5965"}],"wp:featuredmedia":[{"embeddable":true,"href":"https:\/\/ikebanaflores.com.br\/blog\/wp-json\/wp\/v2\/media\/5946"}],"wp:attachment":[{"href":"https:\/\/ikebanaflores.com.br\/blog\/wp-json\/wp\/v2\/media?parent=3438"}],"wp:term":[{"taxonomy":"category","embeddable":true,"href":"https:\/\/ikebanaflores.com.br\/blog\/wp-json\/wp\/v2\/categories?post=3438"},{"taxonomy":"post_tag","embeddable":true,"href":"https:\/\/ikebanaflores.com.br\/blog\/wp-json\/wp\/v2\/tags?post=3438"}],"curies":[{"name":"wp","href":"https:\/\/api.w.org\/{rel}","templated":true}]}}