{"id":3583,"date":"2018-10-10T22:18:03","date_gmt":"2018-10-10T22:18:03","guid":{"rendered":"https:\/\/www.ikebanaflores.com.br\/blog\/?p=3583"},"modified":"2026-03-16T15:42:19","modified_gmt":"2026-03-16T18:42:19","slug":"flores-para-jardim-de-inverno","status":"publish","type":"post","link":"https:\/\/ikebanaflores.com.br\/blog\/flores-para-jardim-de-inverno\/","title":{"rendered":"Flores para jardim de inverno: Quais usar?"},"content":{"rendered":"<p><img fetchpriority=\"high\" decoding=\"async\" class=\"aligncenter wp-image-3585\" title=\"Orqu\u00eddea cymbidium \" src=\"https:\/\/ikebanaflores.com.br\/blog\/wp-content\/uploads\/2018\/10\/as-6-melhores-flores-para-jardim-de-inverno-1-1024x680.jpeg\" alt=\"\" width=\"895\" height=\"594\" srcset=\"https:\/\/ikebanaflores.com.br\/blog\/wp-content\/uploads\/2018\/10\/as-6-melhores-flores-para-jardim-de-inverno-1-1024x680.jpeg 1024w, https:\/\/ikebanaflores.com.br\/blog\/wp-content\/uploads\/2018\/10\/as-6-melhores-flores-para-jardim-de-inverno-1-300x199.jpeg 300w, https:\/\/ikebanaflores.com.br\/blog\/wp-content\/uploads\/2018\/10\/as-6-melhores-flores-para-jardim-de-inverno-1-768x510.jpeg 768w, https:\/\/ikebanaflores.com.br\/blog\/wp-content\/uploads\/2018\/10\/as-6-melhores-flores-para-jardim-de-inverno-1-1536x1020.jpeg 1536w, https:\/\/ikebanaflores.com.br\/blog\/wp-content\/uploads\/2018\/10\/as-6-melhores-flores-para-jardim-de-inverno-1.jpeg 1999w\" sizes=\"(max-width: 895px) 100vw, 895px\" \/><\/p>\n<p>Em tempos de selvas de concreto, quem tem um cantinho verde em casa \u00e9 rei. Com espa\u00e7os cada vez mais reduzidos,\u00a0<a href=\"https:\/\/ikebanaflores.com.br\/blog\/flores-para-apartamento\/\" target=\"_blank\" rel=\"noopener noreferrer\">as casas e apartamentos se viram como podem<\/a>\u00a0para agregar a natureza em seus ambientes e \u00e9 por isso que muita gente aposta em <strong>flores para jardim de inverno<\/strong>.<\/p>\n<p>Tend\u00eancia de <a href=\"https:\/\/www.youtube.com\/watch?v=8LOPiT4P7bM\" target=\"_blank\" rel=\"noopener\">decora\u00e7\u00e3o<\/a>, o jardim de inverno \u00e9 um verdadeiro o\u00e1sis dentro de casa. Nele, voc\u00ea tem a op\u00e7\u00e3o de cultivar plantas, flores, ornamentar com pedras, madeira, vasos, m\u00f3biles, fontes de \u00e1gua e o que mais sua criatividade permitir.<\/p>\n<p>O \u00fanico problema contido na ideia \u00e9 que, por ser interno, o espa\u00e7o criado n\u00e3o pode ser montado com qualquer esp\u00e9cie de planta. Por isso, \u00e9 preciso pesquisar antes de escolher suas flores para <a href=\"https:\/\/blog.quintadellarte.com.br\/entenda-como-fazer-um-lindo-jardim-de-inverno-na-sala\/\" target=\"_blank\" rel=\"noopener\">jardim de inverno<\/a>. Continue lendo e descubra quais s\u00e3o as esp\u00e9cies mais adequadas para viver dentro de casa!<\/p>\n<h2>1. Dedinho-de-mo\u00e7a<\/h2>\n<p>Assim como outras suculentas, o dedinho-de-mo\u00e7a \u00e9 uma boa op\u00e7\u00e3o para jardim de inverno, pois se adapta muito bem ao sol ou \u00e0 meia sombra. Como n\u00e3o precisa de rega frequente, \u00e9 \u00f3tima para\u00a0<a href=\"https:\/\/ikebanaflores.com.br\/blog\/flores-na-decoracao\/\" target=\"_blank\" rel=\"noopener noreferrer\">ornamentar o espa\u00e7o<\/a>. No entanto, \u00e9 interessante observar a planta nos dias mais rigorosos de inverno, j\u00e1 que ela n\u00e3o reage bem ao frio.<\/p>\n<p><img decoding=\"async\" class=\"aligncenter wp-image-3313 size-full\" title=\"Suculenta Rabo de burro\" src=\"https:\/\/ikebanaflores.com.br\/blog\/wp-content\/uploads\/2018\/07\/cactus-2708215_960_720-1.jpg\" alt=\"\" width=\"480\" height=\"720\" srcset=\"https:\/\/ikebanaflores.com.br\/blog\/wp-content\/uploads\/2018\/07\/cactus-2708215_960_720-1.jpg 480w, https:\/\/ikebanaflores.com.br\/blog\/wp-content\/uploads\/2018\/07\/cactus-2708215_960_720-1-200x300.jpg 200w\" sizes=\"(max-width: 480px) 100vw, 480px\" \/><\/p>\n<h2>2. Peper\u00f4mia<\/h2>\n<p>Com uma folhagem muito bonita, a peper\u00f4mia \u00e9 indicada especialmente para quem quer\u00a0<a href=\"https:\/\/ikebanaflores.com.br\/blog\/passo-a-passo-aprenda-como-fazer-um-jardim-suspenso\/\" target=\"_blank\" rel=\"noopener noreferrer\">fazer jardins de inverno suspensos<\/a>\u00a0\u2014 uma vez que ela fica pendente.<\/p>\n<p>O tom verde com bordas amareladas dessa plantinha encanta muito pelo formato, que lembra um cora\u00e7\u00e3o. Ela cresce tranquilamente mesmo em ambientes de meia sombra e, al\u00e9m disso, resiste em luz artificial.<\/p>\n<p><img decoding=\"async\" class=\"aligncenter wp-image-3591\" title=\"Peperomia\" src=\"https:\/\/ikebanaflores.com.br\/blog\/wp-content\/uploads\/2018\/10\/Peperomia_obtusifolia_Greengold-1-768x1024.jpg\" alt=\"\" width=\"602\" height=\"803\" srcset=\"https:\/\/ikebanaflores.com.br\/blog\/wp-content\/uploads\/2018\/10\/Peperomia_obtusifolia_Greengold-1-768x1024.jpg 768w, https:\/\/ikebanaflores.com.br\/blog\/wp-content\/uploads\/2018\/10\/Peperomia_obtusifolia_Greengold-1-225x300.jpg 225w, https:\/\/ikebanaflores.com.br\/blog\/wp-content\/uploads\/2018\/10\/Peperomia_obtusifolia_Greengold-1-1152x1536.jpg 1152w, https:\/\/ikebanaflores.com.br\/blog\/wp-content\/uploads\/2018\/10\/Peperomia_obtusifolia_Greengold-1-1536x2048.jpg 1536w, https:\/\/ikebanaflores.com.br\/blog\/wp-content\/uploads\/2018\/10\/Peperomia_obtusifolia_Greengold-1-scaled.jpg 1920w\" sizes=\"(max-width: 602px) 100vw, 602px\" \/><\/p>\n<h2>3. Orqu\u00eddea<\/h2>\n<p>Uma das <strong><a href=\"https:\/\/ikebanaflores.com.br\/blog\/orquideas\">flores<\/a><\/strong> para jardim de inverno mais exuberantes \u00e9, com certeza,\u00a0<a href=\"https:\/\/ikebanaflores.com.br\/blog\/orquideas-brasileiras\/\" target=\"_blank\" rel=\"noopener noreferrer\">a orqu\u00eddea<\/a>. Com visual ex\u00f3tico, \u00e9 ela que\u00a0pode adicionar mais cor e vida ao espa\u00e7o, com suas flores brancas, amarelas, p\u00farpuras e por a\u00ed vai. F\u00e1cil de cuidar, por\u00e9m, muito fr\u00e1gil, essa esp\u00e9cie gosta de meia sombra, com ilumina\u00e7\u00e3o indireta.<\/p>\n<p><img loading=\"lazy\" decoding=\"async\" class=\"aligncenter wp-image-3107\" title=\"Orqu\u00eddea Denphal\" src=\"https:\/\/ikebanaflores.com.br\/blog\/wp-content\/uploads\/2018\/01\/orchid-black-checkered-2576067_1920-1-1024x768.jpg\" alt=\"\" width=\"819\" height=\"614\" srcset=\"https:\/\/ikebanaflores.com.br\/blog\/wp-content\/uploads\/2018\/01\/orchid-black-checkered-2576067_1920-1-1024x768.jpg 1024w, https:\/\/ikebanaflores.com.br\/blog\/wp-content\/uploads\/2018\/01\/orchid-black-checkered-2576067_1920-1-300x225.jpg 300w, https:\/\/ikebanaflores.com.br\/blog\/wp-content\/uploads\/2018\/01\/orchid-black-checkered-2576067_1920-1-768x576.jpg 768w, https:\/\/ikebanaflores.com.br\/blog\/wp-content\/uploads\/2018\/01\/orchid-black-checkered-2576067_1920-1-1536x1152.jpg 1536w, https:\/\/ikebanaflores.com.br\/blog\/wp-content\/uploads\/2018\/01\/orchid-black-checkered-2576067_1920-1.jpg 1920w\" sizes=\"(max-width: 819px) 100vw, 819px\" \/><\/p>\n<h2>4. Brom\u00e9lia<\/h2>\n<p>A <strong><a href=\"https:\/\/ikebanaflores.com.br\/blog\/vaso-de-bromelia\">brom\u00e9lia<\/a><\/strong> \u00e9 uma soma perfeita de folhagem e flor exuberantes e imponentes. Como cresce naturalmente em locais sem luz solar direta,\u00a0\u00e9 muito usada em jardins de inverno. O lado bom \u00e9 que precisa ser regada a cada dois dias, apenas.<\/p>\n<p><img loading=\"lazy\" decoding=\"async\" class=\"wp-image-6662  aligncenter\" title=\"Bromelia\" src=\"https:\/\/ikebanaflores.com.br\/blog\/wp-content\/uploads\/2018\/10\/bromeliad-1376212_960_720-1-fotor-20230912151759-300x225.jpg\" alt=\"\" width=\"596\" height=\"447\" srcset=\"https:\/\/ikebanaflores.com.br\/blog\/wp-content\/uploads\/2018\/10\/bromeliad-1376212_960_720-1-fotor-20230912151759-300x225.jpg 300w, https:\/\/ikebanaflores.com.br\/blog\/wp-content\/uploads\/2018\/10\/bromeliad-1376212_960_720-1-fotor-20230912151759-768x576.jpg 768w, https:\/\/ikebanaflores.com.br\/blog\/wp-content\/uploads\/2018\/10\/bromeliad-1376212_960_720-1-fotor-20230912151759.jpg 960w\" sizes=\"(max-width: 596px) 100vw, 596px\" \/><\/p>\n<h2>5. Jade<\/h2>\n<p>Para quem gosta de mesclar o jardim com plantas menores, a jade \u00e9 uma alternativa\u00a0interessante. \u00c9\u00a0<a href=\"https:\/\/ikebanaflores.com.br\/blog\/tipos-de-suculentas\/\" target=\"_blank\" rel=\"noopener noreferrer\">uma suculenta<\/a>\u00a0f\u00e1cil de ser cultivada, pois cresce tanto no sol quanto na meia sombra e, assim como j\u00e1 falamos no caso do dedinho-de-mo\u00e7a, precisa de pouca \u00e1gua. Se voc\u00ea deix\u00e1-la em um vaso, vai ver que ela toma um aspecto de bonsai natural. Fica lindo!<\/p>\n<p><img loading=\"lazy\" decoding=\"async\" class=\"aligncenter wp-image-3442\" title=\"Suculenta Jade\" src=\"https:\/\/ikebanaflores.com.br\/blog\/wp-content\/uploads\/2018\/08\/plant-1772109_960_720-e1534970558242-1.jpg\" alt=\"\" width=\"573\" height=\"593\" srcset=\"https:\/\/ikebanaflores.com.br\/blog\/wp-content\/uploads\/2018\/08\/plant-1772109_960_720-e1534970558242-1.jpg 616w, https:\/\/ikebanaflores.com.br\/blog\/wp-content\/uploads\/2018\/08\/plant-1772109_960_720-e1534970558242-1-290x300.jpg 290w\" sizes=\"(max-width: 573px) 100vw, 573px\" \/><\/p>\n<h2>6. Espada-de-s\u00e3o-jorge<\/h2>\n<p>Forte candidata para projetos de paisagismo, a espada-de-s\u00e3o-jorge \u00e9 uma planta bastante resistente, que se adapta facilmente em\u00a0<a href=\"https:\/\/ikebanaflores.com.br\/blog\/plantas-ornamentais-para-interiores\/\" target=\"_blank\" rel=\"noopener noreferrer\">qualquer espa\u00e7o interno<\/a>. Por isso, voc\u00ea pode inclu\u00ed-la em seu jardim de inverno sem medo. Com folhagem mais escura e dura, \u00e9 igualmente f\u00e1cil de cuidar e n\u00e3o faz sujeira ao seu redor, o que ajuda a manter o ambiente sempre organizado e limpo.<\/p>\n<p><img loading=\"lazy\" decoding=\"async\" class=\"aligncenter wp-image-3559\" src=\"https:\/\/ikebanaflores.com.br\/blog\/wp-content\/uploads\/2018\/10\/bebd9adb-2269-4a05-9c2a-b72ef8d322b8-1-768x1024.jpg\" alt=\"\" width=\"577\" height=\"769\" srcset=\"https:\/\/ikebanaflores.com.br\/blog\/wp-content\/uploads\/2018\/10\/bebd9adb-2269-4a05-9c2a-b72ef8d322b8-1-768x1024.jpg 768w, https:\/\/ikebanaflores.com.br\/blog\/wp-content\/uploads\/2018\/10\/bebd9adb-2269-4a05-9c2a-b72ef8d322b8-1-225x300.jpg 225w, https:\/\/ikebanaflores.com.br\/blog\/wp-content\/uploads\/2018\/10\/bebd9adb-2269-4a05-9c2a-b72ef8d322b8-1.jpg 864w\" sizes=\"(max-width: 577px) 100vw, 577px\" \/><\/p>\n<p>O importante \u00e9 pesquisar e escolher as esp\u00e9cies de flores para <a href=\"https:\/\/vejanoticias.com.br\/categoria\/casa-e-jardim\/\" target=\"_blank\" rel=\"noopener noreferrer\">jardim<\/a> de inverno mais adequadas para o espa\u00e7o; assim, seu\u00a0ambiente ficar\u00e1\u00a0sempre bonito, limpo e arrumado. Cuide para que cada planta tenha seu tratamento adequado e\u00a0acima de tudo, aproveite da melhor maneira esse pedacinho da natureza que criou em sua casa.<\/p>\n<p>Agora que voc\u00ea conheceu algumas das principais flores para jardim de inverno, que tal criar o seu? Entre na <a href=\"http:\/\/ikebanaflores.com.br\/blog\/\" target=\"_blank\" rel=\"noopener noreferrer\">loja virtual da Ikebana Flores<\/a> e conhe\u00e7a os produtos mais adequados para montar seu jardim como sempre sonhou!<\/p>\n","protected":false},"excerpt":{"rendered":"<p>Em tempos de selvas de concreto, quem tem um cantinho verde em casa \u00e9 rei. Com espa\u00e7os cada vez mais reduzidos,\u00a0as casas e apartamentos se viram como podem\u00a0para agregar a natureza em seus ambientes e \u00e9 por isso que muita gente aposta em flores para jardim de inverno. Tend\u00eancia de decora\u00e7\u00e3o, o jardim de inverno [&hellip;]<\/p>\n","protected":false},"author":5,"featured_media":5937,"comment_status":"open","ping_status":"open","sticky":false,"template":"","format":"standard","meta":{"_acf_changed":false,"footnotes":""},"categories":[97,95,101,102,106],"tags":[],"class_list":["post-3583","post","type-post","status-publish","format-standard","has-post-thumbnail","hentry","category-dicas-importantes","category-decoracao-para-casamento","category-plantas-e-flores","category-plantas-em-vasos-dicas","category-suculentas"],"acf":[],"_links":{"self":[{"href":"https:\/\/ikebanaflores.com.br\/blog\/wp-json\/wp\/v2\/posts\/3583","targetHints":{"allow":["GET"]}}],"collection":[{"href":"https:\/\/ikebanaflores.com.br\/blog\/wp-json\/wp\/v2\/posts"}],"about":[{"href":"https:\/\/ikebanaflores.com.br\/blog\/wp-json\/wp\/v2\/types\/post"}],"author":[{"embeddable":true,"href":"https:\/\/ikebanaflores.com.br\/blog\/wp-json\/wp\/v2\/users\/5"}],"replies":[{"embeddable":true,"href":"https:\/\/ikebanaflores.com.br\/blog\/wp-json\/wp\/v2\/comments?post=3583"}],"version-history":[{"count":2,"href":"https:\/\/ikebanaflores.com.br\/blog\/wp-json\/wp\/v2\/posts\/3583\/revisions"}],"predecessor-version":[{"id":6663,"href":"https:\/\/ikebanaflores.com.br\/blog\/wp-json\/wp\/v2\/posts\/3583\/revisions\/6663"}],"wp:featuredmedia":[{"embeddable":true,"href":"https:\/\/ikebanaflores.com.br\/blog\/wp-json\/wp\/v2\/media\/5937"}],"wp:attachment":[{"href":"https:\/\/ikebanaflores.com.br\/blog\/wp-json\/wp\/v2\/media?parent=3583"}],"wp:term":[{"taxonomy":"category","embeddable":true,"href":"https:\/\/ikebanaflores.com.br\/blog\/wp-json\/wp\/v2\/categories?post=3583"},{"taxonomy":"post_tag","embeddable":true,"href":"https:\/\/ikebanaflores.com.br\/blog\/wp-json\/wp\/v2\/tags?post=3583"}],"curies":[{"name":"wp","href":"https:\/\/api.w.org\/{rel}","templated":true}]}}