{"id":422,"date":"2012-01-17T00:18:19","date_gmt":"2012-01-17T00:18:19","guid":{"rendered":"https:\/\/www.ikebanaflores.com.br\/blog\/?p=422"},"modified":"2026-03-16T17:08:10","modified_gmt":"2026-03-16T20:08:10","slug":"cuidados_plantas_verao","status":"publish","type":"post","link":"https:\/\/ikebanaflores.com.br\/blog\/cuidados_plantas_verao\/","title":{"rendered":"Como cuidar das plantas no ver\u00e3o"},"content":{"rendered":"<p style=\"text-align: justify;\">Os cuidados com as plantas devem ser redobrados no ver\u00e3o, elas carecem de regas constantes.<\/p>\n<p style=\"text-align: justify;\">As plantas localizadas em ambientes clim\u00e1ticos \u00e1ridos devem ser regadas duas vezes por dia, pela manh\u00e3 e \u00e0 tarde.<\/p>\n<p style=\"text-align: justify;\">O ar seco altera tamb\u00e9m as plantas de interiores, nesses casos \u00e9 necess\u00e1rio regar habitualmente e borrifar com \u00e1gua na temperatura ambiente sobre suas folhagens.<\/p>\n<p style=\"text-align: left; padding-left: 90px;\"><span style=\"color: #000000; text-decoration: underline;\"><strong>Dicas:<\/strong><\/span><\/p>\n<p style=\"padding-left: 120px;\"><em>\u00b7\u00a0\u00a0\u00a0\u00a0\u00a0\u00a0\u00a0 Substitua os vasos met\u00e1licos ou resina sint\u00e9tica\u00a0(eles esquentam muito, pois absorvem o sol) por vasos de barro, pois este transpira e deixa passar o ar;<\/em><\/p>\n<p style=\"padding-left: 120px;\"><em>\u00a0\u00b7\u00a0\u00a0\u00a0\u00a0\u00a0\u00a0\u00a0 Armazene os vasos em recipientes maiores;<\/em><\/p>\n<p style=\"padding-left: 120px;\"><em>\u00b7\u00a0\u00a0\u00a0\u00a0\u00a0\u00a0\u00a0\u00a0 Durante as regas jogue \u00e1gua na terra e em volta do vaso interior.<\/em><\/p>\n<p style=\"padding-left: 60px;\"><a href=\"http:\/\/ikebanaflores.com.br\/blog\/wp-content\/uploads\/2012\/01\/gerbera.jpg\"><img fetchpriority=\"high\" decoding=\"async\" class=\"size-medium wp-image-436 alignleft\" title=\"gerbera\" src=\"http:\/\/ikebanaflores.com.br\/blog\/wp-content\/uploads\/2012\/01\/gerbera-300x300.jpg\" alt=\"\" width=\"240\" height=\"240\" srcset=\"https:\/\/ikebanaflores.com.br\/blog\/wp-content\/uploads\/2012\/01\/gerbera-300x300.jpg 300w, https:\/\/ikebanaflores.com.br\/blog\/wp-content\/uploads\/2012\/01\/gerbera-150x150.jpg 150w, https:\/\/ikebanaflores.com.br\/blog\/wp-content\/uploads\/2012\/01\/gerbera.jpg 400w\" sizes=\"(max-width: 240px) 100vw, 240px\" \/><\/a><\/p>\n<p style=\"text-align: left; padding-left: 60px;\"><span style=\"color: #000000;\"><strong>Visite a <a href=\"http:\/\/ikebanaflores.com.br\/blog\/\">nossa loja virtual <\/a>e confira uma imensa variedade de flores,<\/strong><strong><a href=\"http:\/\/ikebanaflores.com.br\/blog\/arranjos-de-flores.html\"> arranjos<\/a>, cestas e muito mais.<\/strong><\/span><\/p>\n<p style=\"text-align: left; padding-left: 60px;\"><span style=\"color: #ff6600;\"><a href=\"http:\/\/ikebanaflores.com.br\/blog\/\"><span style=\"color: #ff6600;\"><br \/>\n<\/span><\/a><\/span><\/p>\n","protected":false},"excerpt":{"rendered":"<p>Os cuidados com as plantas devem ser redobrados no ver\u00e3o, elas carecem de regas constantes. As plantas localizadas em ambientes clim\u00e1ticos \u00e1ridos devem ser regadas duas vezes por dia, pela manh\u00e3 e \u00e0 tarde. O ar seco altera tamb\u00e9m as plantas de interiores, nesses casos \u00e9 necess\u00e1rio regar habitualmente e borrifar com \u00e1gua na temperatura [&hellip;]<\/p>\n","protected":false},"author":5,"featured_media":0,"comment_status":"open","ping_status":"open","sticky":false,"template":"","format":"standard","meta":{"_acf_changed":false,"footnotes":""},"categories":[90,104],"tags":[],"class_list":["post-422","post","type-post","status-publish","format-standard","hentry","category-como-cuidar","category-sem-categoria"],"acf":[],"_links":{"self":[{"href":"https:\/\/ikebanaflores.com.br\/blog\/wp-json\/wp\/v2\/posts\/422","targetHints":{"allow":["GET"]}}],"collection":[{"href":"https:\/\/ikebanaflores.com.br\/blog\/wp-json\/wp\/v2\/posts"}],"about":[{"href":"https:\/\/ikebanaflores.com.br\/blog\/wp-json\/wp\/v2\/types\/post"}],"author":[{"embeddable":true,"href":"https:\/\/ikebanaflores.com.br\/blog\/wp-json\/wp\/v2\/users\/5"}],"replies":[{"embeddable":true,"href":"https:\/\/ikebanaflores.com.br\/blog\/wp-json\/wp\/v2\/comments?post=422"}],"version-history":[{"count":1,"href":"https:\/\/ikebanaflores.com.br\/blog\/wp-json\/wp\/v2\/posts\/422\/revisions"}],"predecessor-version":[{"id":7209,"href":"https:\/\/ikebanaflores.com.br\/blog\/wp-json\/wp\/v2\/posts\/422\/revisions\/7209"}],"wp:attachment":[{"href":"https:\/\/ikebanaflores.com.br\/blog\/wp-json\/wp\/v2\/media?parent=422"}],"wp:term":[{"taxonomy":"category","embeddable":true,"href":"https:\/\/ikebanaflores.com.br\/blog\/wp-json\/wp\/v2\/categories?post=422"},{"taxonomy":"post_tag","embeddable":true,"href":"https:\/\/ikebanaflores.com.br\/blog\/wp-json\/wp\/v2\/tags?post=422"}],"curies":[{"name":"wp","href":"https:\/\/api.w.org\/{rel}","templated":true}]}}