{"id":5041,"date":"2021-10-28T10:30:00","date_gmt":"2021-10-28T10:30:00","guid":{"rendered":"https:\/\/www.ikebanaflores.com.br\/blog\/?p=5041"},"modified":"2026-03-16T15:29:47","modified_gmt":"2026-03-16T18:29:47","slug":"flores-mais-usadas-para-homenagear-os-mortos","status":"publish","type":"post","link":"https:\/\/ikebanaflores.com.br\/blog\/flores-mais-usadas-para-homenagear-os-mortos\/","title":{"rendered":"12 flores mais usadas para homenagear os mortos"},"content":{"rendered":"\n<figure class=\"wp-block-image size-large\"><img fetchpriority=\"high\" decoding=\"async\" width=\"1024\" height=\"682\" src=\"https:\/\/ikebanaflores.com.br\/blog\/wp-content\/uploads\/2020\/10\/cemetery-2884195_1280_Easy-Resize.com_-1024x682.jpg\" alt=\"homenagear-os-mortos\" class=\"wp-image-5052\" srcset=\"https:\/\/ikebanaflores.com.br\/blog\/wp-content\/uploads\/2020\/10\/cemetery-2884195_1280_Easy-Resize.com_-1024x682.jpg 1024w, https:\/\/ikebanaflores.com.br\/blog\/wp-content\/uploads\/2020\/10\/cemetery-2884195_1280_Easy-Resize.com_-300x200.jpg 300w, https:\/\/ikebanaflores.com.br\/blog\/wp-content\/uploads\/2020\/10\/cemetery-2884195_1280_Easy-Resize.com_-768x512.jpg 768w, https:\/\/ikebanaflores.com.br\/blog\/wp-content\/uploads\/2020\/10\/cemetery-2884195_1280_Easy-Resize.com_.jpg 1280w\" sizes=\"(max-width: 1024px) 100vw, 1024px\" \/><\/figure>\n\n\n\n<p>Homenagear os mortos \u00e9 uma tradi\u00e7\u00e3o. Todos os anos, no dia 2 de novembro, milhares de pessoas ocupam os cemit\u00e9rios para levar flores aos falecidos. Voc\u00ea sabe quais s\u00e3o as flores mais utilizadas para as homenagens de Dia dos Finados?<\/p>\n\n\n\n<p>Ainda que o <strong>Dia de Finado<\/strong>s seja uma data dif\u00edcil, reverenciar a mem\u00f3ria de quem partiu antes de n\u00f3s \u00e9 uma forma de ressignificar a saudade e a aus\u00eancia.&nbsp;<\/p>\n\n\n\n<p>Nesse artigo voc\u00ea vai saber mais sobre a<strong> origem da data<\/strong> e conhecer as <strong>esp\u00e9cies mais indicadas<\/strong> para expressar seus sentimentos aos entes queridos.&nbsp;<\/p>\n\n\n\n<h2 class=\"wp-block-heading\">Homenagear os mortos: conhe\u00e7a a origem do Dia de Finados<\/h2>\n\n\n\n<p><\/p>\n\n\n\n<p>O grande respons\u00e1vel por instituir a data foi o monge beneditino Odilo (ou Odilon) de Cluny, abadia localizada na Borgonha (Fran\u00e7a). Foi ele quem criou o \u201cDia de Todos os Santos\u201d (1\u00ba de novembro) e o<strong> \u201cDia de Todas as Almas\u201d<\/strong> (2 de novembro).&nbsp;<\/p>\n\n\n\n<p>Inicialmente, essas datas eram celebradas apenas nos mosteiros da Ordem Beneditina. Por\u00e9m, a partir do s\u00e9culo XII, o 2 de novembro se popularizou como <strong>\u201cDia de Finados\u201d<\/strong> no Ocidente, principalmente nos pa\u00edses que adotaram o Cristianismo.&nbsp;<\/p>\n\n\n\n<figure class=\"wp-block-image size-large\"><img decoding=\"async\" width=\"1024\" height=\"661\" src=\"https:\/\/ikebanaflores.com.br\/blog\/wp-content\/uploads\/2020\/10\/rose-4925102_1280_Easy-Resize.com_-1024x661.jpg\" alt=\"finados flor amarela\" class=\"wp-image-5054\" srcset=\"https:\/\/ikebanaflores.com.br\/blog\/wp-content\/uploads\/2020\/10\/rose-4925102_1280_Easy-Resize.com_-1024x661.jpg 1024w, https:\/\/ikebanaflores.com.br\/blog\/wp-content\/uploads\/2020\/10\/rose-4925102_1280_Easy-Resize.com_-300x194.jpg 300w, https:\/\/ikebanaflores.com.br\/blog\/wp-content\/uploads\/2020\/10\/rose-4925102_1280_Easy-Resize.com_-768x496.jpg 768w, https:\/\/ikebanaflores.com.br\/blog\/wp-content\/uploads\/2020\/10\/rose-4925102_1280_Easy-Resize.com_.jpg 1280w\" sizes=\"(max-width: 1024px) 100vw, 1024px\" \/><\/figure>\n\n\n\n<p>Passados s\u00e9culos, do Dia de Finados continua uma tradi\u00e7\u00e3o, marcados por rituais que homenageiam a mem\u00f3ria dos mortos.&nbsp;<\/p>\n\n\n\n<p>Nesse dia, as sociedades costumam rezar pelos que partiram, pois, segundo a Igreja Cat\u00f3lica, a alma dos falecidos mortos precisa passar por um processo de purifica\u00e7\u00e3o.&nbsp;<\/p>\n\n\n\n<p>Para os ocidentais, o Dia de Finados serve para <strong>medita\u00e7\u00e3o e conex\u00e3o das pessoas com seus entes queridos<\/strong>, enviando-lhes bons pensamentos e ora\u00e7\u00f5es.&nbsp;<\/p>\n\n\n\n<p>Pela tradi\u00e7\u00e3o, milhares de pessoas se dirigem aos cemit\u00e9rios para rezar, acender velas e levar flores. As l\u00e1pides ficam enfeitadas com arranjos, coroas e buqu\u00eas.<\/p>\n\n\n\n<p>Essa \u00e9 a maneira que as pessoas encontraram para homenagear e lembrar seus mortos, com respeito e rever\u00eancia. Conhe\u00e7a a seguir <strong>as esp\u00e9cies mais comuns no Dia de Finados e seus significados<\/strong>.&nbsp;<\/p>\n\n\n\n<h2 class=\"wp-block-heading\">12 flores sugeridas para homenagear os mortos<\/h2>\n\n\n\n<p><\/p>\n\n\n\n<p>Normalmente, \u00e9 comum optar por flores dur\u00e1veis e resistentes \u00e0 a\u00e7\u00e3o do clima, pois ir\u00e3o ficar expostas nas l\u00e1pides e t\u00famulos. Nossa lista cont\u00e9m 12 sugest\u00f5es para homenagear os mortos. Escolha conforme o sentimento que voc\u00ea deseja expressar.&nbsp;<br><\/p>\n\n\n\n<h3 class=\"wp-block-heading\">1. Cris\u00e2ntemo<\/h3>\n\n\n\n<figure class=\"wp-block-image size-large\"><img decoding=\"async\" width=\"1024\" height=\"682\" src=\"https:\/\/ikebanaflores.com.br\/blog\/wp-content\/uploads\/2020\/10\/chrysanthemum-4572108_640_Easy-Resize.com_-1024x682.jpg\" alt=\"crisantemo-mortos\" class=\"wp-image-5056\" srcset=\"https:\/\/ikebanaflores.com.br\/blog\/wp-content\/uploads\/2020\/10\/chrysanthemum-4572108_640_Easy-Resize.com_-1024x682.jpg 1024w, https:\/\/ikebanaflores.com.br\/blog\/wp-content\/uploads\/2020\/10\/chrysanthemum-4572108_640_Easy-Resize.com_-300x200.jpg 300w, https:\/\/ikebanaflores.com.br\/blog\/wp-content\/uploads\/2020\/10\/chrysanthemum-4572108_640_Easy-Resize.com_-768x511.jpg 768w, https:\/\/ikebanaflores.com.br\/blog\/wp-content\/uploads\/2020\/10\/chrysanthemum-4572108_640_Easy-Resize.com_.jpg 1280w\" sizes=\"(max-width: 1024px) 100vw, 1024px\" \/><\/figure>\n\n\n\n<p>Os pre\u00e7os mais baixos e a grande variedade de cores fazem do cris\u00e2ntemo a <strong>esp\u00e9cie mais procurada<\/strong> para as homenagens de Finados. A flor representa simplicidade, perfei\u00e7\u00e3o e sinceridade.&nbsp;<\/p>\n\n\n\n<h3 class=\"wp-block-heading\">2. Kalanchoe (ou calandiva)<\/h3>\n\n\n\n<p>Bastante procurada pela durabilidade, o kalanchoe <strong>resiste bem \u00e0 exposi\u00e7\u00e3o ao sol e ao vento<\/strong>. Essa flor \u00e9 encontrada em diversas cores como vermelho, amarelo, rosa, lil\u00e1s e branco.&nbsp;<\/p>\n\n\n\n<h3 class=\"wp-block-heading\">3. Ant\u00fario<\/h3>\n\n\n\n<p>Ex\u00f3tico e origin\u00e1rio da Col\u00f4mbia, o ant\u00fario \u00e9 bastante usado em <a href=\"https:\/\/ikebanaflores.com.br\/blog\/coroa-de-flores\">coroas<\/a>. Por simbolizar autoridade e confian\u00e7a, o ant\u00fario \u00e9 escolhido para reverenciar homens, principalmente <strong>amigos, chefes ou colegas de trabalho<\/strong>.&nbsp;<\/p>\n\n\n\n<h3 class=\"wp-block-heading\">4. Cravos brancos<\/h3>\n\n\n\n<figure class=\"wp-block-image size-large\"><img loading=\"lazy\" decoding=\"async\" width=\"1024\" height=\"768\" src=\"https:\/\/ikebanaflores.com.br\/blog\/wp-content\/uploads\/2020\/10\/spring-carnation-8101_1280_Easy-Resize.com_-1024x768.jpg\" alt=\"cravos-brancos-finados\" class=\"wp-image-5058\" srcset=\"https:\/\/ikebanaflores.com.br\/blog\/wp-content\/uploads\/2020\/10\/spring-carnation-8101_1280_Easy-Resize.com_-1024x768.jpg 1024w, https:\/\/ikebanaflores.com.br\/blog\/wp-content\/uploads\/2020\/10\/spring-carnation-8101_1280_Easy-Resize.com_-300x225.jpg 300w, https:\/\/ikebanaflores.com.br\/blog\/wp-content\/uploads\/2020\/10\/spring-carnation-8101_1280_Easy-Resize.com_-768x576.jpg 768w, https:\/\/ikebanaflores.com.br\/blog\/wp-content\/uploads\/2020\/10\/spring-carnation-8101_1280_Easy-Resize.com_.jpg 1280w\" sizes=\"(max-width: 1024px) 100vw, 1024px\" \/><\/figure>\n\n\n\n<p>Popularmente, essas flores <strong>representam saudade<\/strong>. Por isso, s\u00e3o bastante procuradas para homenagear as m\u00e3es que j\u00e1 se foram.<\/p>\n\n\n\n<h3 class=\"wp-block-heading\">5. Rosas&nbsp;<\/h3>\n\n\n\n<p>Rosas t\u00eam <a rel=\"noreferrer noopener\" aria-label=\"muitos significados (abre numa nova aba)\" href=\"https:\/\/ikebanaflores.com.br\/blog\/significado-das-rosas\/\" target=\"_blank\">muitos significados<\/a> e geralmente s\u00e3o usadas para homenagear pessoas com as quais mantivemos la\u00e7os muito \u00edntimos. As<strong> rosas-brancas<\/strong>, por exemplo, simbolizam harmonia, espiritualidade, rever\u00eancia e amor eterno. Escolha essa esp\u00e9cie para transmitir paz e bons pensamentos ao falecido.&nbsp;<\/p>\n\n\n\n<p>J\u00e1 as<strong> rosas-vermelhas<\/strong> simbolizam coragem, respeito e carinho, sendo preferidas para homenagear uma pessoa com a qual tivemos muita proximidade.&nbsp;<\/p>\n\n\n\n<h3 class=\"wp-block-heading\">6. L\u00edrios<\/h3>\n\n\n\n<figure class=\"wp-block-image size-large\"><img loading=\"lazy\" decoding=\"async\" width=\"1024\" height=\"682\" src=\"https:\/\/ikebanaflores.com.br\/blog\/wp-content\/uploads\/2020\/10\/lily-3763573_1280_Easy-Resize.com_-1024x682.jpg\" alt=\"lirios-para-finados\" class=\"wp-image-5059\" srcset=\"https:\/\/ikebanaflores.com.br\/blog\/wp-content\/uploads\/2020\/10\/lily-3763573_1280_Easy-Resize.com_-1024x682.jpg 1024w, https:\/\/ikebanaflores.com.br\/blog\/wp-content\/uploads\/2020\/10\/lily-3763573_1280_Easy-Resize.com_-300x200.jpg 300w, https:\/\/ikebanaflores.com.br\/blog\/wp-content\/uploads\/2020\/10\/lily-3763573_1280_Easy-Resize.com_-768x512.jpg 768w, https:\/\/ikebanaflores.com.br\/blog\/wp-content\/uploads\/2020\/10\/lily-3763573_1280_Easy-Resize.com_.jpg 1280w\" sizes=\"(max-width: 1024px) 100vw, 1024px\" \/><\/figure>\n\n\n\n<p>Representam nobreza, discri\u00e7\u00e3o e respeito. Tamb\u00e9m simbolizam pureza, inoc\u00eancia e <strong>amor eterno<\/strong>. Apesar de terem um custo mais elevado, os <a href=\"https:\/\/ikebanaflores.com.br\/blog\/vaso-lirio-branco-embalagem-especial\" target=\"_blank\" rel=\"noreferrer noopener\" aria-label=\"l\u00edrios (abre numa nova aba)\">l\u00edrios<\/a> s\u00e3o muito utilizados em coroas.&nbsp;<\/p>\n\n\n\n<h3 class=\"wp-block-heading\">7. Copo de leite<\/h3>\n\n\n\n<p>De origem africana e com aroma suave, o copo de leite transmite sentimentos de paz, calma e profunda <strong>liga\u00e7\u00e3o com o sagrado<\/strong>. Por esses motivos eles s\u00e3o bastante procurados para as homenagens de Finados.&nbsp;<\/p>\n\n\n\n<h3 class=\"wp-block-heading\">8. Liziantus<\/h3>\n\n\n\n<p>Delicada e elegante, essa <a href=\"https:\/\/ikebanaflores.com.br\/blog\/centro-de-mesa-liziantus\" target=\"_blank\" rel=\"noreferrer noopener\" aria-label=\"flor (abre numa nova aba)\">flor<\/a> \u00e9 escolhida para <strong>homenagear <a href=\"https:\/\/ikebanaflores.com.br\/blog\/mulheres-gostam-de-flores\/\" target=\"_blank\" rel=\"noreferrer noopener\" aria-label=\"mulheres (abre numa nova aba)\">mulheres<\/a><\/strong>, principalmente as mais maduras, pois representam a sensibilidade feminina.&nbsp;<\/p>\n\n\n\n<h3 class=\"wp-block-heading\">9. G\u00e9rbera<\/h3>\n\n\n\n<figure class=\"wp-block-image size-large\"><img loading=\"lazy\" decoding=\"async\" width=\"1024\" height=\"601\" src=\"https:\/\/ikebanaflores.com.br\/blog\/wp-content\/uploads\/2020\/10\/flower-631765_1280_Easy-Resize.com_-1024x601.jpg\" alt=\"flores-para-mortos\" class=\"wp-image-5061\" srcset=\"https:\/\/ikebanaflores.com.br\/blog\/wp-content\/uploads\/2020\/10\/flower-631765_1280_Easy-Resize.com_-1024x601.jpg 1024w, https:\/\/ikebanaflores.com.br\/blog\/wp-content\/uploads\/2020\/10\/flower-631765_1280_Easy-Resize.com_-300x176.jpg 300w, https:\/\/ikebanaflores.com.br\/blog\/wp-content\/uploads\/2020\/10\/flower-631765_1280_Easy-Resize.com_-768x451.jpg 768w, https:\/\/ikebanaflores.com.br\/blog\/wp-content\/uploads\/2020\/10\/flower-631765_1280_Easy-Resize.com_.jpg 1280w\" sizes=\"(max-width: 1024px) 100vw, 1024px\" \/><\/figure>\n\n\n\n<p>A <a href=\"https:\/\/ikebanaflores.com.br\/blog\/primavera-dourada-gerberas\" target=\"_blank\" rel=\"noreferrer noopener\" aria-label=\"g\u00e9rbera (abre numa nova aba)\">g\u00e9rbera<\/a> \u00e9 associada \u00e0 beleza e encontrada em diversas cores como branco, rosa, violeta e vermelho. S\u00e3o flores bastante resistentes ao tempo. As g\u00e9rberas amarelas s\u00e3o escolhidas para <strong>homenagear crian\u00e7as<\/strong>, pois simbolizam pureza e inoc\u00eancia.&nbsp;&nbsp;<\/p>\n\n\n\n<h3 class=\"wp-block-heading\">10. Astrom\u00e9lia<\/h3>\n\n\n\n<p>De pre\u00e7o acess\u00edvel, essa for \u00e9 bastante escolhida para decorar os t\u00famulos no Dia de Finados e s\u00e3o<strong> frequentes nas tradicionais coroas<\/strong>.&nbsp;<\/p>\n\n\n\n<h3 class=\"wp-block-heading\">11. Orqu\u00eddeas<\/h3>\n\n\n\n<p><strong>Simbolizam pureza espiritual<\/strong> e s\u00e3o escolhidas para relembrar aqueles que se foram por transmitirem paz e reflex\u00e3o.&nbsp;<\/p>\n\n\n\n<h3 class=\"wp-block-heading\">12. Margaridas<\/h3>\n\n\n\n<figure class=\"wp-block-image size-large\"><img loading=\"lazy\" decoding=\"async\" width=\"1024\" height=\"754\" src=\"https:\/\/ikebanaflores.com.br\/blog\/wp-content\/uploads\/2020\/10\/daisy-712892_1280_Easy-Resize.com_-1024x754.jpg\" alt=\"\" class=\"wp-image-5063\" srcset=\"https:\/\/ikebanaflores.com.br\/blog\/wp-content\/uploads\/2020\/10\/daisy-712892_1280_Easy-Resize.com_-1024x754.jpg 1024w, https:\/\/ikebanaflores.com.br\/blog\/wp-content\/uploads\/2020\/10\/daisy-712892_1280_Easy-Resize.com_-300x221.jpg 300w, https:\/\/ikebanaflores.com.br\/blog\/wp-content\/uploads\/2020\/10\/daisy-712892_1280_Easy-Resize.com_-768x566.jpg 768w, https:\/\/ikebanaflores.com.br\/blog\/wp-content\/uploads\/2020\/10\/daisy-712892_1280_Easy-Resize.com_.jpg 1280w\" sizes=\"(max-width: 1024px) 100vw, 1024px\" \/><\/figure>\n\n\n\n<p>Singelas, as margaridas s\u00e3o perfeitas para adornar as coroas de flores comuns nas cerim\u00f4nias f\u00fanebres. <strong>Transmitem sensibilidade, afeto e paz<\/strong>.&nbsp;<\/p>\n\n\n\n<p><em>Essas s\u00e3o as sugest\u00f5es da <strong>Ikebana Flores<\/strong>. Independente da sua escolha, temos diversas op\u00e7\u00f5es para as homenagens no Dia de Finados. <a rel=\"noreferrer noopener\" aria-label=\"Entre em contato (abre numa nova aba)\" href=\"https:\/\/ikebanaflores.com.br\/blog\/\" target=\"_blank\">Entre em contato<\/a> conosco e teremos o maior prazer em ajudar voc\u00ea.&nbsp;<\/em><\/p>\n\n\n\n<p>Por <a rel=\"noreferrer noopener\" href=\"https:\/\/sites.google.com\/view\/ana-bittencourt-redatora\" target=\"_blank\">Ana Bittencourt<\/a> (MTb 14.265)<br><\/p>\n","protected":false},"excerpt":{"rendered":"<p>Homenagear os mortos \u00e9 uma tradi\u00e7\u00e3o. Todos os anos, no dia 2 de novembro, milhares de pessoas ocupam os cemit\u00e9rios para levar flores aos falecidos. Voc\u00ea sabe quais s\u00e3o as flores mais utilizadas para as homenagens de Dia dos Finados? Ainda que o Dia de Finados seja uma data dif\u00edcil, reverenciar a mem\u00f3ria de quem [&hellip;]<\/p>\n","protected":false},"author":5,"featured_media":5672,"comment_status":"open","ping_status":"open","sticky":false,"template":"","format":"standard","meta":{"_acf_changed":false,"footnotes":""},"categories":[94,93],"tags":[],"class_list":["post-5041","post","type-post","status-publish","format-standard","has-post-thumbnail","hentry","category-datas-comemorativas","category-curiosidades"],"acf":[],"_links":{"self":[{"href":"https:\/\/ikebanaflores.com.br\/blog\/wp-json\/wp\/v2\/posts\/5041","targetHints":{"allow":["GET"]}}],"collection":[{"href":"https:\/\/ikebanaflores.com.br\/blog\/wp-json\/wp\/v2\/posts"}],"about":[{"href":"https:\/\/ikebanaflores.com.br\/blog\/wp-json\/wp\/v2\/types\/post"}],"author":[{"embeddable":true,"href":"https:\/\/ikebanaflores.com.br\/blog\/wp-json\/wp\/v2\/users\/5"}],"replies":[{"embeddable":true,"href":"https:\/\/ikebanaflores.com.br\/blog\/wp-json\/wp\/v2\/comments?post=5041"}],"version-history":[{"count":3,"href":"https:\/\/ikebanaflores.com.br\/blog\/wp-json\/wp\/v2\/posts\/5041\/revisions"}],"predecessor-version":[{"id":7059,"href":"https:\/\/ikebanaflores.com.br\/blog\/wp-json\/wp\/v2\/posts\/5041\/revisions\/7059"}],"wp:featuredmedia":[{"embeddable":true,"href":"https:\/\/ikebanaflores.com.br\/blog\/wp-json\/wp\/v2\/media\/5672"}],"wp:attachment":[{"href":"https:\/\/ikebanaflores.com.br\/blog\/wp-json\/wp\/v2\/media?parent=5041"}],"wp:term":[{"taxonomy":"category","embeddable":true,"href":"https:\/\/ikebanaflores.com.br\/blog\/wp-json\/wp\/v2\/categories?post=5041"},{"taxonomy":"post_tag","embeddable":true,"href":"https:\/\/ikebanaflores.com.br\/blog\/wp-json\/wp\/v2\/tags?post=5041"}],"curies":[{"name":"wp","href":"https:\/\/api.w.org\/{rel}","templated":true}]}}