{"id":5104,"date":"2020-11-19T20:53:29","date_gmt":"2020-11-19T20:53:29","guid":{"rendered":"https:\/\/www.ikebanaflores.com.br\/blog\/?p=5104"},"modified":"2026-03-16T15:34:45","modified_gmt":"2026-03-16T18:34:45","slug":"arvores-urbanas","status":"publish","type":"post","link":"https:\/\/ikebanaflores.com.br\/blog\/arvores-urbanas\/","title":{"rendered":"\u00c1rvores urbanas: por que plantar e quais as esp\u00e9cies mais indicadas"},"content":{"rendered":"\n<h1 class=\"wp-block-heading\"><\/h1>\n\n\n\n<p>Voc\u00ea sabia que Belo Horizonte \u00e9 a<strong> terceira cidade mais arborizada<\/strong> do Brasil e a<strong> mais verde do Sudeste<\/strong>?<\/p>\n\n\n\n<figure class=\"wp-block-image size-large\"><img fetchpriority=\"high\" decoding=\"async\" width=\"1024\" height=\"682\" src=\"https:\/\/ikebanaflores.com.br\/blog\/wp-content\/uploads\/2020\/11\/luiz-felipe-silva-carmo-lduNayjNYck-unsplash_Easy-Resize.com_-1-1024x682.jpg\" alt=\"\" class=\"wp-image-5105\" srcset=\"https:\/\/ikebanaflores.com.br\/blog\/wp-content\/uploads\/2020\/11\/luiz-felipe-silva-carmo-lduNayjNYck-unsplash_Easy-Resize.com_-1-1024x682.jpg 1024w, https:\/\/ikebanaflores.com.br\/blog\/wp-content\/uploads\/2020\/11\/luiz-felipe-silva-carmo-lduNayjNYck-unsplash_Easy-Resize.com_-1-300x200.jpg 300w, https:\/\/ikebanaflores.com.br\/blog\/wp-content\/uploads\/2020\/11\/luiz-felipe-silva-carmo-lduNayjNYck-unsplash_Easy-Resize.com_-1-768x512.jpg 768w, https:\/\/ikebanaflores.com.br\/blog\/wp-content\/uploads\/2020\/11\/luiz-felipe-silva-carmo-lduNayjNYck-unsplash_Easy-Resize.com_-1.jpg 1280w\" sizes=\"(max-width: 1024px) 100vw, 1024px\" \/><\/figure>\n\n\n\n<p><\/p>\n\n\n\n<p>Conforme o <a href=\"https:\/\/prefeitura.pbh.gov.br\/noticias\/belo-horizonte-tem-mais-de-300-especies-de-arvores-floriferas\" target=\"_blank\" rel=\"noopener\">Invent\u00e1rio das \u00c1rvores de Belo Horizonte<\/a>, realizado pela prefeitura, a capital mineira tem mais de 300 mil \u00e1rvores catalogadas em seu territ\u00f3rio. O n\u00famero \u00e9 t\u00e3o expressivo que confere a BH o t\u00edtulo de \u201cCidade Jardim\u201d.&nbsp;<\/p>\n\n\n\n<p>Mas, qual a import\u00e2ncia das \u00e1rvores na paisagem urbana e na qualidade de vida das pessoas? \u00c9 o que voc\u00ea vai saber com a leitura desse artigo. Continue a leitura e descubra.&nbsp;<\/p>\n\n\n\n<p><\/p>\n\n\n\n<h2 class=\"wp-block-heading\">Benef\u00edcios das \u00e1rvores em \u00e1reas urbanas<\/h2>\n\n\n\n<p><\/p>\n\n\n\n<p>As \u00e1rvores retiram \u00e1gua do solo e transpiram pelas folhas, contribuindo para melhorar a umidade e a qualidade do ar. E mais: elas tamb\u00e9m retiram a poeira e o excesso de carbono da atmosfera.&nbsp;<\/p>\n\n\n\n<p>Cidades arborizadas conseguem manter a temperatura mais agrad\u00e1vel e diminuem a sensa\u00e7\u00e3o de sufocamento provocada pelo concreto. Por isso, a redu\u00e7\u00e3o de \u00e1reas verdes interfere diretamente no clima.&nbsp;<\/p>\n\n\n\n<p>A presen\u00e7a de \u00e1rvores nas cidades tamb\u00e9m contribui para as esp\u00e9cies animais, pois abrigam os p\u00e1ssaros, respons\u00e1veis por espalhar sementes e controlar a popula\u00e7\u00e3o de insetos.&nbsp;<\/p>\n\n\n\n<figure class=\"wp-block-image size-large\"><img decoding=\"async\" width=\"1024\" height=\"682\" src=\"https:\/\/ikebanaflores.com.br\/blog\/wp-content\/uploads\/2020\/11\/jovem-alegre-com-os-olhos-fechados-apreciando-o-inicio-da-primavera-contra-a-arvore-frutifera-com-flores-cor-de-rosa-no-parque_146259-327_Easy-Resize.com_-1024x682.jpg\" alt=\"\" class=\"wp-image-5106\" srcset=\"https:\/\/ikebanaflores.com.br\/blog\/wp-content\/uploads\/2020\/11\/jovem-alegre-com-os-olhos-fechados-apreciando-o-inicio-da-primavera-contra-a-arvore-frutifera-com-flores-cor-de-rosa-no-parque_146259-327_Easy-Resize.com_-1024x682.jpg 1024w, https:\/\/ikebanaflores.com.br\/blog\/wp-content\/uploads\/2020\/11\/jovem-alegre-com-os-olhos-fechados-apreciando-o-inicio-da-primavera-contra-a-arvore-frutifera-com-flores-cor-de-rosa-no-parque_146259-327_Easy-Resize.com_-300x200.jpg 300w, https:\/\/ikebanaflores.com.br\/blog\/wp-content\/uploads\/2020\/11\/jovem-alegre-com-os-olhos-fechados-apreciando-o-inicio-da-primavera-contra-a-arvore-frutifera-com-flores-cor-de-rosa-no-parque_146259-327_Easy-Resize.com_-768x512.jpg 768w, https:\/\/ikebanaflores.com.br\/blog\/wp-content\/uploads\/2020\/11\/jovem-alegre-com-os-olhos-fechados-apreciando-o-inicio-da-primavera-contra-a-arvore-frutifera-com-flores-cor-de-rosa-no-parque_146259-327_Easy-Resize.com_.jpg 1280w\" sizes=\"(max-width: 1024px) 100vw, 1024px\" \/><\/figure>\n\n\n\n<p><\/p>\n\n\n\n<p>Al\u00e9m de embelezar ruas, parques e avenidas, as \u00e1rvores transmitem a sensa\u00e7\u00e3o de bem-estar f\u00edsico e psicol\u00f3gico. Sem contar no privil\u00e9gio do contato com a natureza e de eventuais flores, frutos e sombra que elas proporcionam.&nbsp;<\/p>\n\n\n\n<p><\/p>\n\n\n\n<h2 class=\"wp-block-heading\">Esp\u00e9cies mais frequentes em Belo Horizonte<\/h2>\n\n\n\n<p><\/p>\n\n\n\n<p>O Invent\u00e1rio das \u00c1rvores de Belo Horizonte come\u00e7ou a ser realizado em 2011, em parceria com a Universidade Federal de Lavras. At\u00e9 2018, o estudo <a href=\"https:\/\/prefeitura.pbh.gov.br\/noticias\/belo-horizonte-tem-mais-de-300-especies-de-arvores-floriferas\" target=\"_blank\" rel=\"noopener\">cadastrou<\/a> mais de 300 mil \u00e1rvores na capital mineira.&nbsp;<\/p>\n\n\n\n<p>No entanto, a expectativa \u00e9 que somadas \u00e0s \u00e1rvores presentes em parques e logradouros, o n\u00famero chegue a mais de um milh\u00e3o.&nbsp;<\/p>\n\n\n\n<p>Conforme a Secretaria de Munic\u00edpio de Meio Ambiente, as esp\u00e9cies catalogadas at\u00e9 a atual etapa do censo est\u00e3o em logradouros p\u00fablicos.&nbsp;<\/p>\n\n\n\n<p>Ainda n\u00e3o foram contabilizadas as \u00e1rvores dos parques, das \u00e1reas verdes e dos quintais particulares.&nbsp;<\/p>\n\n\n\n<figure class=\"wp-block-image size-large\"><img decoding=\"async\" width=\"1024\" height=\"682\" src=\"https:\/\/ikebanaflores.com.br\/blog\/wp-content\/uploads\/2020\/11\/praca-publica-com-piso-de-estrada-vazio-no-centro-da-cidade_1127-3320_Easy-Resize.com_-1024x682.jpg\" alt=\"\" class=\"wp-image-5110\" srcset=\"https:\/\/ikebanaflores.com.br\/blog\/wp-content\/uploads\/2020\/11\/praca-publica-com-piso-de-estrada-vazio-no-centro-da-cidade_1127-3320_Easy-Resize.com_-1024x682.jpg 1024w, https:\/\/ikebanaflores.com.br\/blog\/wp-content\/uploads\/2020\/11\/praca-publica-com-piso-de-estrada-vazio-no-centro-da-cidade_1127-3320_Easy-Resize.com_-300x200.jpg 300w, https:\/\/ikebanaflores.com.br\/blog\/wp-content\/uploads\/2020\/11\/praca-publica-com-piso-de-estrada-vazio-no-centro-da-cidade_1127-3320_Easy-Resize.com_-768x512.jpg 768w, https:\/\/ikebanaflores.com.br\/blog\/wp-content\/uploads\/2020\/11\/praca-publica-com-piso-de-estrada-vazio-no-centro-da-cidade_1127-3320_Easy-Resize.com_.jpg 1280w\" sizes=\"(max-width: 1024px) 100vw, 1024px\" \/><\/figure>\n\n\n\n<p><\/p>\n\n\n\n<h3 class=\"wp-block-heading\">\u00c1rvores frut\u00edferas<\/h3>\n\n\n\n<p>As esp\u00e9cies de <a href=\"https:\/\/ikebanaflores.com.br\/blog\/como-fazer-um-pomar\/\" target=\"_blank\" rel=\"noreferrer noopener\" aria-label=\"\u00e1rvores frut\u00edferas (abre numa nova aba)\">\u00e1rvores frut\u00edferas<\/a> mais frequentes na cidade s\u00e3o:<\/p>\n\n\n\n<ul class=\"wp-block-list\"><li>goiabeiras;<\/li><li>mangueiras;<\/li><li>pitangueiras;<\/li><li>jaboticabeiras;<\/li><li>oitizeiros;<\/li><li>amoreiras;<\/li><li>limoeiros;<\/li><li>romanzeiras;<\/li><li>coqueiros e<\/li><li>aceroleiras.<\/li><\/ul>\n\n\n\n<figure class=\"wp-block-image size-large\"><img loading=\"lazy\" decoding=\"async\" width=\"1024\" height=\"682\" src=\"https:\/\/ikebanaflores.com.br\/blog\/wp-content\/uploads\/2020\/11\/gabriel-mikowski-pKgAVIEzg5M-unsplash_Easy-Resize.com_-1024x682.jpg\" alt=\"\" class=\"wp-image-5109\" srcset=\"https:\/\/ikebanaflores.com.br\/blog\/wp-content\/uploads\/2020\/11\/gabriel-mikowski-pKgAVIEzg5M-unsplash_Easy-Resize.com_-1024x682.jpg 1024w, https:\/\/ikebanaflores.com.br\/blog\/wp-content\/uploads\/2020\/11\/gabriel-mikowski-pKgAVIEzg5M-unsplash_Easy-Resize.com_-300x200.jpg 300w, https:\/\/ikebanaflores.com.br\/blog\/wp-content\/uploads\/2020\/11\/gabriel-mikowski-pKgAVIEzg5M-unsplash_Easy-Resize.com_-768x512.jpg 768w, https:\/\/ikebanaflores.com.br\/blog\/wp-content\/uploads\/2020\/11\/gabriel-mikowski-pKgAVIEzg5M-unsplash_Easy-Resize.com_.jpg 1280w\" sizes=\"(max-width: 1024px) 100vw, 1024px\" \/><\/figure>\n\n\n\n<p><\/p>\n\n\n\n<h3 class=\"wp-block-heading\">\u00c1rvores flor\u00edferas<\/h3>\n\n\n\n<p>O levantamento da prefeitura de BH informa que, entre as 302 esp\u00e9cies de <a href=\"https:\/\/ikebanaflores.com.br\/blog\/arvores-que-dao-flores\/\" target=\"_blank\" rel=\"noreferrer noopener\" aria-label=\"\u00e1rvores flor\u00edferas (abre numa nova aba)\">\u00e1rvores flor\u00edferas<\/a> j\u00e1 catalogadas no munic\u00edpio, as mais comuns s\u00e3o:<\/p>\n\n\n\n<ul class=\"wp-block-list\"><li>sibipiruna;<\/li><li>murta;<\/li><li>quaresmeira;<\/li><li><a href=\"https:\/\/ikebanaflores.com.br\/blog\/inverno-colorido-ipes\/\" target=\"_blank\" rel=\"noreferrer noopener\" aria-label=\"ip\u00ea-rosa (abre numa nova aba)\">ip\u00ea-rosa<\/a>;<\/li><li>resed\u00e1;<\/li><li>pata de vaca;<\/li><li>ip\u00ea-tabaco<\/li><li>magn\u00f3lia;<\/li><li>escumilha africana e<\/li><li>ip\u00ea-amarelo.<\/li><\/ul>\n\n\n\n<p>A <a href=\"https:\/\/prefeitura.pbh.gov.br\/meio-ambiente\/inventario-das-arvores\" target=\"_blank\" rel=\"noopener\">atualiza\u00e7\u00e3o mais recente<\/a> do invent\u00e1rio informa que 60% do trabalho foi conclu\u00eddo nas regi\u00f5es Centro-Sul, Oeste, Noroeste e Leste da capital mineira, al\u00e9m de parte da Pampulha.&nbsp;<\/p>\n\n\n\n<p><\/p>\n\n\n\n<h2 class=\"wp-block-heading\">Esp\u00e9cies mais indicadas para plantio em \u00e1reas p\u00fablicas<\/h2>\n\n\n\n<figure class=\"wp-block-image size-large\"><img loading=\"lazy\" decoding=\"async\" width=\"1024\" height=\"768\" src=\"https:\/\/ikebanaflores.com.br\/blog\/wp-content\/uploads\/2020\/11\/luiz-felipe-silva-carmo-eNC3PChXTmk-unsplash-1_Easy-Resize.com_-1024x768.jpg\" alt=\"\" class=\"wp-image-5108\" srcset=\"https:\/\/ikebanaflores.com.br\/blog\/wp-content\/uploads\/2020\/11\/luiz-felipe-silva-carmo-eNC3PChXTmk-unsplash-1_Easy-Resize.com_-1024x768.jpg 1024w, https:\/\/ikebanaflores.com.br\/blog\/wp-content\/uploads\/2020\/11\/luiz-felipe-silva-carmo-eNC3PChXTmk-unsplash-1_Easy-Resize.com_-300x225.jpg 300w, https:\/\/ikebanaflores.com.br\/blog\/wp-content\/uploads\/2020\/11\/luiz-felipe-silva-carmo-eNC3PChXTmk-unsplash-1_Easy-Resize.com_-768x576.jpg 768w, https:\/\/ikebanaflores.com.br\/blog\/wp-content\/uploads\/2020\/11\/luiz-felipe-silva-carmo-eNC3PChXTmk-unsplash-1_Easy-Resize.com_.jpg 1280w\" sizes=\"(max-width: 1024px) 100vw, 1024px\" \/><\/figure>\n\n\n\n<p><\/p>\n\n\n\n<p>Embora a presen\u00e7a das \u00e1rvores nas cidades seja fundamental para garantir a qualidade de vida, alguns cuidados precisam ser observados antes de plantar uma muda na sua cal\u00e7ada ou jardim.<\/p>\n\n\n\n<p>O motivo \u00e9 que o plantio de \u00e1rvores nas cidades deve ser orientado por especialistas, pois algumas esp\u00e9cies n\u00e3o se adaptam bem ou s\u00e3o prejudiciais a outras \u00e1rvores nativas.<\/p>\n\n\n\n<p>Uma caracter\u00edstica que deve ser considerada \u00e9 o porte da \u00e1rvore escolhida. Ela precisa estar de acordo com o relevo urbano, pois muitas ra\u00edzes acabam danificando o passeio p\u00fablico.&nbsp;<\/p>\n\n\n\n<p>\u00c1rvores de grande porte tamb\u00e9m podem ser prejudiciais \u00e0 rede de energia el\u00e9trica. Portanto, antes de escolher qual esp\u00e9cie plantar, entre em contato com a prefeitura da cidade para receber orienta\u00e7\u00e3o.&nbsp;<\/p>\n\n\n\n<p>Ap\u00f3s escolher a \u00e1rvore certa para o espa\u00e7o dispon\u00edvel, procure sua floricultura de confian\u00e7a para adquirir mudas de qualidade.<\/p>\n\n\n\n<p>Confira a seguir algumas caracter\u00edsticas das esp\u00e9cies mais indicadas para o plantio em \u00e1reas urbanas:<\/p>\n\n\n\n<h3 class=\"wp-block-heading\">1. Ip\u00ea-amarelo (Tabebuia serrafitolia)<\/h3>\n\n\n\n<p>Comumente conhecido como pau d\u2019arco, o ip\u00ea \u00e9 natural da Mata Atl\u00e2ntica brasileira. Apesar de crescer de forma lenta e gradual, esta esp\u00e9cie pode chegar at\u00e9 20 metros de altura e \u00e9 bastante ornamental.&nbsp;<\/p>\n\n\n\n<h3 class=\"wp-block-heading\">2. Ip\u00ea-roxo (Tabebuia avellanedae)<\/h3>\n\n\n\n<p>Por serem da mesma fam\u00edlia, o ip\u00ea-roxo tem as mesmas caracter\u00edsticas do amarelo, por\u00e9m, cresce mais. Um ip\u00ea-roxo costumam chegar aos 25 metros de altura.&nbsp;<\/p>\n\n\n\n<h3 class=\"wp-block-heading\">3. Resed\u00e1 (Lagerstroemia indica)<\/h3>\n\n\n\n<p>Em muitas regi\u00f5es \u00e9 conhecida como extremosa ou escumilha e \u00e9 origin\u00e1ria da \u00cdndia. Suas flores t\u00eam colora\u00e7\u00e3o intensa e costuma se desenvolver em locais de clima frio, como a regi\u00e3o Sul.&nbsp;<\/p>\n\n\n\n<h3 class=\"wp-block-heading\">4. C\u00e1ssia (Cassia spectabilis)<\/h3>\n\n\n\n<p>De baixa estatura, a C\u00e1ssia alcan\u00e7a no m\u00e1ximo oito metros. Por\u00e9m, seu crescimento \u00e9 r\u00e1pido, motivo que leva muitas pessoas a optarem por ela na hora de plantar.&nbsp;<\/p>\n\n\n\n<h3 class=\"wp-block-heading\">5. Quaresmeira (Tibouchina granulosa)<\/h3>\n\n\n\n<p>Floresce entre janeiro e abril, per\u00edodo da quaresma, por isso vem da\u00ed seu nome. \u00c9 uma esp\u00e9cie mais abundante nos estados da Bahia, S\u00e3o Paulo, Rio de Janeiro e Minas Gerais. \u00c9 uma esp\u00e9cie muito apreciada devido \u00e0 beleza de sua flora\u00e7\u00e3o.&nbsp;<\/p>\n\n\n\n<h3 class=\"wp-block-heading\">6. Manac\u00e1-da-Serra (Tibouchina mutabilis)<\/h3>\n\n\n\n<p>Natural da Mata Atl\u00e2ntica, atinge at\u00e9 12 metros de altura. A esp\u00e9cie \u00e9 muito comum no Paran\u00e1, Santa Catarina, S\u00e3o Paulo e Rio de Janeiro.&nbsp;<\/p>\n\n\n\n<h3 class=\"wp-block-heading\">7. Pata-de-vaca (Bauhinia forficata)<\/h3>\n\n\n\n<p>Produz flores muito bonitas e costuma coloridas a cidade em tons branco, rosa e lil\u00e1s. \u00c9 uma \u00e1rvore genuinamente brasileira e bastante comum na Bahia, Cear\u00e1, Minas Gerais, Rio de Janeiro, Paran\u00e1, Rio Grande do Sul, Santa Caarina e S\u00e3o Paulo. Tamb\u00e9m \u00e9 encontrada na paisagem urbana de pa\u00edses como Paraguai, Bol\u00edvia, Uruguai e Peru.&nbsp;<\/p>\n\n\n\n<h3 class=\"wp-block-heading\">8. Sibipiruna (Caesalpinia peltophoroides)<\/h3>\n\n\n\n<p>Outra esp\u00e9cie nativa da Mata Atl\u00e2ntica, a Sibipiruna atinge grande porte e chega facilmente aos 20 metros. Tem grande longevidade e pode chegar aos 100 anos. N\u00e3o tem ra\u00edzes agressivas ao mobili\u00e1rio urbano e sua flora\u00e7\u00e3o \u00e9 intensa, com boa sombra. Por\u00e9m, deve-se evitar a proximidade com a rede el\u00e9trica.&nbsp;<\/p>\n\n\n\n<p><em>Essas s\u00e3o algumas esp\u00e9cies mais indicadas para o plantio na cidade. Por\u00e9m, se sua inten\u00e7\u00e3o \u00e9 plantar diretamente no p\u00e1tio ou na cal\u00e7ada, escolha \u00e1rvores de pequeno porte como Marinheiro (Trichilia cathartica), Ip\u00ea-Mirim (Stenolobium stans), Candelabro (Erytrina speciosa), Flanboyant Mirim (Caesalpinia pulcherrima), Cambuci (Campomanesia phaea) ou Pitangueira (Eugenia uniflora). <\/em><\/p>\n\n\n\n<p>Por <a rel=\"noreferrer noopener\" href=\"https:\/\/sites.google.com\/view\/ana-bittencourt-redatora\" target=\"_blank\">Ana Bittencourt<\/a> (MTb 14.265)<br><\/p>\n","protected":false},"excerpt":{"rendered":"<p>Voc\u00ea sabia que Belo Horizonte \u00e9 a terceira cidade mais arborizada do Brasil e a cidade mais verde do sudeste?<\/p>\n","protected":false},"author":5,"featured_media":5768,"comment_status":"open","ping_status":"open","sticky":false,"template":"","format":"standard","meta":{"_acf_changed":false,"footnotes":""},"categories":[103,89],"tags":[128,129,130,132,165,350],"class_list":["post-5104","post","type-post","status-publish","format-standard","has-post-thumbnail","hentry","category-plantios","category-campanha-ikebana-flores","tag-arvores","tag-arvores-brasileiras","tag-arvores-frutiferas","tag-arvores-nativas-brasileiras","tag-cidade","tag-urbano"],"acf":[],"_links":{"self":[{"href":"https:\/\/ikebanaflores.com.br\/blog\/wp-json\/wp\/v2\/posts\/5104","targetHints":{"allow":["GET"]}}],"collection":[{"href":"https:\/\/ikebanaflores.com.br\/blog\/wp-json\/wp\/v2\/posts"}],"about":[{"href":"https:\/\/ikebanaflores.com.br\/blog\/wp-json\/wp\/v2\/types\/post"}],"author":[{"embeddable":true,"href":"https:\/\/ikebanaflores.com.br\/blog\/wp-json\/wp\/v2\/users\/5"}],"replies":[{"embeddable":true,"href":"https:\/\/ikebanaflores.com.br\/blog\/wp-json\/wp\/v2\/comments?post=5104"}],"version-history":[{"count":1,"href":"https:\/\/ikebanaflores.com.br\/blog\/wp-json\/wp\/v2\/posts\/5104\/revisions"}],"predecessor-version":[{"id":5769,"href":"https:\/\/ikebanaflores.com.br\/blog\/wp-json\/wp\/v2\/posts\/5104\/revisions\/5769"}],"wp:featuredmedia":[{"embeddable":true,"href":"https:\/\/ikebanaflores.com.br\/blog\/wp-json\/wp\/v2\/media\/5768"}],"wp:attachment":[{"href":"https:\/\/ikebanaflores.com.br\/blog\/wp-json\/wp\/v2\/media?parent=5104"}],"wp:term":[{"taxonomy":"category","embeddable":true,"href":"https:\/\/ikebanaflores.com.br\/blog\/wp-json\/wp\/v2\/categories?post=5104"},{"taxonomy":"post_tag","embeddable":true,"href":"https:\/\/ikebanaflores.com.br\/blog\/wp-json\/wp\/v2\/tags?post=5104"}],"curies":[{"name":"wp","href":"https:\/\/api.w.org\/{rel}","templated":true}]}}