{"id":5176,"date":"2020-12-17T20:40:46","date_gmt":"2020-12-17T20:40:46","guid":{"rendered":"https:\/\/www.ikebanaflores.com.br\/blog\/?p=5176"},"modified":"2026-03-16T15:34:45","modified_gmt":"2026-03-16T18:34:45","slug":"12-flores-para-jardim-no-verao","status":"publish","type":"post","link":"https:\/\/ikebanaflores.com.br\/blog\/12-flores-para-jardim-no-verao\/","title":{"rendered":"12 flores para embelezar seu jardim no ver\u00e3o"},"content":{"rendered":"\n<h1 class=\"wp-block-heading\"><\/h1>\n\n\n\n<figure class=\"wp-block-image size-large\"><img fetchpriority=\"high\" decoding=\"async\" width=\"1024\" height=\"682\" src=\"https:\/\/ikebanaflores.com.br\/blog\/wp-content\/uploads\/2020\/12\/jovem-sorridente-usando-um-chapeu-no-campo-de-girassois_181624-25580_Easy-Resize.com_-1024x682.jpg\" alt=\"\" class=\"wp-image-5177\" srcset=\"https:\/\/ikebanaflores.com.br\/blog\/wp-content\/uploads\/2020\/12\/jovem-sorridente-usando-um-chapeu-no-campo-de-girassois_181624-25580_Easy-Resize.com_-1024x682.jpg 1024w, https:\/\/ikebanaflores.com.br\/blog\/wp-content\/uploads\/2020\/12\/jovem-sorridente-usando-um-chapeu-no-campo-de-girassois_181624-25580_Easy-Resize.com_-300x200.jpg 300w, https:\/\/ikebanaflores.com.br\/blog\/wp-content\/uploads\/2020\/12\/jovem-sorridente-usando-um-chapeu-no-campo-de-girassois_181624-25580_Easy-Resize.com_-768x512.jpg 768w, https:\/\/ikebanaflores.com.br\/blog\/wp-content\/uploads\/2020\/12\/jovem-sorridente-usando-um-chapeu-no-campo-de-girassois_181624-25580_Easy-Resize.com_.jpg 1280w\" sizes=\"(max-width: 1024px) 100vw, 1024px\" \/><\/figure>\n\n\n\n<p><\/p>\n\n\n\n<p>O <a href=\"https:\/\/ikebanaflores.com.br\/blog\/como-deixar-a-casa-fresca\/\" target=\"_blank\" rel=\"noreferrer noopener\" aria-label=\"ver\u00e3o (abre numa nova aba)\">ver\u00e3o<\/a> come\u00e7a oficialmente no dia 21 de dezembro. Se voc\u00ea est\u00e1 planejando repaginar o jardim, mas n\u00e3o sabe quais plantas se adaptam aos dias quentes, confira nossa lista agora mesmo.<\/p>\n\n\n\n<p><\/p>\n\n\n\n<p>Preparamos 12 sugest\u00f5es de flores que combinam com o ver\u00e3o, seja pela exuber\u00e2ncia das cores ou pela facilidade de adapta\u00e7\u00e3o com o clima. Vamos conferir?<\/p>\n\n\n\n<p><\/p>\n\n\n\n<h2 class=\"wp-block-heading\">1. Girass\u00f3is<\/h2>\n\n\n\n<p><\/p>\n\n\n\n<p>Planta que tem tudo a ver com os dias ensolarados da esta\u00e7\u00e3o. As flores s\u00e3o cl\u00e1ssicas, grandes e vistosas. O <a href=\"https:\/\/ikebanaflores.com.br\/blog\/como-cultivar-girassol\/\" target=\"_blank\" rel=\"noreferrer noopener\" aria-label=\"girassol (abre numa nova aba)\">girassol<\/a> \u00e9 uma planta anual e com ciclo de vida curta. A partir da semente, ela dura, no m\u00e1ximo, um ano.&nbsp;<\/p>\n\n\n\n<p>\u00c9 uma esp\u00e9cie extremamente f\u00e1cil de <a href=\"https:\/\/revistagloborural.globo.com\/vida-na-fazenda\/como-plantar\/noticia\/2014\/09\/8-flores-para-cultivar-em-casa.html\" target=\"_blank\" rel=\"noreferrer noopener\" aria-label=\"cultivar (abre numa nova aba)\">cultivar<\/a> e se adapta bem sob o sol forte. Os cuidados com a planta s\u00e3o simples e as regas devem ser mais frequentes apenas na fase de crescimento. Caso a terra esteja muito seca, d\u00ea \u00e1gua a cada dois dias.&nbsp;<\/p>\n\n\n\n<p><\/p>\n\n\n\n<h2 class=\"wp-block-heading\">2. Beg\u00f4nias<\/h2>\n\n\n\n<figure class=\"wp-block-image size-large\"><img decoding=\"async\" width=\"1024\" height=\"682\" src=\"https:\/\/ikebanaflores.com.br\/blog\/wp-content\/uploads\/2020\/12\/flores-laranjas-brilhantes-de-begonias-tuberosas_85672-2806_Easy-Resize.com_-1024x682.jpg\" alt=\"\" class=\"wp-image-5182\" srcset=\"https:\/\/ikebanaflores.com.br\/blog\/wp-content\/uploads\/2020\/12\/flores-laranjas-brilhantes-de-begonias-tuberosas_85672-2806_Easy-Resize.com_-1024x682.jpg 1024w, https:\/\/ikebanaflores.com.br\/blog\/wp-content\/uploads\/2020\/12\/flores-laranjas-brilhantes-de-begonias-tuberosas_85672-2806_Easy-Resize.com_-300x200.jpg 300w, https:\/\/ikebanaflores.com.br\/blog\/wp-content\/uploads\/2020\/12\/flores-laranjas-brilhantes-de-begonias-tuberosas_85672-2806_Easy-Resize.com_-768x512.jpg 768w, https:\/\/ikebanaflores.com.br\/blog\/wp-content\/uploads\/2020\/12\/flores-laranjas-brilhantes-de-begonias-tuberosas_85672-2806_Easy-Resize.com_.jpg 1280w\" sizes=\"(max-width: 1024px) 100vw, 1024px\" \/><\/figure>\n\n\n\n<p>Essas plantas s\u00e3o vers\u00e1teis e exigem pouca manuten\u00e7\u00e3o. As <a href=\"https:\/\/ikebanaflores.com.br\/blog\/tipos-de-begonia\/\" target=\"_blank\" rel=\"noreferrer noopener\" aria-label=\"beg\u00f4nias (abre numa nova aba)\">beg\u00f4nias<\/a> se adaptam em locais com sombra total ou parcial. No entanto, quando bem regadas, sobrevivem bem ao sol.&nbsp;<\/p>\n\n\n\n<p>Plante as beg\u00f4nias em vasos, canteiros ou floreiras de parede. Algumas esp\u00e9cies dessa flor podem atingir 1,5 metro.&nbsp;<\/p>\n\n\n\n<p><\/p>\n\n\n\n<h2 class=\"wp-block-heading\">3. Hibiscos<\/h2>\n\n\n\n<p>Al\u00e9m de bonito, o hibisco possui <a href=\"https:\/\/www.uol.com.br\/vivabem\/noticias\/redacao\/2019\/01\/19\/cha-de-hibisco-ajuda-a-emagrecer-e-beneficia-a-saude-conheca-os-beneficios.htm\" target=\"_blank\" rel=\"noreferrer noopener\" aria-label=\"propriedades medicinais (abre numa nova aba)\">propriedades medicinais<\/a> diur\u00e9ticas e antioxidantes, por isso, \u00e9 bastante consumido em forma de ch\u00e1, doces e geleias.&nbsp;<\/p>\n\n\n\n<p>No jardim, s\u00e3o arbustos que permanecem floridos e coloridos durante o ver\u00e3o. O <a href=\"https:\/\/ikebanaflores.com.br\/blog\/flores-que-simbolizam-a-amizade\/\" target=\"_blank\" rel=\"noreferrer noopener\" aria-label=\"hibisco (abre numa nova aba)\">hibisco<\/a> \u00e9 uma planta ornamental com flora\u00e7\u00e3o r\u00e1pida e abundante.&nbsp;<\/p>\n\n\n\n<p><\/p>\n\n\n\n<h2 class=\"wp-block-heading\">4. Margaridas<\/h2>\n\n\n\n<figure class=\"wp-block-image size-large\"><img decoding=\"async\" width=\"1024\" height=\"682\" src=\"https:\/\/ikebanaflores.com.br\/blog\/wp-content\/uploads\/2020\/12\/campo-de-flores-de-margaridas-lindas-camomiles-brancas-em-prado-verde_293060-2130_Easy-Resize.com_-1024x682.jpg\" alt=\"\" class=\"wp-image-5179\" srcset=\"https:\/\/ikebanaflores.com.br\/blog\/wp-content\/uploads\/2020\/12\/campo-de-flores-de-margaridas-lindas-camomiles-brancas-em-prado-verde_293060-2130_Easy-Resize.com_-1024x682.jpg 1024w, https:\/\/ikebanaflores.com.br\/blog\/wp-content\/uploads\/2020\/12\/campo-de-flores-de-margaridas-lindas-camomiles-brancas-em-prado-verde_293060-2130_Easy-Resize.com_-300x200.jpg 300w, https:\/\/ikebanaflores.com.br\/blog\/wp-content\/uploads\/2020\/12\/campo-de-flores-de-margaridas-lindas-camomiles-brancas-em-prado-verde_293060-2130_Easy-Resize.com_-768x512.jpg 768w, https:\/\/ikebanaflores.com.br\/blog\/wp-content\/uploads\/2020\/12\/campo-de-flores-de-margaridas-lindas-camomiles-brancas-em-prado-verde_293060-2130_Easy-Resize.com_.jpg 1280w\" sizes=\"(max-width: 1024px) 100vw, 1024px\" \/><\/figure>\n\n\n\n<p>S\u00e3o flores resistentes que cativam pela simplicidade. Encontramos na natureza margaridas de v\u00e1rias cores. Se adaptam a diferentes ambientes e sobrevivem bem em vasos ou no jardim.&nbsp;<\/p>\n\n\n\n<p>A planta gosta de lugares bem iluminados e precisa de podas frequentes para retirar as flores murchas. Assim, voc\u00ea vai garantir o florescimento.&nbsp;<\/p>\n\n\n\n<p><\/p>\n\n\n\n<h2 class=\"wp-block-heading\">5. Z\u00ednias<\/h2>\n\n\n\n<p>S\u00e3o coloridas e se adaptam em locais com altas temperaturas. Plante as z\u00ednias em vasos, jardins ou canteiros, preparando o solo com h\u00famus.&nbsp;<\/p>\n\n\n\n<p>As flores s\u00e3o bonitas e elegantes, com tamanhos que variam entre 15 cent\u00edmetros a um metro de altura.&nbsp;<\/p>\n\n\n\n<p><\/p>\n\n\n\n<h2 class=\"wp-block-heading\">6. D\u00e1lias<\/h2>\n\n\n\n<figure class=\"wp-block-image size-large\"><img loading=\"lazy\" decoding=\"async\" width=\"1024\" height=\"682\" src=\"https:\/\/ikebanaflores.com.br\/blog\/wp-content\/uploads\/2020\/12\/dalia-flores-amarelas-e-laranja-no-jardim-canteiro-de-flores-com-dalias_85672-2934_Easy-Resize.com_-1024x682.jpg\" alt=\"\" class=\"wp-image-5183\" srcset=\"https:\/\/ikebanaflores.com.br\/blog\/wp-content\/uploads\/2020\/12\/dalia-flores-amarelas-e-laranja-no-jardim-canteiro-de-flores-com-dalias_85672-2934_Easy-Resize.com_-1024x682.jpg 1024w, https:\/\/ikebanaflores.com.br\/blog\/wp-content\/uploads\/2020\/12\/dalia-flores-amarelas-e-laranja-no-jardim-canteiro-de-flores-com-dalias_85672-2934_Easy-Resize.com_-300x200.jpg 300w, https:\/\/ikebanaflores.com.br\/blog\/wp-content\/uploads\/2020\/12\/dalia-flores-amarelas-e-laranja-no-jardim-canteiro-de-flores-com-dalias_85672-2934_Easy-Resize.com_-768x512.jpg 768w, https:\/\/ikebanaflores.com.br\/blog\/wp-content\/uploads\/2020\/12\/dalia-flores-amarelas-e-laranja-no-jardim-canteiro-de-flores-com-dalias_85672-2934_Easy-Resize.com_.jpg 1280w\" sizes=\"(max-width: 1024px) 100vw, 1024px\" \/><\/figure>\n\n\n\n<p>A planta \u00e9 uma herb\u00e1cea perene de porte m\u00e9dio que atinge 1,5 metro quando adulta. As flores apresentam diferentes cores e formas, perfeitas para enfeitar o jardim.&nbsp;<\/p>\n\n\n\n<p>Podem ser plantadas em vasos ou canteiros, desde que recebam sol em abund\u00e2ncia para garantir uma bela flora\u00e7\u00e3o.&nbsp;<\/p>\n\n\n\n<p><\/p>\n\n\n\n<h2 class=\"wp-block-heading\">7. Coleus<\/h2>\n\n\n\n<p>S\u00e3o flores que encantam pela quantidade de cores em suas p\u00e9talas. As plantas s\u00e3o grandes e apresentam combina\u00e7\u00f5es de amarelo, vermelho, rosa, roxo, castanho e verde.&nbsp;<\/p>\n\n\n\n<p>Por ser uma esp\u00e9cie tropical, conseguem se adaptar bem \u00e0s altas temperaturas. Combinam com jardins ou decorando pergolados.<\/p>\n\n\n\n<p><\/p>\n\n\n\n<h2 class=\"wp-block-heading\">8. Orqu\u00eddeas<\/h2>\n\n\n\n<figure class=\"wp-block-image size-large\"><img loading=\"lazy\" decoding=\"async\" width=\"1024\" height=\"682\" src=\"https:\/\/ikebanaflores.com.br\/blog\/wp-content\/uploads\/2020\/12\/teste-padrao-de-copia-de-flor-proxima-tropical_1428-464_Easy-Resize.com_-1-1024x682.jpg\" alt=\"\" class=\"wp-image-5180\" srcset=\"https:\/\/ikebanaflores.com.br\/blog\/wp-content\/uploads\/2020\/12\/teste-padrao-de-copia-de-flor-proxima-tropical_1428-464_Easy-Resize.com_-1-1024x682.jpg 1024w, https:\/\/ikebanaflores.com.br\/blog\/wp-content\/uploads\/2020\/12\/teste-padrao-de-copia-de-flor-proxima-tropical_1428-464_Easy-Resize.com_-1-300x200.jpg 300w, https:\/\/ikebanaflores.com.br\/blog\/wp-content\/uploads\/2020\/12\/teste-padrao-de-copia-de-flor-proxima-tropical_1428-464_Easy-Resize.com_-1-768x512.jpg 768w, https:\/\/ikebanaflores.com.br\/blog\/wp-content\/uploads\/2020\/12\/teste-padrao-de-copia-de-flor-proxima-tropical_1428-464_Easy-Resize.com_-1.jpg 1280w\" sizes=\"(max-width: 1024px) 100vw, 1024px\" \/><\/figure>\n\n\n\n<p>\u00c9 uma planta de beleza \u00fanica encontrada em formatos, cores e tamanhos diferentes. Possui grande variedade de esp\u00e9cies e agradam colecionadores.&nbsp;<\/p>\n\n\n\n<p>Para embelezar ainda mais seu jardim, plante orqu\u00eddeas de variedades diferentes para dar contraste.<\/p>\n\n\n\n<p>Para manter a planta saud\u00e1vel, converse com sua floricultura de confian\u00e7a para conhecer as necessidades de cada esp\u00e9cie.&nbsp;<\/p>\n\n\n\n<p>O principal cuidado \u00e9 a aduba\u00e7\u00e3o. Ela deve ser feita ap\u00f3s o per\u00edodo de flora\u00e7\u00e3o e com fertilizantes espec\u00edficos.&nbsp;<\/p>\n\n\n\n<p><\/p>\n\n\n\n<h2 class=\"wp-block-heading\">9. Flor-de-cone<\/h2>\n\n\n\n<p>\u00c9 uma flor tolerante \u00e0s estiagens e que exige pouca manuten\u00e7\u00e3o. Possui grande variedade de cores, entre elas laranja, amarelo, branco e cor-de-rosa.&nbsp;<\/p>\n\n\n\n<p>\u00c9 uma planta perene duradoura que floresce todos os anos, sempre durante o ver\u00e3o.&nbsp;<\/p>\n\n\n\n<p><\/p>\n\n\n\n<h2 class=\"wp-block-heading\">10. L\u00edrios de um dia<\/h2>\n\n\n\n\n\n<p>Plantas herb\u00e1ceas e perenes que desabrocham de manh\u00e3 e fecham \u00e0 noite. A curiosidade \u00e9 que essa esp\u00e9cie n\u00e3o \u00e9 um l\u00edrio verdadeiro, apesar do nome.<\/p>\n\n\n\n<p>As flores s\u00e3o vistosas, bonitas, florescem entre a primavera e o outono e necessitam de pouca manuten\u00e7\u00e3o.&nbsp;<\/p>\n\n\n\n<p><\/p>\n\n\n\n<h2 class=\"wp-block-heading\">11. Vincas<\/h2>\n\n\n\n<figure class=\"wp-block-image size-large\"><img loading=\"lazy\" decoding=\"async\" width=\"1024\" height=\"681\" src=\"https:\/\/ikebanaflores.com.br\/blog\/wp-content\/uploads\/2020\/12\/mae-com-filho-pequeno-no-jardim-florido-branco-mulher-com-filho-em-folhas-verdes-familia-feliz-ao-ar-livre-na-primavera_43525-1765_Easy-Resize.com_-1024x681.jpg\" alt=\"\" class=\"wp-image-5181\" srcset=\"https:\/\/ikebanaflores.com.br\/blog\/wp-content\/uploads\/2020\/12\/mae-com-filho-pequeno-no-jardim-florido-branco-mulher-com-filho-em-folhas-verdes-familia-feliz-ao-ar-livre-na-primavera_43525-1765_Easy-Resize.com_-1024x681.jpg 1024w, https:\/\/ikebanaflores.com.br\/blog\/wp-content\/uploads\/2020\/12\/mae-com-filho-pequeno-no-jardim-florido-branco-mulher-com-filho-em-folhas-verdes-familia-feliz-ao-ar-livre-na-primavera_43525-1765_Easy-Resize.com_-300x199.jpg 300w, https:\/\/ikebanaflores.com.br\/blog\/wp-content\/uploads\/2020\/12\/mae-com-filho-pequeno-no-jardim-florido-branco-mulher-com-filho-em-folhas-verdes-familia-feliz-ao-ar-livre-na-primavera_43525-1765_Easy-Resize.com_-768x511.jpg 768w, https:\/\/ikebanaflores.com.br\/blog\/wp-content\/uploads\/2020\/12\/mae-com-filho-pequeno-no-jardim-florido-branco-mulher-com-filho-em-folhas-verdes-familia-feliz-ao-ar-livre-na-primavera_43525-1765_Easy-Resize.com_.jpg 1280w\" sizes=\"(max-width: 1024px) 100vw, 1024px\" \/><\/figure>\n\n\n\n<p>Planta r\u00fastica que exige poucos cuidados e de baixa manuten\u00e7\u00e3o. Se adaptam bem a locais com altas temperaturas.<\/p>\n\n\n\n<p>As flores s\u00e3o simples e delicadas, algumas esp\u00e9cies t\u00eam as p\u00e9talas largas, outras s\u00e3o mais estreitas.&nbsp;<\/p>\n\n\n\n<p>As cores variam entre branco, vermelho e roxo. Devem ser plantadas em solo fertilizado e precisa de regas regulares.&nbsp;<\/p>\n\n\n\n<p><\/p>\n\n\n\n<h2 class=\"wp-block-heading\">12. Onze horas<\/h2>\n\n\n\n<p>A caracter\u00edstica dessa planta \u00e9 a florescer por volta das 11h. \u00c9 uma esp\u00e9cie de f\u00e1cil plantio, mas que exige alguns cuidados durante a fase de crescimento.&nbsp;<\/p>\n\n\n\n<p>As flores t\u00eam cores vibrantes e baixa estatura, decorando o jardim com muita eleg\u00e2ncia. Se adapta bem em vasos ou nas bordas dos canteiros.<\/p>\n\n\n\n<p>Apesar de ser uma planta \u201cde ver\u00e3o\u201d, a planta resiste bem ao inverno.&nbsp;<\/p>\n\n\n\n<p><\/p>\n\n\n\n<p><em>Agora \u00e9 s\u00f3 escolher as esp\u00e9cies que mais encantam seus olhos e trabalhar em seu jardim para deix\u00e1-lo renovado. N\u00e3o esque\u00e7a de misturar cores e esp\u00e9cies para dar mais vida e mais colorido ao espa\u00e7o.&nbsp;<\/em><\/p>\n\n\n\n<p>Por <a rel=\"noreferrer noopener\" href=\"https:\/\/sites.google.com\/view\/ana-bittencourt-redatora\" target=\"_blank\">Ana Bittencourt<\/a> (MTb 14.265)<em><br><\/em><\/p>\n","protected":false},"excerpt":{"rendered":"<p>O ver\u00e3o come\u00e7a oficialmente no dia 21 de dezembro. Se voc\u00ea est\u00e1 planejando repaginar o jardim, mas n\u00e3o sabe quais plantas se adaptam aos dias quentes, confira nossa lista agora mesmo. Preparamos 12 sugest\u00f5es de flores que combinam com o ver\u00e3o, seja pela exuber\u00e2ncia das cores ou pela facilidade de adapta\u00e7\u00e3o com o clima. Vamos [&hellip;]<\/p>\n","protected":false},"author":5,"featured_media":5760,"comment_status":"open","ping_status":"open","sticky":false,"template":"","format":"standard","meta":{"_acf_changed":false,"footnotes":""},"categories":[90,91,97,101,102,103],"tags":[185,221,248,298,359],"class_list":["post-5176","post","type-post","status-publish","format-standard","has-post-thumbnail","hentry","category-como-cuidar","category-como-cuidar-de-seu-jardim","category-dicas-importantes","category-plantas-e-flores","category-plantas-em-vasos-dicas","category-plantios","tag-cuidados","tag-flores-2","tag-jardim","tag-plantas-2","tag-verao"],"acf":[],"_links":{"self":[{"href":"https:\/\/ikebanaflores.com.br\/blog\/wp-json\/wp\/v2\/posts\/5176","targetHints":{"allow":["GET"]}}],"collection":[{"href":"https:\/\/ikebanaflores.com.br\/blog\/wp-json\/wp\/v2\/posts"}],"about":[{"href":"https:\/\/ikebanaflores.com.br\/blog\/wp-json\/wp\/v2\/types\/post"}],"author":[{"embeddable":true,"href":"https:\/\/ikebanaflores.com.br\/blog\/wp-json\/wp\/v2\/users\/5"}],"replies":[{"embeddable":true,"href":"https:\/\/ikebanaflores.com.br\/blog\/wp-json\/wp\/v2\/comments?post=5176"}],"version-history":[{"count":1,"href":"https:\/\/ikebanaflores.com.br\/blog\/wp-json\/wp\/v2\/posts\/5176\/revisions"}],"predecessor-version":[{"id":5761,"href":"https:\/\/ikebanaflores.com.br\/blog\/wp-json\/wp\/v2\/posts\/5176\/revisions\/5761"}],"wp:featuredmedia":[{"embeddable":true,"href":"https:\/\/ikebanaflores.com.br\/blog\/wp-json\/wp\/v2\/media\/5760"}],"wp:attachment":[{"href":"https:\/\/ikebanaflores.com.br\/blog\/wp-json\/wp\/v2\/media?parent=5176"}],"wp:term":[{"taxonomy":"category","embeddable":true,"href":"https:\/\/ikebanaflores.com.br\/blog\/wp-json\/wp\/v2\/categories?post=5176"},{"taxonomy":"post_tag","embeddable":true,"href":"https:\/\/ikebanaflores.com.br\/blog\/wp-json\/wp\/v2\/tags?post=5176"}],"curies":[{"name":"wp","href":"https:\/\/api.w.org\/{rel}","templated":true}]}}