{"id":5294,"date":"2021-02-05T01:16:46","date_gmt":"2021-02-05T01:16:46","guid":{"rendered":"https:\/\/www.ikebanaflores.com.br\/blog\/?p=5294"},"modified":"2026-03-16T15:33:08","modified_gmt":"2026-03-16T18:33:08","slug":"valentines-day","status":"publish","type":"post","link":"https:\/\/ikebanaflores.com.br\/blog\/valentines-day\/","title":{"rendered":"Valentine\u2019s Day: Por que essa data \u00e9 t\u00e3o especial?"},"content":{"rendered":"\n<figure class=\"wp-block-image size-large\"><img fetchpriority=\"high\" decoding=\"async\" width=\"1024\" height=\"682\" src=\"https:\/\/ikebanaflores.com.br\/blog\/wp-content\/uploads\/2021\/02\/presente-de-dia-dos-namorados-com-rosas-decorativas-e-coracao-branco-no-espaco-da-copia-de-fundo-claro_169016-6589_Easy-Resize.com_-1024x682.jpg\" alt=\"\" class=\"wp-image-5298\" srcset=\"https:\/\/ikebanaflores.com.br\/blog\/wp-content\/uploads\/2021\/02\/presente-de-dia-dos-namorados-com-rosas-decorativas-e-coracao-branco-no-espaco-da-copia-de-fundo-claro_169016-6589_Easy-Resize.com_-1024x682.jpg 1024w, https:\/\/ikebanaflores.com.br\/blog\/wp-content\/uploads\/2021\/02\/presente-de-dia-dos-namorados-com-rosas-decorativas-e-coracao-branco-no-espaco-da-copia-de-fundo-claro_169016-6589_Easy-Resize.com_-300x200.jpg 300w, https:\/\/ikebanaflores.com.br\/blog\/wp-content\/uploads\/2021\/02\/presente-de-dia-dos-namorados-com-rosas-decorativas-e-coracao-branco-no-espaco-da-copia-de-fundo-claro_169016-6589_Easy-Resize.com_-768x512.jpg 768w, https:\/\/ikebanaflores.com.br\/blog\/wp-content\/uploads\/2021\/02\/presente-de-dia-dos-namorados-com-rosas-decorativas-e-coracao-branco-no-espaco-da-copia-de-fundo-claro_169016-6589_Easy-Resize.com_.jpg 1280w\" sizes=\"(max-width: 1024px) 100vw, 1024px\" \/><\/figure>\n\n\n\n<h1 class=\"wp-block-heading\"><\/h1>\n\n\n\n<p>Se voc\u00ea j\u00e1 se apaixonou alguma vez, com certeza ouviu falar dessa data. No Brasil, o Valentine\u2019s Day, conhecido como Dia de S\u00e3o Valentim, n\u00e3o \u00e9 t\u00e3o popular quanto nos Estados Unidos, onde surgiu. Por\u00e9m, muitos casais enamorados aproveitam o 14 de fevereiro para celebrar o amor.<\/p>\n\n\n\n<p>Mas voc\u00ea conhece a origem do Valentine\u2019s Day? Sabe em quais lugares do mundo a data \u00e9 comemorada? Acompanhe a leitura para descobrir mais.&nbsp;<\/p>\n\n\n\n<p><\/p>\n\n\n\n<h2 class=\"wp-block-heading\">Onde surgiu o Valentine\u2019s Day?<\/h2>\n\n\n\n<p>&nbsp;O dia 14 de fevereiro ganhou popularidade nos Estados Unidos, mas Valentim, o sacerdote que deu nome \u00e0 data, era italiano. S\u00e3o Valentim foi condenado \u00e0 morte, no s\u00e9culo III, por defender o direito de soldados do Imp\u00e9rio Romano ao casamento.&nbsp;<\/p>\n\n\n\n<p>Naquela \u00e9poca, o imperador Claudio II acreditava que soldados que viviam em uma uni\u00e3o est\u00e1vel eram maus combatentes e n\u00e3o tinham bom desempenho nas batalhas. Por isso, ele decidiu proibir os casamentos.<\/p>\n\n\n\n<p>Por\u00e9m, Valentim decidiu promover casamentos de soldados \u00e0s escondidas. O imperador descobriu o segredo e mandou prender o sacerdote.&nbsp;<\/p>\n\n\n\n<p>Mesmo na pris\u00e3o, Valentim estava apaixonado por uma mulher a quem enviava cartas de amor com frequ\u00eancia. As mensagens eram assinadas com a frase \u201cDo seu Valentim\u201d.&nbsp;<\/p>\n\n\n\n<p>O gesto do sacerdote acabou se perpetuando atrav\u00e9s dos s\u00e9culos. E at\u00e9 hoje, casais apaixonados enviam cart\u00f5es com palavras de amor ao ser amado.&nbsp;<\/p>\n\n\n\n<figure class=\"wp-block-image size-large\"><img decoding=\"async\" width=\"1024\" height=\"767\" src=\"https:\/\/ikebanaflores.com.br\/blog\/wp-content\/uploads\/2021\/02\/retrato-de-menina-bonita-sorridente-e-seu-namorado-bonito-segurando-baloes-em-forma-de-coracao-e-rindo-casal-feliz-no-amor-feliz-dia-dos-namorados_158538-4990_Easy-Resize.com_-1024x767.jpg\" alt=\"\" class=\"wp-image-5297\" srcset=\"https:\/\/ikebanaflores.com.br\/blog\/wp-content\/uploads\/2021\/02\/retrato-de-menina-bonita-sorridente-e-seu-namorado-bonito-segurando-baloes-em-forma-de-coracao-e-rindo-casal-feliz-no-amor-feliz-dia-dos-namorados_158538-4990_Easy-Resize.com_-1024x767.jpg 1024w, https:\/\/ikebanaflores.com.br\/blog\/wp-content\/uploads\/2021\/02\/retrato-de-menina-bonita-sorridente-e-seu-namorado-bonito-segurando-baloes-em-forma-de-coracao-e-rindo-casal-feliz-no-amor-feliz-dia-dos-namorados_158538-4990_Easy-Resize.com_-300x225.jpg 300w, https:\/\/ikebanaflores.com.br\/blog\/wp-content\/uploads\/2021\/02\/retrato-de-menina-bonita-sorridente-e-seu-namorado-bonito-segurando-baloes-em-forma-de-coracao-e-rindo-casal-feliz-no-amor-feliz-dia-dos-namorados_158538-4990_Easy-Resize.com_-768x575.jpg 768w, https:\/\/ikebanaflores.com.br\/blog\/wp-content\/uploads\/2021\/02\/retrato-de-menina-bonita-sorridente-e-seu-namorado-bonito-segurando-baloes-em-forma-de-coracao-e-rindo-casal-feliz-no-amor-feliz-dia-dos-namorados_158538-4990_Easy-Resize.com_.jpg 1280w\" sizes=\"(max-width: 1024px) 100vw, 1024px\" \/><\/figure>\n\n\n\n<p><\/p>\n\n\n\n<h2 class=\"wp-block-heading\">Pa\u00edses onde o Valentine\u2019s Day \u00e9 comemorado<\/h2>\n\n\n\n<p>Al\u00e9m dos Estados Unidos, a data \u00e9 comemorada tamb\u00e9m no Canad\u00e1, Reino Unido, It\u00e1lia, Su\u00e9cia e Jap\u00e3o. No Brasil, o dia dedicado aos namorados foi transferida para 12 de junho, como uma estrat\u00e9gia para aquecer o com\u00e9rcio e movimentar as vendas. Confira a seguir como algumas na\u00e7\u00f5es celebram o Valentine\u2019s Day.<\/p>\n\n\n\n<p><\/p>\n\n\n\n<h3 class=\"wp-block-heading\">1. Rom\u00eania<\/h3>\n\n\n\n<p>No pa\u00eds do sudeste europeu, a comemora\u00e7\u00e3o ocorre em 24 de fevereiro, dez dias depois da data americana. Nessa data \u00e9 feriado nacional na Rom\u00eania, chamado de <em>Dragobete<\/em>, uma mistura de Dia dos Namorados (ou Day for Lovers) e celebra\u00e7\u00e3o da primavera.&nbsp;<\/p>\n\n\n\n<p>O dia marca o in\u00edcio da nova esta\u00e7\u00e3o e os romenos se despedem de um rigoroso inverno. Por l\u00e1, \u00e9 tradi\u00e7\u00e3o noivar em 24 de fevereiro. Os casais saem de casa para colher flores e os amigos molham o rosto dos apaixonados para desejar-lhes boa sorte.&nbsp;<\/p>\n\n\n\n<figure class=\"wp-block-image size-large\"><img decoding=\"async\" width=\"1024\" height=\"711\" src=\"https:\/\/ikebanaflores.com.br\/blog\/wp-content\/uploads\/2021\/02\/buque-de-rosas-vermelhas-para-dia-dos-namorados_2829-5293_Easy-Resize.com_-1024x711.jpg\" alt=\"\" class=\"wp-image-5302\" srcset=\"https:\/\/ikebanaflores.com.br\/blog\/wp-content\/uploads\/2021\/02\/buque-de-rosas-vermelhas-para-dia-dos-namorados_2829-5293_Easy-Resize.com_-1024x711.jpg 1024w, https:\/\/ikebanaflores.com.br\/blog\/wp-content\/uploads\/2021\/02\/buque-de-rosas-vermelhas-para-dia-dos-namorados_2829-5293_Easy-Resize.com_-300x208.jpg 300w, https:\/\/ikebanaflores.com.br\/blog\/wp-content\/uploads\/2021\/02\/buque-de-rosas-vermelhas-para-dia-dos-namorados_2829-5293_Easy-Resize.com_-768x533.jpg 768w, https:\/\/ikebanaflores.com.br\/blog\/wp-content\/uploads\/2021\/02\/buque-de-rosas-vermelhas-para-dia-dos-namorados_2829-5293_Easy-Resize.com_.jpg 1280w\" sizes=\"(max-width: 1024px) 100vw, 1024px\" \/><\/figure>\n\n\n\n<p><\/p>\n\n\n\n<h3 class=\"wp-block-heading\">2. Fran\u00e7a<\/h3>\n\n\n\n<p>Alguns historiadores dizem que a primeira carta de Valentine\u2019s Day foi escrita na Fran\u00e7a, no ano de 1415, pelo Duque d\u2019Orle\u00e3es. Nos dias atuai, a vila francesa Valentine se torna a capital mundial do romance entre os dias 12 e 14 de fevereiro.&nbsp;<\/p>\n\n\n\n<p>Os apaixonados decoram \u00e1rvores, jardins, casas e espa\u00e7os p\u00fablicos com cart\u00f5es, rosas e pedidos de casamento. Outra tradi\u00e7\u00e3o dos franceses \u00e9 o plantio de uma \u00e1rvore no dia 14 de fevereiro, para representar o amor compartilhado entre os casais.&nbsp;<\/p>\n\n\n\n<figure class=\"wp-block-image size-large\"><img decoding=\"async\" src=\"https:\/\/ikebanaflores.com.br\/blog\/wp-content\/uploads\/2021\/02\/tres-rosas-e-papel-branco-para-mensagem_24837-595_Easy-Resize.com-4-1-1024x682.jpg\" alt=\"\" class=\"wp-image-5299\"\/><\/figure>\n\n\n\n<p><\/p>\n\n\n\n<h3 class=\"wp-block-heading\">3. Coreia do Sul<\/h3>\n\n\n\n<p>Os coreanos n\u00e3o celebram o amor apenas em 14 de fevereiro. Naquele pa\u00eds, o d\u00e9cimo quarto dia de todos os meses do ano \u00e9 lembrado de alguma forma. 14 de maio, por exemplo, \u00e9 chamado de \u201cDia das Rosas\u201d, j\u00e1 o 14 de julho \u00e9 conhecido com o \u201cDia dos Beijos\u201d.&nbsp;<\/p>\n\n\n\n<p>Mas \u00e9 em fevereiro que as coreanas presenteiam os namorados com chocolates. E cada tipo de rela\u00e7\u00e3o recebe um chocolate diferente. No dia 14 de mar\u00e7o, \u00e9 a vez dos namorados coreanos presentearem suas amadas no \u201cDia Branco\u201d.&nbsp;<\/p>\n\n\n\n<p>E se voc\u00ea pensa que os solteiros s\u00e3o esquecidos na Coreia do Sul, est\u00e1 enganado. O dia 14 de abril \u00e9 dedicado a eles, quando os \u201cavulsos e dispon\u00edveis\u201d se vestem de preto e jantam juntos um macarr\u00e3o tingido da mesma chamado <em>jjajang myeon<\/em>, feito com carne de porco e frutos-do-mar.&nbsp;<\/p>\n\n\n\n<figure class=\"wp-block-image size-large\"><img loading=\"lazy\" decoding=\"async\" width=\"1024\" height=\"682\" src=\"https:\/\/ikebanaflores.com.br\/blog\/wp-content\/uploads\/2021\/02\/casal-apaixonado-em-volta-de-baloes_329181-10010_Easy-Resize.com_-1024x682.jpg\" alt=\"\" class=\"wp-image-5301\" srcset=\"https:\/\/ikebanaflores.com.br\/blog\/wp-content\/uploads\/2021\/02\/casal-apaixonado-em-volta-de-baloes_329181-10010_Easy-Resize.com_-1024x682.jpg 1024w, https:\/\/ikebanaflores.com.br\/blog\/wp-content\/uploads\/2021\/02\/casal-apaixonado-em-volta-de-baloes_329181-10010_Easy-Resize.com_-300x200.jpg 300w, https:\/\/ikebanaflores.com.br\/blog\/wp-content\/uploads\/2021\/02\/casal-apaixonado-em-volta-de-baloes_329181-10010_Easy-Resize.com_-768x512.jpg 768w, https:\/\/ikebanaflores.com.br\/blog\/wp-content\/uploads\/2021\/02\/casal-apaixonado-em-volta-de-baloes_329181-10010_Easy-Resize.com_.jpg 1280w\" sizes=\"(max-width: 1024px) 100vw, 1024px\" \/><\/figure>\n\n\n\n<p><\/p>\n\n\n\n<h3 class=\"wp-block-heading\">4. Filipinas<\/h3>\n\n\n\n<p>No 14 de mar\u00e7o ocorrem muitos casamentos em massa no pa\u00eds. Isso acontece por uma iniciativa do governo filipino quando decidiu patrocinar eventos para que os jovens casais apaixonados pudessem contrair matrim\u00f4nio.&nbsp;<\/p>\n\n\n\n<p>Assim, as cerim\u00f4nias coletivas ocorrem em diferentes lugares como shopping centers e outros espa\u00e7os p\u00fablicos. As festividades re\u00fanem centenas de casais que desejam se unir ou renovar os votos de casamento.&nbsp;<\/p>\n\n\n\n<p><\/p>\n\n\n\n<h3 class=\"wp-block-heading\">5. Gana<\/h3>\n\n\n\n<figure class=\"wp-block-image size-large\"><img loading=\"lazy\" decoding=\"async\" width=\"1024\" height=\"674\" src=\"https:\/\/ikebanaflores.com.br\/blog\/wp-content\/uploads\/2021\/02\/caixa-de-chocolate-em-primeiro-plano_329181-10749_Easy-Resize.com_-1-1024x674.jpg\" alt=\"\" class=\"wp-image-5300\" srcset=\"https:\/\/ikebanaflores.com.br\/blog\/wp-content\/uploads\/2021\/02\/caixa-de-chocolate-em-primeiro-plano_329181-10749_Easy-Resize.com_-1-1024x674.jpg 1024w, https:\/\/ikebanaflores.com.br\/blog\/wp-content\/uploads\/2021\/02\/caixa-de-chocolate-em-primeiro-plano_329181-10749_Easy-Resize.com_-1-300x197.jpg 300w, https:\/\/ikebanaflores.com.br\/blog\/wp-content\/uploads\/2021\/02\/caixa-de-chocolate-em-primeiro-plano_329181-10749_Easy-Resize.com_-1-768x505.jpg 768w, https:\/\/ikebanaflores.com.br\/blog\/wp-content\/uploads\/2021\/02\/caixa-de-chocolate-em-primeiro-plano_329181-10749_Easy-Resize.com_-1.jpg 1280w\" sizes=\"(max-width: 1024px) 100vw, 1024px\" \/><\/figure>\n\n\n\n<p>O pa\u00eds africano costuma celebrar o \u201cDia do Chocolate\u201d, em 14 de fevereiro. Infelizmente, a tradi\u00e7\u00e3o por l\u00e1 n\u00e3o \u00e9 baseada em uma hist\u00f3rica rom\u00e2ntica, mas uma estrat\u00e9gia do governo para incrementar o turismo nacional.<\/p>\n\n\n\n<p>Gana \u00e9 um dos maiores produtores de cacau do mundo, por isso, o governo uniu o \u00fatil ao agrad\u00e1vel. Na data ocorrem shows, eventos diversos e jantares tem\u00e1ticos em restaurantes pelo pa\u00eds afora, tudo regado a muito chocolate. A iguaria tamb\u00e9m \u00e9 o presente escolhido entre os casais.&nbsp;<\/p>\n\n\n\n<p>No Brasil, os casais t\u00eam a sorte de contar com duas datas para expressar seus sentimentos: o Valentine\u2019s Day, em 14 de fevereiro, e o Dia dos Namorados, em 12 de junho. E voc\u00ea sabe quais s\u00e3o os presentes mais procurados nessas ocasi\u00f5es? As flores, claro!&nbsp;<\/p>\n\n\n\n<p><em>Ent\u00e3o, n\u00e3o deixe o Valentine\u2019s Day passar em branco. Lembre-se que voc\u00ea pode contar com a Ikebana Flores para preparar uma surpresa ao seu amor com as mais belas flores. Esperamos voc\u00ea!<\/em><\/p>\n\n\n\n<p>Por&nbsp;<a rel=\"noreferrer noopener\" href=\"https:\/\/sites.google.com\/view\/ana-bittencourt-redatora\" target=\"_blank\">Ana Bittencourt<\/a>&nbsp;(MTb 14.265)<br><\/p>\n","protected":false},"excerpt":{"rendered":"<p>Se voc\u00ea j\u00e1 se apaixonou alguma vez, com certeza ouviu falar dessa data. No Brasil, o Valentine\u2019s Day, conhecido como Dia de S\u00e3o Valentim, n\u00e3o \u00e9 t\u00e3o popular quanto nos Estados Unidos, onde surgiu. Por\u00e9m, muitos casais enamorados aproveitam o 14 de fevereiro para celebrar o amor. Mas voc\u00ea conhece a origem do Valentine\u2019s Day? [&hellip;]<\/p>\n","protected":false},"author":5,"featured_media":5746,"comment_status":"open","ping_status":"open","sticky":false,"template":"","format":"standard","meta":{"_acf_changed":false,"footnotes":""},"categories":[87,94,98],"tags":[201,221],"class_list":["post-5294","post","type-post","status-publish","format-standard","has-post-thumbnail","hentry","category-arranjos","category-datas-comemorativas","category-flores-de-presente","tag-dia-dos-namorados","tag-flores-2"],"acf":[],"_links":{"self":[{"href":"https:\/\/ikebanaflores.com.br\/blog\/wp-json\/wp\/v2\/posts\/5294","targetHints":{"allow":["GET"]}}],"collection":[{"href":"https:\/\/ikebanaflores.com.br\/blog\/wp-json\/wp\/v2\/posts"}],"about":[{"href":"https:\/\/ikebanaflores.com.br\/blog\/wp-json\/wp\/v2\/types\/post"}],"author":[{"embeddable":true,"href":"https:\/\/ikebanaflores.com.br\/blog\/wp-json\/wp\/v2\/users\/5"}],"replies":[{"embeddable":true,"href":"https:\/\/ikebanaflores.com.br\/blog\/wp-json\/wp\/v2\/comments?post=5294"}],"version-history":[{"count":1,"href":"https:\/\/ikebanaflores.com.br\/blog\/wp-json\/wp\/v2\/posts\/5294\/revisions"}],"predecessor-version":[{"id":5747,"href":"https:\/\/ikebanaflores.com.br\/blog\/wp-json\/wp\/v2\/posts\/5294\/revisions\/5747"}],"wp:featuredmedia":[{"embeddable":true,"href":"https:\/\/ikebanaflores.com.br\/blog\/wp-json\/wp\/v2\/media\/5746"}],"wp:attachment":[{"href":"https:\/\/ikebanaflores.com.br\/blog\/wp-json\/wp\/v2\/media?parent=5294"}],"wp:term":[{"taxonomy":"category","embeddable":true,"href":"https:\/\/ikebanaflores.com.br\/blog\/wp-json\/wp\/v2\/categories?post=5294"},{"taxonomy":"post_tag","embeddable":true,"href":"https:\/\/ikebanaflores.com.br\/blog\/wp-json\/wp\/v2\/tags?post=5294"}],"curies":[{"name":"wp","href":"https:\/\/api.w.org\/{rel}","templated":true}]}}