{"id":5502,"date":"2021-04-30T16:40:15","date_gmt":"2021-04-30T16:40:15","guid":{"rendered":"https:\/\/www.ikebanaflores.com.br\/blog\/?p=5502"},"modified":"2026-03-16T15:33:01","modified_gmt":"2026-03-16T18:33:01","slug":"dia-das-maes-2-2","status":"publish","type":"post","link":"https:\/\/ikebanaflores.com.br\/blog\/dia-das-maes-2-2\/","title":{"rendered":"Dia das M\u00e3es pede o presente ideal"},"content":{"rendered":"\n<figure class=\"wp-block-image size-large\"><img fetchpriority=\"high\" decoding=\"async\" width=\"1024\" height=\"682\" src=\"https:\/\/ikebanaflores.com.br\/blog\/wp-content\/uploads\/2021\/04\/familia-fofa-em-_Easy-Resize.com_-1024x682.jpg\" alt=\"dia das m\u00e3es presentes\" class=\"wp-image-5504\" srcset=\"https:\/\/ikebanaflores.com.br\/blog\/wp-content\/uploads\/2021\/04\/familia-fofa-em-_Easy-Resize.com_-1024x682.jpg 1024w, https:\/\/ikebanaflores.com.br\/blog\/wp-content\/uploads\/2021\/04\/familia-fofa-em-_Easy-Resize.com_-300x200.jpg 300w, https:\/\/ikebanaflores.com.br\/blog\/wp-content\/uploads\/2021\/04\/familia-fofa-em-_Easy-Resize.com_-768x512.jpg 768w, https:\/\/ikebanaflores.com.br\/blog\/wp-content\/uploads\/2021\/04\/familia-fofa-em-_Easy-Resize.com_.jpg 1280w\" sizes=\"(max-width: 1024px) 100vw, 1024px\" \/><\/figure>\n\n\n\n<p><\/p>\n\n\n\n<p>O Dia das M\u00e3es \u00e9 uma das datas mais importantes e significativas do ano. No Brasil e em v\u00e1rios pa\u00edses, a celebra\u00e7\u00e3o re\u00fane a fam\u00edlia para homenagear a pessoa mais importante das nossas vidas.&nbsp;<\/p>\n\n\n\n<p>Por tradi\u00e7\u00e3o, gostamos de presentear quem amamos. No entanto, \u00e0s vezes surgem d\u00favidas sobre o que escolher para marcar a data. O objetivo deste artigo \u00e9 ajudar voc\u00ea a encontrar o presente ideal para sua m\u00e3e.&nbsp;<\/p>\n\n\n\n<p>Antes de conferir nossas sugest\u00f5es, aceite o convite para saber mais sobre o Dia das M\u00e3es. Voc\u00ea sabe como a data surgiu? Acompanhe a leitura que preparamos para este dia t\u00e3o especial.<\/p>\n\n\n\n<p><\/p>\n\n\n\n<h2 class=\"wp-block-heading\">Origem do Dia das M\u00e3es<\/h2>\n\n\n\n<p><\/p>\n\n\n\n<p>O Dia das M\u00e3es como conhecemos hoje surgiu nos Estados Unidos, no in\u00edcio do s\u00e9culo XX. Por\u00e9m, antes de contarmos essa hist\u00f3ria, vamos conhecer origens mais remotas da data dedicada ao amor materno.&nbsp;<\/p>\n\n\n\n<p><\/p>\n\n\n\n<h3 class=\"wp-block-heading\">Gr\u00e9cia e Roma Antiga<\/h3>\n\n\n\n<p>Os historiadores afirmam que a celebra\u00e7\u00e3o come\u00e7ou na Roma Antiga e na Gr\u00e9cia durante as festas primaveris. Nessas ocasi\u00f5es eram comuns os cultos de adora\u00e7\u00e3o \u00e0s divindades que representavam as m\u00e3es.&nbsp;<\/p>\n\n\n\n<p>Entre elas, Reia, <a href=\"https:\/\/deuseseherois.webnode.com.br\/products\/reia\/\" target=\"_blank\" rel=\"noreferrer noopener\" aria-label=\"deusa da fertilidade (abre numa nova aba)\">deusa da fertilidade<\/a> na mitologia grega e m\u00e3e de todos os deuses do Olimpo. Para os romanos ela era Cibele. Eles a chamavam de Deusa M\u00e3e ou Magna Mater.<\/p>\n\n\n\n<p><\/p>\n\n\n\n<figure class=\"wp-block-image size-large\"><img decoding=\"async\" width=\"1024\" height=\"682\" src=\"https:\/\/ikebanaflores.com.br\/blog\/wp-content\/uploads\/2021\/04\/mae-com-crianca-pequena-em-hme_1157-19715_Easy-Resize.com_-1-1024x682.jpg\" alt=\"dia das m\u00e3es presentes\" class=\"wp-image-5505\" srcset=\"https:\/\/ikebanaflores.com.br\/blog\/wp-content\/uploads\/2021\/04\/mae-com-crianca-pequena-em-hme_1157-19715_Easy-Resize.com_-1-1024x682.jpg 1024w, https:\/\/ikebanaflores.com.br\/blog\/wp-content\/uploads\/2021\/04\/mae-com-crianca-pequena-em-hme_1157-19715_Easy-Resize.com_-1-300x200.jpg 300w, https:\/\/ikebanaflores.com.br\/blog\/wp-content\/uploads\/2021\/04\/mae-com-crianca-pequena-em-hme_1157-19715_Easy-Resize.com_-1-768x512.jpg 768w, https:\/\/ikebanaflores.com.br\/blog\/wp-content\/uploads\/2021\/04\/mae-com-crianca-pequena-em-hme_1157-19715_Easy-Resize.com_-1.jpg 1280w\" sizes=\"(max-width: 1024px) 100vw, 1024px\" \/><\/figure>\n\n\n\n<p><\/p>\n\n\n\n<h3 class=\"wp-block-heading\">Mother&#8217;s Day na Inglaterra<\/h3>\n\n\n\n<p><\/p>\n\n\n\n<p>Quando a Inglaterra esteve sob o dom\u00ednio do Imp\u00e9rio Romano, o Dia das M\u00e3es era comemorado em meados de mar\u00e7o, coincidindo com as festas realizadas em Roma para a deusa Cibele.&nbsp;<\/p>\n\n\n\n<p>Quando Roma se converteu ao catolicismo, o quarto domingo da Quaresma se tornou o Laetere Sunday. No Latim, Laetere significa \u201creunir-se\u201d ou \u201calegrar-se\u201d. Nessa data, os crist\u00e3os e oper\u00e1rios tiravam o dia de folga para voltar \u00e0s par\u00f3quias onde foram batizados. E eles, claro, aproveitavam a oportunidade para visitarem suas m\u00e3es.&nbsp;<\/p>\n\n\n\n<p>Essa tradi\u00e7\u00e3o se manteve ao longo dos s\u00e9culos, mesmo com a convers\u00e3o da Inglaterra para a religi\u00e3o anglicana.&nbsp;<\/p>\n\n\n\n<p><\/p>\n\n\n\n<figure class=\"wp-block-image size-large\"><img decoding=\"async\" width=\"1024\" height=\"787\" src=\"https:\/\/ikebanaflores.com.br\/blog\/wp-content\/uploads\/2021\/04\/mae-satisfeita-com_Easy-Resize.com_-1024x787.jpg\" alt=\"dia das m\u00e3es presentes\" class=\"wp-image-5507\" srcset=\"https:\/\/ikebanaflores.com.br\/blog\/wp-content\/uploads\/2021\/04\/mae-satisfeita-com_Easy-Resize.com_-1024x787.jpg 1024w, https:\/\/ikebanaflores.com.br\/blog\/wp-content\/uploads\/2021\/04\/mae-satisfeita-com_Easy-Resize.com_-300x231.jpg 300w, https:\/\/ikebanaflores.com.br\/blog\/wp-content\/uploads\/2021\/04\/mae-satisfeita-com_Easy-Resize.com_-768x590.jpg 768w, https:\/\/ikebanaflores.com.br\/blog\/wp-content\/uploads\/2021\/04\/mae-satisfeita-com_Easy-Resize.com_.jpg 1280w\" sizes=\"(max-width: 1024px) 100vw, 1024px\" \/><\/figure>\n\n\n\n<p><\/p>\n\n\n\n<h3 class=\"wp-block-heading\">O come\u00e7o nos Estados Unidos<\/h3>\n\n\n\n<p><\/p>\n\n\n\n<p>A celebra\u00e7\u00e3o para as m\u00e3es como a conhecemos hoje surgiu nos Estados Unidos. Uma jovem chamada Anna Jarvis decidiu homenagear sua m\u00e3e, a ativista Ann Maria Reeves Jarvis. Ann desenvolvia um trabalho social importante. Ela foi respons\u00e1vel por realizar campanhas em defesa das m\u00e3es trabalhadoras e contra a mortalidade infantil.&nbsp;<\/p>\n\n\n\n<p>A ativista morreu em 1905 e sua filha, Anna Jarvis decidiu homenagear sua m\u00e3e e todas as outras m\u00e3es. Com o apoio de algumas amigas, a jovem iniciou uma campanha anual com esse fim.&nbsp;<\/p>\n\n\n\n<p>Em 1914, o Dia das M\u00e3es foi oficializado pelo presidente Woodrow Wilson como uma data de celebra\u00e7\u00e3o em fam\u00edlia. A homenagem se popularizou e chegou ao Brasil.&nbsp;<\/p>\n\n\n\n<p><\/p>\n\n\n\n<h3 class=\"wp-block-heading\">O Dia das M\u00e3es no Brasil<\/h3>\n\n\n\n<p><\/p>\n\n\n\n<p>Entre os brasileiros, o Dia das M\u00e3es \u00e9 comemorado no segundo domingo de maio. O mesmo acontece no Jap\u00e3o e na It\u00e1lia. A data tornou-se oficial em 1932, durante o governo Get\u00falio Vargas. No entanto, registros hist\u00f3ricos mostram que a celebra\u00e7\u00e3o ocorreu, pela primeira vez, em 1918, promovida pela Associa\u00e7\u00e3o Crist\u00e3 de Mo\u00e7os, em Porto Alegre.&nbsp;<\/p>\n\n\n\n<p>O Dia das M\u00e3es passou a fazer parte do calend\u00e1rio oficial da Igreja Cat\u00f3lica em 1947, por interm\u00e9dio do arcebispo Dom Jaime de Barros C\u00e2mara. A data \u00e9 comemorada at\u00e9 hoje, sendo uma das mais populares do pa\u00eds.&nbsp;<\/p>\n\n\n\n<p><\/p>\n\n\n\n<h2 class=\"wp-block-heading\">Est\u00e1 sem ideias? Confira sugest\u00f5es de presente para o Dia das M\u00e3es<\/h2>\n\n\n\n<p><\/p>\n\n\n\n<figure class=\"wp-block-image size-large\"><img loading=\"lazy\" decoding=\"async\" width=\"1024\" height=\"1024\" src=\"https:\/\/ikebanaflores.com.br\/blog\/wp-content\/uploads\/2021\/04\/menina-dando-flores-da-pri_Easy-Resize.com_-1024x1024.jpg\" alt=\"dia das m\u00e3es flores\" class=\"wp-image-5506\" srcset=\"https:\/\/ikebanaflores.com.br\/blog\/wp-content\/uploads\/2021\/04\/menina-dando-flores-da-pri_Easy-Resize.com_-1024x1024.jpg 1024w, https:\/\/ikebanaflores.com.br\/blog\/wp-content\/uploads\/2021\/04\/menina-dando-flores-da-pri_Easy-Resize.com_-300x300.jpg 300w, https:\/\/ikebanaflores.com.br\/blog\/wp-content\/uploads\/2021\/04\/menina-dando-flores-da-pri_Easy-Resize.com_-150x150.jpg 150w, https:\/\/ikebanaflores.com.br\/blog\/wp-content\/uploads\/2021\/04\/menina-dando-flores-da-pri_Easy-Resize.com_-768x768.jpg 768w, https:\/\/ikebanaflores.com.br\/blog\/wp-content\/uploads\/2021\/04\/menina-dando-flores-da-pri_Easy-Resize.com_-500x500.jpg 500w, https:\/\/ikebanaflores.com.br\/blog\/wp-content\/uploads\/2021\/04\/menina-dando-flores-da-pri_Easy-Resize.com_.jpg 1280w\" sizes=\"(max-width: 1024px) 100vw, 1024px\" \/><\/figure>\n\n\n\n<p><\/p>\n\n\n\n<p>Agora que voc\u00ea j\u00e1 sabe como essa importante data surgiu e como se consolidou ao longo da hist\u00f3ria, chegou o momento de escolher o presente. Sabemos que para algumas pessoas pode ser um momento de indecis\u00e3o, por isso, elaboramos uma lista de sugest\u00f5es para mam\u00e3es de todos os estilos. Vamos conferir?<\/p>\n\n\n\n<p><\/p>\n\n\n\n<ul class=\"wp-block-list\"><li><strong>Caf\u00e9 da manh\u00e3 especial<\/strong>: para ela come\u00e7ar o dia com uma <a rel=\"noreferrer noopener\" aria-label=\"cesta de caf\u00e9 da manh\u00e3 (abre numa nova aba)\" href=\"https:\/\/ikebanaflores.com.br\/blog\/produtos-para-cesta-de-cafe-da-manha\/\" target=\"_blank\">cesta de caf\u00e9 da manh\u00e3<\/a> recheada com del\u00edcias;<\/li><li><strong>Chocolates:<\/strong> quem n\u00e3o gosta dessa iguaria? Uma caixa de bombons finos ou uma sele\u00e7\u00e3o de <a rel=\"noreferrer noopener\" aria-label=\"chocolates especiais (abre numa nova aba)\" href=\"https:\/\/ikebanaflores.com.br\/blog\/cestas-especiais\/cestas-de-chocolates\" target=\"_blank\">chocolates especiais<\/a> \u00e9 uma \u00f3tima ideia;<\/li><li><strong>Livros:<\/strong> mam\u00e3es que t\u00eam o h\u00e1bito da leitura v\u00e3o adorar receber um livro. Belo Horizonte tem <a rel=\"noreferrer noopener\" aria-label=\"excelentes livrarias (abre numa nova aba)\" href=\"https:\/\/culturadoria.com.br\/literatura-na-pandemia-cinco-livrarias-de-bh-que-estao-com-delivery\/\" target=\"_blank\">excelentes livrarias<\/a> com delivery. Uma dedicat\u00f3ria carinhosa n\u00e3o pode faltar;<\/li><li><strong>Roupas e acess\u00f3rios: <\/strong>as mulheres adoram renovar o visual. Bolsas, len\u00e7os, sapatos, joias s\u00e3o \u00f3timas op\u00e7\u00f5es;<\/li><li><strong>Perfumes e produtos de beleza: <\/strong>escolha artigos que tenham a ver com o estilo da sua m\u00e3e. Invista em hidratantes, m\u00e1scaras faciais, sabonetes, protetores solares e produtos para o autocuidado.&nbsp;<\/li><li><strong>Aparelhos eletr\u00f4nicos: <\/strong>se ela gosta de tecnologia, que tal um celular novo ou um tablet? Aposte tamb\u00e9m em acess\u00f3rios como fones de ouvido ou capinhas para telefone.<\/li><li><strong>Quadro de fotos: <\/strong>se a grana estiver curta, invista em um presente de baixo custo, mas muito significativo. Re\u00fana fotos de momentos especiais ao lado da sua m\u00e3e, fa\u00e7a uma montagem e imprima o resultado. Com certeza ela vai adorar;<\/li><li><strong>Flores:<\/strong> escolha a esp\u00e9cie pelo <a href=\"https:\/\/ikebanaflores.com.br\/blog\/significado-das-flores\/\" target=\"_blank\" rel=\"noreferrer noopener\" aria-label=\"significado (abre numa nova aba)\">significado<\/a> e prepare um belo buqu\u00ea acompanhado de um cart\u00e3o.<\/li><\/ul>\n\n\n\n<p><\/p>\n\n\n\n<p><em>Esperamos que tenha gostado das nossas sugest\u00f5es. Somos suspeitos, mas para n\u00f3s, as flores s\u00e3o o presente mais representativo e <a rel=\"noreferrer noopener\" aria-label=\"temos muitas op\u00e7\u00f5es (abre numa nova aba)\" href=\"https:\/\/ikebanaflores.com.br\/blog\/flores-dia-maes-bh\" target=\"_blank\">temos muitas op\u00e7\u00f5es<\/a>. Mas independente da escolha, n\u00e3o deixe de homenagear sua m\u00e3e ou a pessoa que exerce esse papel em sua vida. Longe ou perto, o importante \u00e9 dar carinho, amor e aten\u00e7\u00e3o.&nbsp;<\/em><\/p>\n\n\n\n<p> Por&nbsp;<a rel=\"noreferrer noopener\" href=\"https:\/\/sites.google.com\/view\/ana-bittencourt-redatora\" target=\"_blank\">Ana Bittencourt<\/a>&nbsp;(MTb 14.265) <br><\/p>\n","protected":false},"excerpt":{"rendered":"<p>O Dia das M\u00e3es \u00e9 uma das datas mais importantes e significativas do ano. No Brasil e em v\u00e1rios pa\u00edses, a celebra\u00e7\u00e3o re\u00fane a fam\u00edlia para homenagear a pessoa mais importante das nossas vidas.&nbsp; Por tradi\u00e7\u00e3o, gostamos de presentear quem amamos. No entanto, \u00e0s vezes surgem d\u00favidas sobre o que escolher para marcar a data. [&hellip;]<\/p>\n","protected":false},"author":5,"featured_media":5721,"comment_status":"open","ping_status":"open","sticky":false,"template":"","format":"standard","meta":{"_acf_changed":false,"footnotes":""},"categories":[87,94,97,98,105],"tags":[],"class_list":["post-5502","post","type-post","status-publish","format-standard","has-post-thumbnail","hentry","category-arranjos","category-datas-comemorativas","category-dicas-importantes","category-flores-de-presente","category-significado-das-flores"],"acf":[],"_links":{"self":[{"href":"https:\/\/ikebanaflores.com.br\/blog\/wp-json\/wp\/v2\/posts\/5502","targetHints":{"allow":["GET"]}}],"collection":[{"href":"https:\/\/ikebanaflores.com.br\/blog\/wp-json\/wp\/v2\/posts"}],"about":[{"href":"https:\/\/ikebanaflores.com.br\/blog\/wp-json\/wp\/v2\/types\/post"}],"author":[{"embeddable":true,"href":"https:\/\/ikebanaflores.com.br\/blog\/wp-json\/wp\/v2\/users\/5"}],"replies":[{"embeddable":true,"href":"https:\/\/ikebanaflores.com.br\/blog\/wp-json\/wp\/v2\/comments?post=5502"}],"version-history":[{"count":1,"href":"https:\/\/ikebanaflores.com.br\/blog\/wp-json\/wp\/v2\/posts\/5502\/revisions"}],"predecessor-version":[{"id":5722,"href":"https:\/\/ikebanaflores.com.br\/blog\/wp-json\/wp\/v2\/posts\/5502\/revisions\/5722"}],"wp:featuredmedia":[{"embeddable":true,"href":"https:\/\/ikebanaflores.com.br\/blog\/wp-json\/wp\/v2\/media\/5721"}],"wp:attachment":[{"href":"https:\/\/ikebanaflores.com.br\/blog\/wp-json\/wp\/v2\/media?parent=5502"}],"wp:term":[{"taxonomy":"category","embeddable":true,"href":"https:\/\/ikebanaflores.com.br\/blog\/wp-json\/wp\/v2\/categories?post=5502"},{"taxonomy":"post_tag","embeddable":true,"href":"https:\/\/ikebanaflores.com.br\/blog\/wp-json\/wp\/v2\/tags?post=5502"}],"curies":[{"name":"wp","href":"https:\/\/api.w.org\/{rel}","templated":true}]}}