{"id":5540,"date":"2021-05-28T01:17:46","date_gmt":"2021-05-28T01:17:46","guid":{"rendered":"https:\/\/www.ikebanaflores.com.br\/blog\/?p=5540"},"modified":"2026-03-16T15:31:12","modified_gmt":"2026-03-16T18:31:12","slug":"aloe-vera","status":"publish","type":"post","link":"https:\/\/ikebanaflores.com.br\/blog\/aloe-vera\/","title":{"rendered":"Aloe vera: voc\u00ea conhece os benef\u00edcios dessa planta?"},"content":{"rendered":"\n<figure class=\"wp-block-image size-large\"><img fetchpriority=\"high\" decoding=\"async\" width=\"1024\" height=\"813\" src=\"https:\/\/ikebanaflores.com.br\/blog\/wp-content\/uploads\/2021\/05\/aloevera-em-cima-da-mesa_144627-32380_Easy-Resize.com_-1024x813.jpg\" alt=\"aloe vera\" class=\"wp-image-5542\" srcset=\"https:\/\/ikebanaflores.com.br\/blog\/wp-content\/uploads\/2021\/05\/aloevera-em-cima-da-mesa_144627-32380_Easy-Resize.com_-1024x813.jpg 1024w, https:\/\/ikebanaflores.com.br\/blog\/wp-content\/uploads\/2021\/05\/aloevera-em-cima-da-mesa_144627-32380_Easy-Resize.com_-300x238.jpg 300w, https:\/\/ikebanaflores.com.br\/blog\/wp-content\/uploads\/2021\/05\/aloevera-em-cima-da-mesa_144627-32380_Easy-Resize.com_-768x610.jpg 768w, https:\/\/ikebanaflores.com.br\/blog\/wp-content\/uploads\/2021\/05\/aloevera-em-cima-da-mesa_144627-32380_Easy-Resize.com_.jpg 1280w\" sizes=\"(max-width: 1024px) 100vw, 1024px\" \/><\/figure>\n\n\n\n<p><\/p>\n\n\n\n<p>Voc\u00ea conhece a Aloe vera? Talvez n\u00e3o com esse nome. No entanto, \u00e9 poss\u00edvel que voc\u00ea j\u00e1 tenha comprado um cosm\u00e9tico com a planta na composi\u00e7\u00e3o. Aloe vera \u00e9 o <strong>nome cient\u00edfico da babosa<\/strong>, uma planta de origem africana, muito comum em regi\u00f5es des\u00e9rticas e nas estepes.&nbsp;<\/p>\n\n\n\n<p><\/p>\n\n\n\n<p>Visualmente a planta lembra um <a rel=\"noreferrer noopener\" aria-label=\"cacto (abre numa nova aba)\" href=\"https:\/\/ikebanaflores.com.br\/blog\/arranjos-com-cactos-e-suculentas\/\" target=\"_blank\">cacto<\/a>. Contudo, ela tem propriedades medicinais, fitoter\u00e1picos e e est\u00e1 presente na ind\u00fastria de cosm\u00e9ticos. Nesse artigo apresentamos os<strong> benef\u00edcios da Aloe vera<\/strong>, suas formas de uso e principais indica\u00e7\u00f5es.&nbsp;<\/p>\n\n\n\n<p><\/p>\n\n\n\n<h2 class=\"wp-block-heading\">Origem e caracter\u00edsticas da Aloe vera<\/h2>\n\n\n\n<p><\/p>\n\n\n\n<p>O g\u00eanero Aloe possui <strong>mais de 400 esp\u00e9cies<\/strong> catalogadas. Por\u00e9m, a mais cultivada \u00e9 a Aloe vera ou babosa, como \u00e9 popularmente chamada. Seu nome tem origem grega (aloe), \u00e1rabe (al\u00f3e) e hebraica (alloeh) e significa subst\u00e2ncia amarga e brilhante, enquanto o termo vera significa verdadeira.<\/p>\n\n\n\n<p><\/p>\n\n\n\n<p>A planta<strong> se desenvolve sob luz solar direta e solo bem drenado<\/strong>, caracter\u00edstico das regi\u00f5es onde \u00e9 origin\u00e1ria. Por essas caracter\u00edsticas, a Aloe vera se adaptou bem em outros locais, como Cerrado brasileiro.&nbsp;<\/p>\n\n\n\n<p><\/p>\n\n\n\n<p>\u00c9 uma esp\u00e9cie perene e robusta, com cerca de um metro de altura, <strong>folhas carnudas, suculentas e cerosas de cor verde<\/strong>. As folhas s\u00e3o levemente espinhosas e crescem at\u00e9 75 cm com peso aproximado de 2,3 kg.&nbsp;<\/p>\n\n\n\n<p><\/p>\n\n\n\n<p>\u00c9 justamente das folhas que extra\u00edmos a subst\u00e2ncia utilizada na fabrica\u00e7\u00e3o de cosm\u00e9ticos e medicamentos. Para manter os<strong> princ\u00edpios da seiva ativos e concentrados<\/strong>, a recomenda\u00e7\u00e3o \u00e9 que a planta n\u00e3o seja regada cinco dias antes da colheita.&nbsp;<\/p>\n\n\n\n<p><\/p>\n\n\n\n<figure class=\"wp-block-image size-large\"><img decoding=\"async\" width=\"1024\" height=\"682\" src=\"https:\/\/ikebanaflores.com.br\/blog\/wp-content\/uploads\/2021\/05\/fatias-de-aloe-vera-para-cuidados-com-a-pele_144627-36289_Easy-Resize.com_-1024x682.jpg\" alt=\"babosa\" class=\"wp-image-5543\" srcset=\"https:\/\/ikebanaflores.com.br\/blog\/wp-content\/uploads\/2021\/05\/fatias-de-aloe-vera-para-cuidados-com-a-pele_144627-36289_Easy-Resize.com_-1024x682.jpg 1024w, https:\/\/ikebanaflores.com.br\/blog\/wp-content\/uploads\/2021\/05\/fatias-de-aloe-vera-para-cuidados-com-a-pele_144627-36289_Easy-Resize.com_-300x200.jpg 300w, https:\/\/ikebanaflores.com.br\/blog\/wp-content\/uploads\/2021\/05\/fatias-de-aloe-vera-para-cuidados-com-a-pele_144627-36289_Easy-Resize.com_-768x512.jpg 768w, https:\/\/ikebanaflores.com.br\/blog\/wp-content\/uploads\/2021\/05\/fatias-de-aloe-vera-para-cuidados-com-a-pele_144627-36289_Easy-Resize.com_.jpg 1280w\" sizes=\"(max-width: 1024px) 100vw, 1024px\" \/><\/figure>\n\n\n\n<p><\/p>\n\n\n\n<p>E quais subst\u00e2ncias essa planta conserva em seu interior? S\u00e3o muitas, confira:<\/p>\n\n\n\n<ul class=\"wp-block-list\"><li><strong>Lignina: <\/strong>\u00e9 o segundo pol\u00edmero de fonte renov\u00e1vel mais abundante na natureza, utilizado nas ind\u00fastrias moveleiras e de pneus;<\/li><li><strong>Minerais:<\/strong> c\u00e1lcio, pot\u00e1ssio, magn\u00e9sio, zinco, s\u00f3dio, cromo, cobre, cloro, ferro e mangan\u00eas;&nbsp;<\/li><li><strong>Vitaminas: <\/strong>betacaroteno (pr\u00f3-vitamina A), B6, B1, B2, B3, E, C, \u00e1cido f\u00f3lico e colina.<\/li><\/ul>\n\n\n\n<p><\/p>\n\n\n\n<p>As propriedades da babosa n\u00e3o est\u00e3o presentes somente na ind\u00fastria da beleza. Seus benef\u00edcios medicinais t\u00eam a\u00e7\u00e3o <strong>antimicrobiana, antiviral e anti-inflamat\u00f3ria<\/strong>. Al\u00e9m de ter efeito <a rel=\"noreferrer noopener\" aria-label=\"calmante (abre numa nova aba)\" href=\"https:\/\/ikebanaflores.com.br\/blog\/oleos-essenciais\/\" target=\"_blank\">calmante<\/a>, cicatrizante, anest\u00e9sico e anti-t\u00e9rmico, tamb\u00e9m \u00e9 \u00f3tima para hidratar pele e cabelos.&nbsp;<\/p>\n\n\n\n<p><\/p>\n\n\n\n<h2 class=\"wp-block-heading\">Benef\u00edcios da Aloe vera<\/h2>\n\n\n\n<p><\/p>\n\n\n\n<p>A Aloe vera \u00e9 uma planta potente e com in\u00fameras aplica\u00e7\u00f5es, tanto nas ind\u00fastrias quanto no uso dom\u00e9stico. Por ser uma <strong>esp\u00e9cie de f\u00e1cil cultivo<\/strong>, ela \u00e9 ideal para cultivar no jardim ou em vasos dentro de casa.&nbsp;<\/p>\n\n\n\n<h3 class=\"wp-block-heading\">1. Hidrata\u00e7\u00e3o<\/h3>\n\n\n\n<p>Constitu\u00edda por 96% de \u00e1gua, a planta \u00e9 perfeita para a hidrata\u00e7\u00e3o da pele e dos cabelos. A lignina, aquela subst\u00e2ncia utilizada na fabrica\u00e7\u00e3o de m\u00f3veis e pneus, associada a polissacar\u00eddeos,<strong> restitui a \u00e1gua perdida pelo organismo<\/strong>.<\/p>\n\n\n\n<p><\/p>\n\n\n\n<h3 class=\"wp-block-heading\">2. Antiss\u00e9ptico<\/h3>\n\n\n\n<p>A Aloe vera cont\u00e9m nada menos que 6 agentes antiss\u00e9pticos: \u00e1cido salic\u00edlico, nitrog\u00eanio ureico, lupeol, \u00e1cido cinam\u00f4nico, enxofre e fen\u00f3is. Essas subst\u00e2ncias inibem a presen\u00e7a de bact\u00e9rias e fungos, auxiliando no <strong>tratamento da acne<\/strong>.<\/p>\n\n\n\n<figure class=\"wp-block-image size-large\"><img decoding=\"async\" width=\"1024\" height=\"682\" src=\"https:\/\/ikebanaflores.com.br\/blog\/wp-content\/uploads\/2021\/05\/curativo-no-joelho_38678-1626_Easy-Resize.com_-1024x682.jpg\" alt=\"cicatrizante\" class=\"wp-image-5544\" srcset=\"https:\/\/ikebanaflores.com.br\/blog\/wp-content\/uploads\/2021\/05\/curativo-no-joelho_38678-1626_Easy-Resize.com_-1024x682.jpg 1024w, https:\/\/ikebanaflores.com.br\/blog\/wp-content\/uploads\/2021\/05\/curativo-no-joelho_38678-1626_Easy-Resize.com_-300x200.jpg 300w, https:\/\/ikebanaflores.com.br\/blog\/wp-content\/uploads\/2021\/05\/curativo-no-joelho_38678-1626_Easy-Resize.com_-768x511.jpg 768w, https:\/\/ikebanaflores.com.br\/blog\/wp-content\/uploads\/2021\/05\/curativo-no-joelho_38678-1626_Easy-Resize.com_.jpg 1280w\" sizes=\"(max-width: 1024px) 100vw, 1024px\" \/><\/figure>\n\n\n\n<p><\/p>\n\n\n\n<h3 class=\"wp-block-heading\">3. Cicatrizante<\/h3>\n\n\n\n<p>A presen\u00e7a de glicoprote\u00ednas, compostos fen\u00f3licos, a\u00e7\u00facares e polissacar\u00eddeos<strong> reduzem as inflama\u00e7\u00f5es.<\/strong> Assim, a pele se recupera mais r\u00e1pido de les\u00f5es e cicatriza melhor. <\/p>\n\n\n\n<p>Trata fissuras, cortes e outros danos aos tecidos, <strong>estimulando a produ\u00e7\u00e3o de col\u00e1geno<\/strong>. Os efeitos antiviral, antibacteriano e antiss\u00e9ptico auxiliam no tratamento do herpes simples, herpes zoster e candid\u00edase.&nbsp;<\/p>\n\n\n\n<p><\/p>\n\n\n\n<h3 class=\"wp-block-heading\">4. Anti-inflamat\u00f3rio e calmante<\/h3>\n\n\n\n<p>A planta oferece a\u00e7\u00e3o refrescante e auxilia no tratamento da pele irritada, com queimaduras de sol ou fogo,<strong> auxiliando na cicatriza\u00e7\u00e3o<\/strong>. A ind\u00fastria farmac\u00eautica produz in\u00fameros tratamentos para a pele com as subst\u00e2ncias encontradas na babosa.&nbsp;<\/p>\n\n\n\n<p><\/p>\n\n\n\n<h3 class=\"wp-block-heading\">5. Sa\u00fade bucal<\/h3>\n\n\n\n<p>Tratamentos \u00e0 base de Aloe vera s\u00e3o ben\u00e9ficos em alguns problemas bucais como aftas, gengivites e periodontites. O gel dental produzido com a planta \u00e9 <strong>eficaz no controle de bact\u00e9rias que causam c\u00e1ries<\/strong>.&nbsp;<\/p>\n\n\n\n<figure class=\"wp-block-image size-large\"><img loading=\"lazy\" decoding=\"async\" width=\"1024\" height=\"767\" src=\"https:\/\/ikebanaflores.com.br\/blog\/wp-content\/uploads\/2021\/05\/mulher-tocando-o-rosto-com-folha-de-babosa-em-fundo-claro-closeup-retrato_163305-82261_Easy-Resize.com_-1024x767.jpg\" alt=\"calmante\" class=\"wp-image-5545\" srcset=\"https:\/\/ikebanaflores.com.br\/blog\/wp-content\/uploads\/2021\/05\/mulher-tocando-o-rosto-com-folha-de-babosa-em-fundo-claro-closeup-retrato_163305-82261_Easy-Resize.com_-1024x767.jpg 1024w, https:\/\/ikebanaflores.com.br\/blog\/wp-content\/uploads\/2021\/05\/mulher-tocando-o-rosto-com-folha-de-babosa-em-fundo-claro-closeup-retrato_163305-82261_Easy-Resize.com_-300x225.jpg 300w, https:\/\/ikebanaflores.com.br\/blog\/wp-content\/uploads\/2021\/05\/mulher-tocando-o-rosto-com-folha-de-babosa-em-fundo-claro-closeup-retrato_163305-82261_Easy-Resize.com_-768x575.jpg 768w, https:\/\/ikebanaflores.com.br\/blog\/wp-content\/uploads\/2021\/05\/mulher-tocando-o-rosto-com-folha-de-babosa-em-fundo-claro-closeup-retrato_163305-82261_Easy-Resize.com_.jpg 1280w\" sizes=\"(max-width: 1024px) 100vw, 1024px\" \/><\/figure>\n\n\n\n<p><\/p>\n\n\n\n<h2 class=\"wp-block-heading\">Recomenda\u00e7\u00e3o importante sobre a Aloe vera<\/h2>\n\n\n\n<p><\/p>\n\n\n\n<p>Embora existam indica\u00e7\u00f5es para consumo de ch\u00e1s e sucos, <strong>a ingest\u00e3o de Aloe vera n\u00e3o est\u00e1 autorizada pela Ag\u00eancia Nacional de Vigil\u00e2ncia Sanit\u00e1ria (Anvisa)<\/strong>, desde 2011. Para o \u00f3rg\u00e3o, as evid\u00eancias cient\u00edficas avaliadas n\u00e3o comprovam a seguran\u00e7a de uso na alimenta\u00e7\u00e3o.<\/p>\n\n\n\n<p><\/p>\n\n\n\n<p>Em 2020, a Anvisa <a href=\"https:\/\/www.gov.br\/anvisa\/pt-br\/assuntos\/alimentos\/informes-anexos\/48de2012\/arquivos\/10335json-file-1\" target=\"_blank\" rel=\"noopener\">atualizou a recomenda\u00e7\u00e3o<\/a>, confirmando que <strong>a planta n\u00e3o deve ser consumida como alimento<\/strong>. Ainda, ratifica a necessidade de avalia\u00e7\u00e3o criteriosa para definir se h\u00e1 seguran\u00e7a para comercializar produtos \u00e0 base de Aloe vera.&nbsp;<\/p>\n\n\n\n<p><\/p>\n\n\n\n<p><em>Por fim, apesar da restri\u00e7\u00e3o alimentar, a planta \u00e9 poderosa pelos in\u00fameros benef\u00edcios que oferece com o uso t\u00f3pico. Se voc\u00ea deseja conhecer melhor as <strong>propriedades medicinais e est\u00e9ticas <\/strong>dessa esp\u00e9cie, confira algumas <a href=\"https:\/\/www.vivadecora.com.br\/revista\/como-plantar-babosa\/\" target=\"_blank\" rel=\"noopener\">dicas para plantar e cultivar<\/a> a Aloe vera em casa.&nbsp;<\/em><\/p>\n\n\n\n<p> Por&nbsp;<a rel=\"noreferrer noopener\" href=\"https:\/\/sites.google.com\/view\/ana-bittencourt-redatora\" target=\"_blank\">Ana Bittencourt<\/a>&nbsp;(MTb 14.265) &nbsp; <\/p>\n","protected":false},"excerpt":{"rendered":"<p>Voc\u00ea conhece a Aloe vera? Talvez n\u00e3o com esse nome. No entanto, \u00e9 poss\u00edvel que voc\u00ea j\u00e1 tenha comprado um cosm\u00e9tico com a planta na composi\u00e7\u00e3o. Aloe vera \u00e9 o nome cient\u00edfico da babosa, uma planta de origem africana, muito comum em regi\u00f5es des\u00e9rticas e nas estepes.&nbsp; Visualmente a planta lembra um cacto. Contudo, ela [&hellip;]<\/p>\n","protected":false},"author":5,"featured_media":5713,"comment_status":"open","ping_status":"open","sticky":false,"template":"","format":"standard","meta":{"_acf_changed":false,"footnotes":""},"categories":[93,97,101,106],"tags":[],"class_list":["post-5540","post","type-post","status-publish","format-standard","has-post-thumbnail","hentry","category-curiosidades","category-dicas-importantes","category-plantas-e-flores","category-suculentas"],"acf":[],"_links":{"self":[{"href":"https:\/\/ikebanaflores.com.br\/blog\/wp-json\/wp\/v2\/posts\/5540","targetHints":{"allow":["GET"]}}],"collection":[{"href":"https:\/\/ikebanaflores.com.br\/blog\/wp-json\/wp\/v2\/posts"}],"about":[{"href":"https:\/\/ikebanaflores.com.br\/blog\/wp-json\/wp\/v2\/types\/post"}],"author":[{"embeddable":true,"href":"https:\/\/ikebanaflores.com.br\/blog\/wp-json\/wp\/v2\/users\/5"}],"replies":[{"embeddable":true,"href":"https:\/\/ikebanaflores.com.br\/blog\/wp-json\/wp\/v2\/comments?post=5540"}],"version-history":[{"count":1,"href":"https:\/\/ikebanaflores.com.br\/blog\/wp-json\/wp\/v2\/posts\/5540\/revisions"}],"predecessor-version":[{"id":5714,"href":"https:\/\/ikebanaflores.com.br\/blog\/wp-json\/wp\/v2\/posts\/5540\/revisions\/5714"}],"wp:featuredmedia":[{"embeddable":true,"href":"https:\/\/ikebanaflores.com.br\/blog\/wp-json\/wp\/v2\/media\/5713"}],"wp:attachment":[{"href":"https:\/\/ikebanaflores.com.br\/blog\/wp-json\/wp\/v2\/media?parent=5540"}],"wp:term":[{"taxonomy":"category","embeddable":true,"href":"https:\/\/ikebanaflores.com.br\/blog\/wp-json\/wp\/v2\/categories?post=5540"},{"taxonomy":"post_tag","embeddable":true,"href":"https:\/\/ikebanaflores.com.br\/blog\/wp-json\/wp\/v2\/tags?post=5540"}],"curies":[{"name":"wp","href":"https:\/\/api.w.org\/{rel}","templated":true}]}}