{"id":5551,"date":"2011-03-01T23:32:00","date_gmt":"2011-03-01T23:32:00","guid":{"rendered":"https:\/\/www.ikebanaflores.com.br\/blog\/?p=11"},"modified":"2026-03-16T17:09:27","modified_gmt":"2026-03-16T20:09:27","slug":"alexandre-antunes-compartilha-um-pouco-da-historia-da-ikebana-flores","status":"publish","type":"post","link":"https:\/\/ikebanaflores.com.br\/blog\/alexandre-antunes-compartilha-um-pouco-da-historia-da-ikebana-flores\/","title":{"rendered":"Alexandre Antunes compartilha um pouco da hist\u00f3ria da Ikebana Flores."},"content":{"rendered":"<div class=\"separator\" style=\"clear: both; text-align: center;\"><a href=\"https:\/\/lh4.googleusercontent.com\/-Ma0gatJOOEI\/TW18RtqAuXI\/AAAAAAAAAEM\/vBf-QuUeHAI\/s1600\/IMG_7123+%25281%2529.JPG\" imageanchor=\"1\" style=\"clear: left; float: left; margin-bottom: 1em; margin-right: 1em;\" target=\"_blank\" rel=\"noopener\"><img fetchpriority=\"high\" decoding=\"async\" border=\"0\" height=\"320\" src=\"https:\/\/lh4.googleusercontent.com\/-Ma0gatJOOEI\/TW18RtqAuXI\/AAAAAAAAAEM\/vBf-QuUeHAI\/s320\/IMG_7123+%25281%2529.JPG\" width=\"240\" \/><\/a><\/div>\n<div style=\"font-family: arial; font-size: small;\">\n<div style=\"text-align: justify;\"><b>Conte para n\u00f3s, um pouco da origem da Floricultura. Como surgiu a Ikebana Flores?<\/b><\/div>\n<\/div>\n<div style=\"font-family: arial; font-size: small;\">\n<div style=\"text-align: justify;\"><b><br \/><\/b><\/div>\n<\/div>\n<div style=\"font-family: arial; font-size: small;\">\n<div style=\"text-align: justify;\">A origem da ikebana surgiu com a sociedade de dois irm\u00e3os, Alexandre Antunes na parte art\u00edstica e T\u00e2nia na administrativa. O objetivo era criar uma loja com pre\u00e7os acess\u00edveis &nbsp;num bairro de muito glamour, Savassi, onde se dita \u00e0 moda &nbsp;em todos os aspectos, com o diferencial nas embalagens e novidades sempre com toque artesanal, conquistando clientes ao longo de mais de duas d\u00e9cadas.<\/div>\n<\/div>\n<div style=\"font-family: arial; font-size: small;\">\n<div style=\"text-align: justify;\"><\/div>\n<\/div>\n<div style=\"font-family: arial; font-size: small;\">\n<div style=\"text-align: justify;\"><b>Como o senhor v\u00ea as mudan\u00e7as que ocorreram na floricultura durante esses 24 anos?<\/b><br \/><b><br \/><\/b><\/div>\n<\/div>\n<div style=\"font-family: arial; font-size: small;\">\n<div style=\"text-align: justify;\">As mudan\u00e7as foram gigantescas. Com a globaliza\u00e7\u00e3o, o surgimento de vendas online atingiu clientes &nbsp;em v\u00e1rias partes do mundo, com gostos sofisticados.<\/div>\n<\/div>\n<div style=\"font-family: arial; font-size: small;\">\n<div style=\"text-align: justify;\"><b><br \/><\/b><\/div>\n<\/div>\n<div style=\"font-family: arial; font-size: small;\">\n<div style=\"text-align: justify;\"><b>Quais foram \u00e0s maiores dificuldades encontradas ao longo desses 24 anos? E, quais as maiores realiza\u00e7\u00f5es?<\/b><br \/><b><br \/><\/b><\/div>\n<\/div>\n<div style=\"font-family: arial; font-size: small;\">\n<div style=\"text-align: justify;\">A Ikebana surgiu com grande impacto, havia muitos concorrentes. Mas, com o tempo se descobre que s\u00f3 &nbsp;com muito trabalho e honestidade se consegue fazer uma boa hist\u00f3ria.&nbsp;<\/div>\n<\/div>\n<div style=\"font-family: arial; font-size: small;\"><\/div>\n<div style=\"font-family: arial; font-size: small;\">\n<div style=\"text-align: justify;\">As maiores dificuldades foram os planos econ\u00f4micos, que oscilavam v\u00e1rias vezes por semana ou at\u00e9 mesmo por dia, com os impostos desgovernados.&nbsp;<\/div>\n<\/div>\n<div style=\"font-family: arial; font-size: small;\">\n<div style=\"text-align: justify;\"><\/div>\n<\/div>\n<div style=\"font-family: arial; font-size: small;\">\n<div style=\"text-align: justify;\">Entre as maiores realiza\u00e7\u00f5es, atrav\u00e9s das flores, criar fam\u00edlia e educar filhos, e os in\u00fameros funcion\u00e1rios que se passaram e hoje s\u00e3o profissionais gabaritados, e continuam a atuar na \u00e1rea.<\/div>\n<\/div>\n<div style=\"font-family: arial; font-size: small;\">\n<div style=\"text-align: justify;\"><\/div>\n<\/div>\n<div style=\"font-family: arial; font-size: small;\"><\/div>\n<div style=\"font-family: arial; font-size: small;\">\n<div class=\"separator\" style=\"clear: both; text-align: center;\"><a href=\"https:\/\/lh3.googleusercontent.com\/-ieK-YQevHEg\/TW2AnaTsvrI\/AAAAAAAAAEQ\/E6rlBCmPEWk\/s1600\/foto+loja+ikebana.jpg\" imageanchor=\"1\" style=\"margin-left: 1em; margin-right: 1em;\" target=\"_blank\" rel=\"noopener\"><img decoding=\"async\" border=\"0\" height=\"216\" src=\"https:\/\/lh3.googleusercontent.com\/-ieK-YQevHEg\/TW2AnaTsvrI\/AAAAAAAAAEQ\/E6rlBCmPEWk\/s320\/foto+loja+ikebana.jpg\" width=\"320\" \/><\/a><\/div>\n<p><b><br \/><\/b><\/div>\n<div style=\"font-family: arial; font-size: small;\">\n<div style=\"text-align: right;\"><\/div>\n<div style=\"text-align: right;\">\n<div style=\"text-align: center;\"><b><span class=\"Apple-style-span\" style=\"font-weight: normal;\"><b>Reda\u00e7\u00e3o:&nbsp;<\/b>Tha\u00eds Martins e M\u00edriam Bertoni<\/span><\/b><br \/><b><span class=\"Apple-style-span\" style=\"font-weight: normal;\"><span class=\"Apple-style-span\" style=\"-webkit-border-horizontal-spacing: 0px; -webkit-border-vertical-spacing: 0px; -webkit-text-decorations-in-effect: none; -webkit-text-size-adjust: auto; -webkit-text-stroke-width: 0px; border-collapse: separate; color: black; font: normal normal normal small\/normal 'Times New Roman'; letter-spacing: normal; orphans: 2; text-indent: 0px; text-transform: none; white-space: normal; widows: 2; word-spacing: 0px;\"><span class=\"Apple-style-span\" style=\"-webkit-border-horizontal-spacing: 2px; -webkit-border-vertical-spacing: 2px; border-collapse: collapse; font-family: tahoma, 'new york', times, serif; font-size: x-small; line-height: 15px;\"><\/span><\/span><\/span><\/b><b>Entrevistado:<\/b> Alexandre&nbsp;Antunes <br \/><b>Quer saber mais sobre os 24 anos da Ikebana Flores?&nbsp;<\/b><\/div>\n<\/div>\n<\/div>\n<div style=\"font-family: arial; font-size: small;\">\n<div style=\"text-align: right;\">\n<div style=\"text-align: center;\"><b>Visite o nosso site:&nbsp;<\/b><a href=\"http:\/\/ikebanaflores.com.br\/blog\/index.php\/\"><b>http:\/\/ikebanaflores.com.br\/blog\/index.php\/<\/b><\/a><\/div>\n<\/div>\n<\/div>\n<div>\n<div style=\"text-align: right;\">\n<div style=\"text-align: center;\"><\/div>\n<\/div>\n<\/div>\n","protected":false},"excerpt":{"rendered":"<p>Conte para n\u00f3s, um pouco da origem da Floricultura. Como surgiu a Ikebana Flores? A origem da ikebana surgiu com a sociedade de dois irm\u00e3os, Alexandre Antunes na parte art\u00edstica e T\u00e2nia na administrativa. O objetivo era criar uma loja com pre\u00e7os acess\u00edveis &nbsp;num bairro de muito glamour, Savassi, onde se dita \u00e0 moda &nbsp;em [&hellip;]<\/p>\n","protected":false},"author":5,"featured_media":0,"comment_status":"open","ping_status":"open","sticky":false,"template":"","format":"standard","meta":{"_acf_changed":false,"footnotes":""},"categories":[104],"tags":[],"class_list":["post-5551","post","type-post","status-publish","format-standard","hentry","category-sem-categoria"],"acf":[],"_links":{"self":[{"href":"https:\/\/ikebanaflores.com.br\/blog\/wp-json\/wp\/v2\/posts\/5551","targetHints":{"allow":["GET"]}}],"collection":[{"href":"https:\/\/ikebanaflores.com.br\/blog\/wp-json\/wp\/v2\/posts"}],"about":[{"href":"https:\/\/ikebanaflores.com.br\/blog\/wp-json\/wp\/v2\/types\/post"}],"author":[{"embeddable":true,"href":"https:\/\/ikebanaflores.com.br\/blog\/wp-json\/wp\/v2\/users\/5"}],"replies":[{"embeddable":true,"href":"https:\/\/ikebanaflores.com.br\/blog\/wp-json\/wp\/v2\/comments?post=5551"}],"version-history":[{"count":1,"href":"https:\/\/ikebanaflores.com.br\/blog\/wp-json\/wp\/v2\/posts\/5551\/revisions"}],"predecessor-version":[{"id":7251,"href":"https:\/\/ikebanaflores.com.br\/blog\/wp-json\/wp\/v2\/posts\/5551\/revisions\/7251"}],"wp:attachment":[{"href":"https:\/\/ikebanaflores.com.br\/blog\/wp-json\/wp\/v2\/media?parent=5551"}],"wp:term":[{"taxonomy":"category","embeddable":true,"href":"https:\/\/ikebanaflores.com.br\/blog\/wp-json\/wp\/v2\/categories?post=5551"},{"taxonomy":"post_tag","embeddable":true,"href":"https:\/\/ikebanaflores.com.br\/blog\/wp-json\/wp\/v2\/tags?post=5551"}],"curies":[{"name":"wp","href":"https:\/\/api.w.org\/{rel}","templated":true}]}}