{"id":5554,"date":"2011-03-14T14:11:00","date_gmt":"2011-03-14T14:11:00","guid":{"rendered":"https:\/\/www.ikebanaflores.com.br\/blog\/?p=14"},"modified":"2026-03-16T17:09:26","modified_gmt":"2026-03-16T20:09:26","slug":"a-ikebana-flores-esta-completando-24-anos-mas-quem-ganha-o-presente-e-voce","status":"publish","type":"post","link":"https:\/\/ikebanaflores.com.br\/blog\/a-ikebana-flores-esta-completando-24-anos-mas-quem-ganha-o-presente-e-voce\/","title":{"rendered":"A Ikebana Flores est\u00e1 completando 24 anos. Mas, quem ganha o presente \u00e9 voc\u00ea!"},"content":{"rendered":"<p>Queridos amigos\u00a0da Ikebana Flores;<br \/>\nComo voc\u00eas sabem, a nossa floricultura est\u00e1 completando 24 anos. Mas, quem ganha o presente \u00e9 voc\u00ea!<br \/>\nA partir de hoje, dia 14 de mar\u00e7o, quem enviar para o nosso e-mail\u00a0<span style=\"color: #ff6600;\"><strong><a href=\"mailto:ikebana.flores.savassi@gmail.com\"><span style=\"color: #ff6600;\">ikebana.flores.savassi@gmail.com<\/span><\/a>,<\/strong>\u00a0<\/span>a frase mais criativa, com o tema \u201cParab\u00e9ns a Ikebana Flores\u201d; concorrer\u00e1 a\u00a0nossa\u00a0<span style=\"color: #ff6600;\"><strong><a href=\"http:\/\/ikebanaflores.com.br\/blog\/index.php\/cestas-de-cafe-da-manha\/cesta-de-cafe-da-manh-com-violeta.html\"><span style=\"color: #ff6600;\">Cesta de caf\u00e9 da manh\u00e3 com violeta<\/span><\/a>.<\/strong><\/span><\/p>\n<div class=\"separator\" style=\"clear: both; text-align: center;\"><a style=\"margin-left: 1em; margin-right: 1em;\" href=\"https:\/\/lh4.googleusercontent.com\/-DyQeCdoZ_wE\/TX4YbCEt-oI\/AAAAAAAAAEg\/-PnqGjec-h4\/s1600\/cesta_de_caf_da_manh_com_violeta_para_111homens_foto.jpg\" target=\"_blank\" rel=\"noopener\"><span style=\"font-family: Arial, Helvetica, sans-serif;\"><img fetchpriority=\"high\" decoding=\"async\" src=\"https:\/\/lh4.googleusercontent.com\/-DyQeCdoZ_wE\/TX4YbCEt-oI\/AAAAAAAAAEg\/-PnqGjec-h4\/s320\/cesta_de_caf_da_manh_com_violeta_para_111homens_foto.jpg\" alt=\"\" width=\"320\" height=\"240\" border=\"0\" \/><\/span><\/a><\/div>\n<div class=\"separator\" style=\"clear: both; text-align: center;\"><span style=\"font-family: Arial, Helvetica, sans-serif; font-size: xx-small;\"><strong><span style=\"text-decoration: underline;\"><br \/>\n<\/span><\/strong><\/span><\/div>\n<div class=\"separator\" style=\"clear: both; text-align: center;\">\n<strong><span style=\"color: #ff6600;\"><span style=\"text-decoration: underline;\">Descri\u00e7\u00e3o<\/span><\/span><\/strong>\n<\/div>\n<div class=\"std\" style=\"text-align: center;\">\n<em><strong>Cesta para 1 pessoa com produtos t\u00edpicos de uma refei\u00e7\u00e3o pela manh\u00e3 a base de produtos caseiros, frutas, sucos, etc. Com vaso de violeta.<\/strong><\/em>\n<\/div>\n<p><strong><span style=\"color: #ff6600;\">\u00cdtens<\/span>:<\/strong> 2 frutas, sucrilhos, suco, achocolatado, 1 torrada, bolinho de chocolate, biscoito recheado com a\u00e7a\u00ed e guaran\u00e1, biscoito integral, biscoito lev\u00edssimo, cream cracker, biscoito amanteigado, Ch\u00e1, cappucino, iorgute, queijo polenguinho, 3 bombons, trufas da choco arte, gel\u00e9ia de morango e de laranja, maxi banana, biscoito salgado, (pimentinha), biscoito doce, doce de leite na palha, cookies, walfer, moedinhas de chocolate, creme de chocolate de leites e avel\u00e3s, mel, gelatina, amendoim japon\u00eas, manteiga, x\u00edcaras de lou\u00e7a acompanhado de canela em pau e casca de lim\u00e3o cristalizada e talheres, porta cart\u00f5es e 1 vaso de violeta.<br \/>\n&nbsp;<\/p>\n<p style=\"text-align: center;\"><strong><span style=\"color: #ff6600;\">Quer conhecer mais sobre a nossa\u00a0Cesta de caf\u00e9 da manh\u00e3 <\/span><\/strong><\/p>\n<p style=\"text-align: center;\"><strong><span style=\"color: #ff6600;\">com violeta?\u00a0<\/span><\/strong><\/p>\n<p style=\"text-align: center;\"><span style=\"color: #ff6600;\"><strong>Acesse o nosso site:<\/strong><\/span><\/p>\n<p align=\"center\"><span style=\"color: #000000;\">\u00a0<a href=\"http:\/\/ikebanaflores.com.br\/blog\/index.php\/cestas-de-cafe-da-manha\/cesta-de-cafe-da-manh-com-violeta.html\"><span style=\"color: #000000;\">http:\/\/ikebanaflores.com.br\/blog\/index.php\/cestas-de-cafe-da-manha\/cesta-de-cafe-da-manh-com-violeta.html<\/span><\/a><\/span><\/p>\n<div class=\"std\" style=\"text-align: center;\">\n<div class=\"MsoNormal\" style=\"line-height: normal; margin: 0cm 0cm 0pt 36pt; tab-stops: list 36.0pt; text-align: justify; text-indent: -18pt;\">\n<div>\n<div><strong>\u00a0Regulamento:<\/strong><\/div>\n<\/div>\n<p>1.\u00a0\u00a0\u00a0Ser\u00e3o v\u00e1lidas somente as frases enviadas at\u00e9 o dia 18\/03\/2011. Pois, o resultado ser\u00e1 divulgado via e-mail ao ganhador(a) no dia 23\/03\/2011, mediante an\u00e1lise das frases enviadas.<br \/>\n2.\u00a0\u00a0\u00a0S\u00f3 aceitaremos as frases enviadas para o e-mail\u00a0<span style=\"color: #ff6600;\"><strong><a href=\"mailto:ikebana.flores.savassi@gmail.com\"><span style=\"color: #ff6600;\">ikebana.flores.savassi@gmail.com<\/span><\/a><\/strong><\/span><br \/>\n<strong>3.\u00a0\u00a0\u00a0<\/strong>S\u00f3 ser\u00e3o analisadas as frases dos usu\u00e1rios que colocarem no\u00a0<span style=\"color: #ff6600;\"><strong>Assunto do E-mail: PARAB\u00c9NS A IKEBANA FLORES.<\/strong><\/span><br \/>\n4.\u00a0\u00a0\u00a0Ser\u00e3o analisadas somente as frases que tiverem 3 linhas no m\u00e1ximo, com o tema PARAB\u00c9NS A IKEBANA FLORES.<br \/>\n5.\u00a0\u00a0\u00a0Ao ganhador(a)\u00a0da frase, ser\u00e1 distribu\u00edda apenas a\u00a0<span style=\"color: #ff6600;\"><strong><a href=\"http:\/\/ikebanaflores.com.br\/blog\/index.php\/cestas-de-cafe-da-manha\/cesta-de-cafe-da-manh-com-violeta.html\"><span style=\"color: #ff6600;\">Cesta de caf\u00e9 da manh\u00e3 com violeta<\/span><\/a>.<\/strong><\/span><br \/>\n6.\u00a0\u00a0\u00a0O ganhador(a)\u00a0receber\u00e1 um e-mail, em resposta ao seu e-mail enviado, no dia 23\/03\/2011; com o\u00a0<span style=\"color: #ff6600;\"><strong>Assunto: Ganhador do presente &#8211; Ikebana Flores.<\/strong><\/span>\u00a0O ganhador dever\u00e1 responder o e-mail enviado at\u00e9 o dia 25\/03\/2011.<br \/>\n7. Al\u00e9m da frase parabenizando a Ikebana Flores, os\u00a0participantes dever\u00e3o acrescentar no e-mail:\u00a0telefone para contato, endere\u00e7o relatando a cidade e o\u00a0estado onde moram,\u00a0e o\u00a0nome completo.<br \/>\n&nbsp;\n<\/div>\n<\/div>\n<p><em>Agrade\u00e7o a participa\u00e7\u00e3o de todos.<\/em><br \/>\n<em>Um grande abra\u00e7o,<\/em><br \/>\n<em>Equipe Ikebana Flores.<\/em><\/p>\n<p style=\"padding-left: 60px; text-align: left;\"><span style=\"font-family: Arial;\"><br \/>\n<\/span><\/p>\n<div class=\"MsoNormal\" style=\"line-height: normal; margin: 0cm 0cm 0pt; text-align: justify;\"><span style=\"font-family: Arial, sans-serif; font-size: small;\"><br \/>\n<\/span><\/div>\n","protected":false},"excerpt":{"rendered":"<p>Queridos amigos\u00a0da Ikebana Flores; Como voc\u00eas sabem, a nossa floricultura est\u00e1 completando 24 anos. Mas, quem ganha o presente \u00e9 voc\u00ea! A partir de hoje, dia 14 de mar\u00e7o, quem enviar para o nosso e-mail\u00a0ikebana.flores.savassi@gmail.com,\u00a0a frase mais criativa, com o tema \u201cParab\u00e9ns a Ikebana Flores\u201d; concorrer\u00e1 a\u00a0nossa\u00a0Cesta de caf\u00e9 da manh\u00e3 com violeta. Descri\u00e7\u00e3o Cesta [&hellip;]<\/p>\n","protected":false},"author":5,"featured_media":0,"comment_status":"open","ping_status":"open","sticky":false,"template":"","format":"standard","meta":{"_acf_changed":false,"footnotes":""},"categories":[104],"tags":[],"class_list":["post-5554","post","type-post","status-publish","format-standard","hentry","category-sem-categoria"],"acf":[],"_links":{"self":[{"href":"https:\/\/ikebanaflores.com.br\/blog\/wp-json\/wp\/v2\/posts\/5554","targetHints":{"allow":["GET"]}}],"collection":[{"href":"https:\/\/ikebanaflores.com.br\/blog\/wp-json\/wp\/v2\/posts"}],"about":[{"href":"https:\/\/ikebanaflores.com.br\/blog\/wp-json\/wp\/v2\/types\/post"}],"author":[{"embeddable":true,"href":"https:\/\/ikebanaflores.com.br\/blog\/wp-json\/wp\/v2\/users\/5"}],"replies":[{"embeddable":true,"href":"https:\/\/ikebanaflores.com.br\/blog\/wp-json\/wp\/v2\/comments?post=5554"}],"version-history":[{"count":1,"href":"https:\/\/ikebanaflores.com.br\/blog\/wp-json\/wp\/v2\/posts\/5554\/revisions"}],"predecessor-version":[{"id":7248,"href":"https:\/\/ikebanaflores.com.br\/blog\/wp-json\/wp\/v2\/posts\/5554\/revisions\/7248"}],"wp:attachment":[{"href":"https:\/\/ikebanaflores.com.br\/blog\/wp-json\/wp\/v2\/media?parent=5554"}],"wp:term":[{"taxonomy":"category","embeddable":true,"href":"https:\/\/ikebanaflores.com.br\/blog\/wp-json\/wp\/v2\/categories?post=5554"},{"taxonomy":"post_tag","embeddable":true,"href":"https:\/\/ikebanaflores.com.br\/blog\/wp-json\/wp\/v2\/tags?post=5554"}],"curies":[{"name":"wp","href":"https:\/\/api.w.org\/{rel}","templated":true}]}}