{"id":5563,"date":"2011-07-06T19:35:00","date_gmt":"2011-07-06T19:35:00","guid":{"rendered":"https:\/\/www.ikebanaflores.com.br\/blog\/?p=24"},"modified":"2026-03-16T17:08:53","modified_gmt":"2026-03-16T20:08:53","slug":"estado-de-minas-politica-evo-morales-envia-coroa-de-flores-em-homenagem-a-itamar-franco","status":"publish","type":"post","link":"https:\/\/ikebanaflores.com.br\/blog\/estado-de-minas-politica-evo-morales-envia-coroa-de-flores-em-homenagem-a-itamar-franco\/","title":{"rendered":"Estado de Minas &#8211; Pol\u00edtica: Evo Morales envia coroa de flores em homenagem a Itamar Franco"},"content":{"rendered":"<p><span style=\"font-style: italic;\">Evo Morales, presidente da Bol\u00edvia, solicitou conosco uma Coroa de Flores em homenagem a Itamar Franco &#8211; \u00c9 a Ikebana Flores na M\u00eddia Internacional !<\/span><br \/><span style=\"font-style: italic;\">Veja:<\/span><\/p>\n<p><a href=\"http:\/\/www.em.com.br\/app\/noticia\/politica\/2011\/07\/04\/interna_politica,237669\/evo-morales-envia-coroa-de-flores-em-homenagem-a-itamar-franco.shtml#.ThS4cTR6ZvS.blogger\" target=\"_blank\" rel=\"noopener\"> Estado de Minas &#8211; Pol\u00edtica: Evo Morales envia coroa de flores em homenagem a Itamar Franco<br \/><\/a><\/p>\n","protected":false},"excerpt":{"rendered":"<p>Evo Morales, presidente da Bol\u00edvia, solicitou conosco uma Coroa de Flores em homenagem a Itamar Franco &#8211; \u00c9 a Ikebana Flores na M\u00eddia Internacional !Veja: Estado de Minas &#8211; Pol\u00edtica: Evo Morales envia coroa de flores em homenagem a Itamar Franco<\/p>\n","protected":false},"author":5,"featured_media":0,"comment_status":"open","ping_status":"open","sticky":false,"template":"","format":"standard","meta":{"_acf_changed":false,"footnotes":""},"categories":[104],"tags":[],"class_list":["post-5563","post","type-post","status-publish","format-standard","hentry","category-sem-categoria"],"acf":[],"_links":{"self":[{"href":"https:\/\/ikebanaflores.com.br\/blog\/wp-json\/wp\/v2\/posts\/5563","targetHints":{"allow":["GET"]}}],"collection":[{"href":"https:\/\/ikebanaflores.com.br\/blog\/wp-json\/wp\/v2\/posts"}],"about":[{"href":"https:\/\/ikebanaflores.com.br\/blog\/wp-json\/wp\/v2\/types\/post"}],"author":[{"embeddable":true,"href":"https:\/\/ikebanaflores.com.br\/blog\/wp-json\/wp\/v2\/users\/5"}],"replies":[{"embeddable":true,"href":"https:\/\/ikebanaflores.com.br\/blog\/wp-json\/wp\/v2\/comments?post=5563"}],"version-history":[{"count":1,"href":"https:\/\/ikebanaflores.com.br\/blog\/wp-json\/wp\/v2\/posts\/5563\/revisions"}],"predecessor-version":[{"id":7239,"href":"https:\/\/ikebanaflores.com.br\/blog\/wp-json\/wp\/v2\/posts\/5563\/revisions\/7239"}],"wp:attachment":[{"href":"https:\/\/ikebanaflores.com.br\/blog\/wp-json\/wp\/v2\/media?parent=5563"}],"wp:term":[{"taxonomy":"category","embeddable":true,"href":"https:\/\/ikebanaflores.com.br\/blog\/wp-json\/wp\/v2\/categories?post=5563"},{"taxonomy":"post_tag","embeddable":true,"href":"https:\/\/ikebanaflores.com.br\/blog\/wp-json\/wp\/v2\/tags?post=5563"}],"curies":[{"name":"wp","href":"https:\/\/api.w.org\/{rel}","templated":true}]}}