{"id":5565,"date":"2011-08-23T18:40:00","date_gmt":"2011-08-23T18:40:00","guid":{"rendered":"https:\/\/www.ikebanaflores.com.br\/blog\/?p=26"},"modified":"2026-03-16T17:08:52","modified_gmt":"2026-03-16T20:08:52","slug":"inverno-colorido-ipes","status":"publish","type":"post","link":"https:\/\/ikebanaflores.com.br\/blog\/inverno-colorido-ipes\/","title":{"rendered":"Inverno Colorido &#8211; Ip\u00eas"},"content":{"rendered":"<div class=\"separator\" style=\"clear: both; text-align: center;\"><a href=\"http:\/\/2.bp.blogspot.com\/-2Yk8F97W4Ws\/TlPyDdH-BvI\/AAAAAAAAAFs\/JjyzSKr81Hk\/s1600\/ipes+rosas.jpg\" imageanchor=\"1\" style=\"margin-left: 1em; margin-right: 1em;\" target=\"_blank\" rel=\"noopener\"><span class=\"Apple-style-span\" style=\"color: #6aa84f; font-family: Verdana, sans-serif;\"><img fetchpriority=\"high\" decoding=\"async\" border=\"0\" height=\"400\" src=\"http:\/\/2.bp.blogspot.com\/-2Yk8F97W4Ws\/TlPyDdH-BvI\/AAAAAAAAAFs\/JjyzSKr81Hk\/s400\/ipes+rosas.jpg\" width=\"400\" \/><\/span><\/a><\/div>\n<div style=\"text-align: center;\"><span class=\"Apple-style-span\" style=\"background-color: white;\"><span class=\"Apple-style-span\" style=\"color: #6aa84f; font-family: Verdana, sans-serif;\"><span class=\"Apple-style-span\" style=\"line-height: 19px;\"><b><i><br \/><\/i><\/b><\/span><\/span><\/span><\/div>\n<div style=\"text-align: center;\"><span class=\"Apple-style-span\" style=\"background-color: white;\"><span class=\"Apple-style-span\" style=\"color: #6aa84f; font-family: Verdana, sans-serif;\"><span class=\"Apple-style-span\" style=\"line-height: 19px;\"><b><i><br \/><\/i><\/b><\/span><\/span><\/span><\/div>\n<div style=\"text-align: center;\"><span class=\"Apple-style-span\" style=\"background-color: white;\"><span class=\"Apple-style-span\" style=\"color: #6aa84f; font-family: Verdana, sans-serif;\"><span class=\"Apple-style-span\" style=\"line-height: 19px;\"><b>Estamos no Inverno, e uma das coisas que nos deixa fascinados nesta \u00e9poca, s\u00e3o os Ip\u00eas. Estas que florescem a um m\u00eas de&nbsp;anteced\u00eancia&nbsp;da primavera, acostumadas ao clima do cerrado.&nbsp;<\/b><\/span><\/span><\/span><\/div>\n<div style=\"text-align: center;\"><b><span class=\"Apple-style-span\" style=\"color: #6aa84f; font-family: Verdana, sans-serif;\"><span class=\"Apple-style-span\" style=\"background-color: white;\"><span class=\"Apple-style-span\" style=\"line-height: 19px;\">De&nbsp;<\/span><\/span><span class=\"Apple-style-span\" style=\"background-color: white; line-height: 19px;\">cores variadas e vivas,<\/span><span class=\"Apple-style-span\" style=\"background-color: white; line-height: 19px;\">&nbsp;como amarelo, rosa, branco e roxo, quando em abund\u00e2ncia d\u00e3o sempre aquele espet\u00e1culo florido, e quanto mais frio e seco estiver, mais intenso ser\u00e1 este espet\u00e1culo.&nbsp;<\/span><\/span><\/b><\/div>\n<div style=\"text-align: center;\"><span class=\"Apple-style-span\" style=\"color: #6aa84f; font-family: Verdana, sans-serif;\"><span class=\"Apple-style-span\" style=\"line-height: 19px;\"><b>Deixam sempre lindos tapetes de flores onde se tem o privil\u00e9gio desta \u00e1rvore.<\/b><\/span><\/span><\/div>\n<div style=\"text-align: center;\"><span class=\"Apple-style-span\" style=\"background-color: white;\"><b><span class=\"Apple-style-span\" style=\"color: #6aa84f; font-family: Verdana, sans-serif;\">Sua madeira pode ser utilizida para obras externas, como postes, pe\u00e7a para pontes, rodap\u00e9s, molduras, etc. \u00c9 uma \u00e1rvore extremamente ornamental, principalmente quando florescida, e por ter seu pequeno porte \u00e9 muito cultivada em pra\u00e7as e ruas ou avenidas principais de cidades.<\/span><\/b><\/span><\/div>\n<div style=\"text-align: center;\"><span class=\"Apple-style-span\" style=\"background-color: white;\"><b><span class=\"Apple-style-span\" style=\"color: #6aa84f; font-family: Verdana, sans-serif;\"><br \/><\/span><\/b><\/span><\/div>\n<div class=\"separator\" style=\"clear: both; text-align: center;\"><a href=\"http:\/\/2.bp.blogspot.com\/-idJMSKQlRXI\/TlPzb2LBBPI\/AAAAAAAAAFw\/fM1z9y0PE4k\/s1600\/ipes.jpg\" imageanchor=\"1\" style=\"margin-left: 1em; margin-right: 1em;\" target=\"_blank\" rel=\"noopener\"><span class=\"Apple-style-span\" style=\"color: #6aa84f; font-family: Verdana, sans-serif;\"><img decoding=\"async\" border=\"0\" height=\"400\" src=\"http:\/\/2.bp.blogspot.com\/-idJMSKQlRXI\/TlPzb2LBBPI\/AAAAAAAAAFw\/fM1z9y0PE4k\/s400\/ipes.jpg\" width=\"400\" \/><\/span><\/a><\/div>\n<div class=\"separator\" style=\"clear: both; text-align: center;\"><span class=\"Apple-style-span\" style=\"color: #6aa84f; font-family: Verdana, sans-serif;\"><br \/><\/span><\/div>\n<div class=\"separator\" style=\"clear: both; text-align: center;\"><span class=\"Apple-style-span\" style=\"color: #6aa84f; font-family: Verdana, sans-serif;\"><br \/><\/span><\/div>\n<div class=\"separator\" style=\"clear: both; text-align: center;\"><span class=\"Apple-style-span\" style=\"color: #6aa84f; font-family: Verdana, sans-serif;\"><b><a href=\"http:\/\/ikebanaflores.com.br\/blog\/\">http:\/\/ikebanaflores.com.br\/blog<\/a><\/b><\/span><\/div>\n<div style=\"text-align: center;\"><span class=\"Apple-style-span\" style=\"background-color: white;\"><b><i><span class=\"Apple-style-span\" style=\"color: #6aa84f; font-family: Verdana, sans-serif;\"><br \/><\/span><\/i><\/b><\/span><\/div>\n<div style=\"text-align: center;\"><span class=\"Apple-style-span\" style=\"font-family: Verdana, Arial, Helvetica, sans-serif; font-size: x-small;\"><br \/><\/span><\/div>\n","protected":false},"excerpt":{"rendered":"<p>Estamos no Inverno, e uma das coisas que nos deixa fascinados nesta \u00e9poca, s\u00e3o os Ip\u00eas. Estas que florescem a um m\u00eas de&nbsp;anteced\u00eancia&nbsp;da primavera, acostumadas ao clima do cerrado.&nbsp; De&nbsp;cores variadas e vivas,&nbsp;como amarelo, rosa, branco e roxo, quando em abund\u00e2ncia d\u00e3o sempre aquele espet\u00e1culo florido, e quanto mais frio e seco estiver, mais intenso [&hellip;]<\/p>\n","protected":false},"author":5,"featured_media":0,"comment_status":"open","ping_status":"open","sticky":false,"template":"","format":"standard","meta":{"_acf_changed":false,"footnotes":""},"categories":[104],"tags":[],"class_list":["post-5565","post","type-post","status-publish","format-standard","hentry","category-sem-categoria"],"acf":[],"_links":{"self":[{"href":"https:\/\/ikebanaflores.com.br\/blog\/wp-json\/wp\/v2\/posts\/5565","targetHints":{"allow":["GET"]}}],"collection":[{"href":"https:\/\/ikebanaflores.com.br\/blog\/wp-json\/wp\/v2\/posts"}],"about":[{"href":"https:\/\/ikebanaflores.com.br\/blog\/wp-json\/wp\/v2\/types\/post"}],"author":[{"embeddable":true,"href":"https:\/\/ikebanaflores.com.br\/blog\/wp-json\/wp\/v2\/users\/5"}],"replies":[{"embeddable":true,"href":"https:\/\/ikebanaflores.com.br\/blog\/wp-json\/wp\/v2\/comments?post=5565"}],"version-history":[{"count":1,"href":"https:\/\/ikebanaflores.com.br\/blog\/wp-json\/wp\/v2\/posts\/5565\/revisions"}],"predecessor-version":[{"id":7237,"href":"https:\/\/ikebanaflores.com.br\/blog\/wp-json\/wp\/v2\/posts\/5565\/revisions\/7237"}],"wp:attachment":[{"href":"https:\/\/ikebanaflores.com.br\/blog\/wp-json\/wp\/v2\/media?parent=5565"}],"wp:term":[{"taxonomy":"category","embeddable":true,"href":"https:\/\/ikebanaflores.com.br\/blog\/wp-json\/wp\/v2\/categories?post=5565"},{"taxonomy":"post_tag","embeddable":true,"href":"https:\/\/ikebanaflores.com.br\/blog\/wp-json\/wp\/v2\/tags?post=5565"}],"curies":[{"name":"wp","href":"https:\/\/api.w.org\/{rel}","templated":true}]}}