{"id":5567,"date":"2011-09-12T19:33:59","date_gmt":"2011-09-12T19:33:59","guid":{"rendered":"https:\/\/www.ikebanaflores.com.br\/blog\/?p=46"},"modified":"2026-03-16T17:08:51","modified_gmt":"2026-03-16T20:08:51","slug":"primavera-das-flores","status":"publish","type":"post","link":"https:\/\/ikebanaflores.com.br\/blog\/primavera-das-flores\/","title":{"rendered":"Primavera das Flores"},"content":{"rendered":"<p>Este m\u00eas, exatamente no dia 23, come\u00e7a a Primavera para todo hesmif\u00e9rio Sul.<br \/>\nE\u00a0\u00e9 nesta esta\u00e7\u00e3o que ocorre o florescimento de v\u00e1rias esp\u00e9cies de plantas, deixando a natureza mais bela,\u00a0dando um presente ao ser humano com as flores de cores e perfumes variados que nos agradam.\u00a0O florescimento das\u00a0esp\u00e9cies, marca o \u00ednicio da ep\u00f3ca de reprodu\u00e7\u00e3o das plantas e \u00e1rvores.<br \/>\nNesta \u00e9poca, os climas tamb\u00e9m ficam mais amenos, favorecendo flores, como:<br \/>\n&nbsp;<br \/>\n<strong>Rosas,<\/strong><br \/>\n<img fetchpriority=\"high\" decoding=\"async\" title=\"rosas\" src=\"http:\/\/ikebanaflores.com.br\/blog\/wp-content\/uploads\/2011\/09\/rosas-300x300.jpg\" alt=\"\" width=\"300\" height=\"300\" \/><br \/>\n<strong><\/strong><br \/>\n<strong>Girass\u00f3is ,<\/strong><br \/>\n<a href=\"http:\/\/ikebanaflores.com.br\/blog\/wp-content\/uploads\/2011\/09\/girassol.jpg\"><img decoding=\"async\" title=\"girassol\" src=\"http:\/\/ikebanaflores.com.br\/blog\/wp-content\/uploads\/2011\/09\/girassol-300x300.jpg\" alt=\"\" width=\"300\" height=\"300\" \/><\/a><br \/>\n<strong>\u00a0<\/strong><br \/>\n<strong>Margaridas ,<\/strong><br \/>\n<a href=\"http:\/\/ikebanaflores.com.br\/blog\/wp-content\/uploads\/2011\/09\/margarida.jpg\"><img decoding=\"async\" title=\"margarida\" src=\"http:\/\/ikebanaflores.com.br\/blog\/wp-content\/uploads\/2011\/09\/margarida-300x300.jpg\" alt=\"\" width=\"300\" height=\"300\" \/><\/a><br \/>\n<strong>\u00a0<\/strong><br \/>\n<strong>Orqu\u00eddeas ,<\/strong><br \/>\n<a href=\"http:\/\/ikebanaflores.com.br\/blog\/wp-content\/uploads\/2011\/09\/orquidea.jpg\"><img loading=\"lazy\" decoding=\"async\" title=\"orquidea\" src=\"http:\/\/ikebanaflores.com.br\/blog\/wp-content\/uploads\/2011\/09\/orquidea-300x300.jpg\" alt=\"\" width=\"300\" height=\"300\" \/><\/a><br \/>\n<strong><\/strong><br \/>\n<strong>\u00a0Hort\u00eansias ,<\/strong><br \/>\n<a href=\"http:\/\/ikebanaflores.com.br\/blog\/wp-content\/uploads\/2011\/09\/hortensia.jpg\"><img loading=\"lazy\" decoding=\"async\" title=\"hortensia\" src=\"http:\/\/ikebanaflores.com.br\/blog\/wp-content\/uploads\/2011\/09\/hortensia-300x300.jpg\" alt=\"\" width=\"300\" height=\"300\" \/><\/a><br \/>\n<strong><\/strong><br \/>\n<strong>G\u00e9rberas<\/strong> \u00a0&amp;<br \/>\n<a href=\"http:\/\/ikebanaflores.com.br\/blog\/wp-content\/uploads\/2011\/09\/gerbera.jpg\"><img loading=\"lazy\" decoding=\"async\" title=\"gerbera\" src=\"http:\/\/ikebanaflores.com.br\/blog\/wp-content\/uploads\/2011\/09\/gerbera-300x300.jpg\" alt=\"\" width=\"300\" height=\"300\" \/><\/a><br \/>\n<strong>\u00a0<\/strong><br \/>\n<strong>Violetas.\u00a0<\/strong><br \/>\n<a href=\"http:\/\/ikebanaflores.com.br\/blog\/wp-content\/uploads\/2011\/09\/violeta.jpg\"><img loading=\"lazy\" decoding=\"async\" title=\"violeta\" src=\"http:\/\/ikebanaflores.com.br\/blog\/wp-content\/uploads\/2011\/09\/violeta-300x300.jpg\" alt=\"\" width=\"300\" height=\"300\" \/><\/a><br \/>\n&nbsp;<br \/>\nE dentre essas variedades, existem muitas outras a serem mostradas. Se desejaram ver mais<br \/>\nvariedades em flores da Primavera, olhe em <a title=\"Site Ikebana Flores\" href=\"http:\/\/ikebanaflores.com.br\/blog\/\" target=\"_blank\" rel=\"noopener\">nosso site<\/a> e saiba mais detalhes sobre elas tamb\u00e9m!<\/p>\n","protected":false},"excerpt":{"rendered":"<p>Este m\u00eas, exatamente no dia 23, come\u00e7a a Primavera para todo hesmif\u00e9rio Sul. E\u00a0\u00e9 nesta esta\u00e7\u00e3o que ocorre o florescimento de v\u00e1rias esp\u00e9cies de plantas, deixando a natureza mais bela,\u00a0dando um presente ao ser humano com as flores de cores e perfumes variados que nos agradam.\u00a0O florescimento das\u00a0esp\u00e9cies, marca o \u00ednicio da ep\u00f3ca de reprodu\u00e7\u00e3o [&hellip;]<\/p>\n","protected":false},"author":5,"featured_media":0,"comment_status":"open","ping_status":"open","sticky":false,"template":"","format":"standard","meta":{"_acf_changed":false,"footnotes":""},"categories":[104],"tags":[],"class_list":["post-5567","post","type-post","status-publish","format-standard","hentry","category-sem-categoria"],"acf":[],"_links":{"self":[{"href":"https:\/\/ikebanaflores.com.br\/blog\/wp-json\/wp\/v2\/posts\/5567","targetHints":{"allow":["GET"]}}],"collection":[{"href":"https:\/\/ikebanaflores.com.br\/blog\/wp-json\/wp\/v2\/posts"}],"about":[{"href":"https:\/\/ikebanaflores.com.br\/blog\/wp-json\/wp\/v2\/types\/post"}],"author":[{"embeddable":true,"href":"https:\/\/ikebanaflores.com.br\/blog\/wp-json\/wp\/v2\/users\/5"}],"replies":[{"embeddable":true,"href":"https:\/\/ikebanaflores.com.br\/blog\/wp-json\/wp\/v2\/comments?post=5567"}],"version-history":[{"count":1,"href":"https:\/\/ikebanaflores.com.br\/blog\/wp-json\/wp\/v2\/posts\/5567\/revisions"}],"predecessor-version":[{"id":7235,"href":"https:\/\/ikebanaflores.com.br\/blog\/wp-json\/wp\/v2\/posts\/5567\/revisions\/7235"}],"wp:attachment":[{"href":"https:\/\/ikebanaflores.com.br\/blog\/wp-json\/wp\/v2\/media?parent=5567"}],"wp:term":[{"taxonomy":"category","embeddable":true,"href":"https:\/\/ikebanaflores.com.br\/blog\/wp-json\/wp\/v2\/categories?post=5567"},{"taxonomy":"post_tag","embeddable":true,"href":"https:\/\/ikebanaflores.com.br\/blog\/wp-json\/wp\/v2\/tags?post=5567"}],"curies":[{"name":"wp","href":"https:\/\/api.w.org\/{rel}","templated":true}]}}