{"id":5581,"date":"2012-10-19T17:11:36","date_gmt":"2012-10-19T17:11:36","guid":{"rendered":"https:\/\/www.ikebanaflores.com.br\/blog\/?p=1223"},"modified":"2026-03-16T16:48:17","modified_gmt":"2026-03-16T19:48:17","slug":"arranjos-ikebana-sao-verdadeiras-obras-de-arte","status":"publish","type":"post","link":"https:\/\/ikebanaflores.com.br\/blog\/arranjos-ikebana-sao-verdadeiras-obras-de-arte\/","title":{"rendered":"Arranjos Ikebana s\u00e3o verdadeiras obras de arte"},"content":{"rendered":"<p>Os arranjos ikebana simbolizam a beleza, a fragilidade e o equil\u00edbrio da natureza, detalhes expressos em diferentes formas e composi\u00e7\u00f5es. De origem oriental, a t\u00e9cnica homenageia as esta\u00e7\u00f5es do ano, bem como faz refer\u00eancia ao tempo, representando o passado, o presente e o futuro.<br \/>\nToda essa riqueza dos arranjos Ikebana \u00e9 transmitida em cores e formatos diversos, cada um com o seu significado.<\/p>\n<div class=\"mceTemp\" style=\"text-align: justify;\">\n<dl id=\"attachment_1224\" class=\"wp-caption alignleft\" style=\"width: 210px;\">\n<dt class=\"wp-caption-dt\"><a href=\"http:\/\/www.flickr.com\/photos\/parap\/4359898017\/sizes\/z\/in\/photostream\/\" target=\"_blank\" rel=\"noopener\"><img fetchpriority=\"high\" decoding=\"async\" title=\"Arranjo Ikebana (1)\" src=\"http:\/\/ikebanaflores.com.br\/blog\/wp-content\/uploads\/2012\/10\/Arranjo-Ikebana-1-200x300.jpg\" alt=\"\" width=\"200\" height=\"300\" \/><\/a><\/dt>\n<dd class=\"wp-caption-dd\">Flickr<\/dd>\n<\/dl>\n<\/div>\n<p>&nbsp;<br \/>\n&nbsp;<br \/>\n&nbsp;<br \/>\n&nbsp;<br \/>\n&nbsp;<br \/>\n&nbsp;<br \/>\n&nbsp;<br \/>\n&nbsp;<br \/>\n&nbsp;<br \/>\n&nbsp;<br \/>\nSe o arranjo for montado com flores desabrochadas, vagens e folhas secas, por exemplo, a ideia da composi\u00e7\u00e3o \u00e9 reviver o passado. No caso das flores semi desabrochadas ou totalmente desenvolvidas, o presente inspira a composi\u00e7\u00e3o, enquanto os bot\u00f5es simbolizam o crescimento e, consequentemente, o passado.<br \/>\nPara exprimir as esta\u00e7\u00f5es do ano, a t\u00e9cnica recorre \u00e0s formas. Para homenagear a primavera, o arranjo apresenta curvas bem definidas e marcantes; o ver\u00e3o ganha vida com um conjunto de flores em expans\u00e3o; a composi\u00e7\u00e3o do outono se manifesta em um arranjo t\u00eanue e independente; e o inverno ganha forma em um arranjo melanc\u00f3lico e s\u00f3brio.<\/p>\n<div class=\"mceTemp\" style=\"text-align: justify;\">\n<dl id=\"attachment_1225\" class=\"wp-caption alignleft\" style=\"width: 210px;\">\n<dt class=\"wp-caption-dt\"><a href=\"http:\/\/www.flickr.com\/photos\/joe_leads\/5437745252\/sizes\/z\/in\/photostream\/\" target=\"_blank\" rel=\"noopener\"><img decoding=\"async\" class=\"size-medium wp-image-1225  \" title=\"arranjo\" src=\"http:\/\/ikebanaflores.com.br\/blog\/wp-content\/uploads\/2012\/10\/arranjo-300x202.jpg\" alt=\"\" width=\"200\" height=\"300\" \/><\/a><\/dt>\n<dd class=\"wp-caption-dd\">Flickr\u00a0<\/dd>\n<\/dl>\n<\/div>\n<p>&nbsp;<br \/>\n&nbsp;<br \/>\n&nbsp;<br \/>\n&nbsp;<br \/>\n&nbsp;<br \/>\n&nbsp;<br \/>\n&nbsp;<br \/>\n&nbsp;<br \/>\n&nbsp;<br \/>\n&nbsp;<br \/>\nGra\u00e7as \u00e0 sua rica e forte express\u00e3o simbol\u00f3gica, os\u00a0<a href=\"http:\/\/ikebanaflores.com.br\/blog\/\">arranjos de flores ikebana<\/a>\u00a0atraem a aten\u00e7\u00e3o de quem quer decorar a sua casa com estilo e sofistica\u00e7\u00e3o, sem deixar de valorizar a ess\u00eancia das plantas e sua personalidade. Por isso, a t\u00e9cnica ikebana \u00e9 considerada uma verdadeira arte, sendo suas principais obras os diversos arranjos e as possibilidades de composi\u00e7\u00e3o.<\/p>\n","protected":false},"excerpt":{"rendered":"<p>Os arranjos ikebana simbolizam a beleza, a fragilidade e o equil\u00edbrio da natureza, detalhes expressos em diferentes formas e composi\u00e7\u00f5es. De origem oriental, a t\u00e9cnica homenageia as esta\u00e7\u00f5es do ano, bem como faz refer\u00eancia ao tempo, representando o passado, o presente e o futuro. Toda essa riqueza dos arranjos Ikebana \u00e9 transmitida em cores e [&hellip;]<\/p>\n","protected":false},"author":5,"featured_media":0,"comment_status":"open","ping_status":"open","sticky":false,"template":"","format":"standard","meta":{"_acf_changed":false,"footnotes":""},"categories":[87],"tags":[127,222,224,228,243],"class_list":["post-5581","post","type-post","status-publish","format-standard","hentry","category-arranjos","tag-arranjos-flores","tag-flores-artificais","tag-flores-e-arranjos","tag-floricultura-online","tag-ikebana-flores-bh"],"acf":[],"_links":{"self":[{"href":"https:\/\/ikebanaflores.com.br\/blog\/wp-json\/wp\/v2\/posts\/5581","targetHints":{"allow":["GET"]}}],"collection":[{"href":"https:\/\/ikebanaflores.com.br\/blog\/wp-json\/wp\/v2\/posts"}],"about":[{"href":"https:\/\/ikebanaflores.com.br\/blog\/wp-json\/wp\/v2\/types\/post"}],"author":[{"embeddable":true,"href":"https:\/\/ikebanaflores.com.br\/blog\/wp-json\/wp\/v2\/users\/5"}],"replies":[{"embeddable":true,"href":"https:\/\/ikebanaflores.com.br\/blog\/wp-json\/wp\/v2\/comments?post=5581"}],"version-history":[{"count":1,"href":"https:\/\/ikebanaflores.com.br\/blog\/wp-json\/wp\/v2\/posts\/5581\/revisions"}],"predecessor-version":[{"id":7155,"href":"https:\/\/ikebanaflores.com.br\/blog\/wp-json\/wp\/v2\/posts\/5581\/revisions\/7155"}],"wp:attachment":[{"href":"https:\/\/ikebanaflores.com.br\/blog\/wp-json\/wp\/v2\/media?parent=5581"}],"wp:term":[{"taxonomy":"category","embeddable":true,"href":"https:\/\/ikebanaflores.com.br\/blog\/wp-json\/wp\/v2\/categories?post=5581"},{"taxonomy":"post_tag","embeddable":true,"href":"https:\/\/ikebanaflores.com.br\/blog\/wp-json\/wp\/v2\/tags?post=5581"}],"curies":[{"name":"wp","href":"https:\/\/api.w.org\/{rel}","templated":true}]}}