{"id":5586,"date":"2012-11-22T15:52:48","date_gmt":"2012-11-22T15:52:48","guid":{"rendered":"https:\/\/www.ikebanaflores.com.br\/blog\/?p=1277"},"modified":"2026-03-16T16:48:14","modified_gmt":"2026-03-16T19:48:14","slug":"campanha-plante-uma-arvore-ajude-a-ikebana-a-preservar-a-serra-da-gandarela","status":"publish","type":"post","link":"https:\/\/ikebanaflores.com.br\/blog\/campanha-plante-uma-arvore-ajude-a-ikebana-a-preservar-a-serra-da-gandarela\/","title":{"rendered":"Campanha Plante uma \u00c1rvore: ajude a Ikebana a preservar a Serra da Gandarela"},"content":{"rendered":"<p style=\"text-align: justify;\"><a href=\"http:\/\/ikebanaflores.com.br\/blog\/wp-content\/uploads\/2012\/11\/campanha-ikebana.jpg\"><img fetchpriority=\"high\" decoding=\"async\" class=\"aligncenter size-full wp-image-1295\" style=\"border: 2px solid white;\" title=\"Campanha Plante uma \u00c1rvore Ikebana Flores\" src=\"http:\/\/ikebanaflores.com.br\/blog\/wp-content\/uploads\/2012\/11\/campanha-ikebana.jpg\" alt=\"Campanha Plante uma \u00c1rvore Ikebana Flores\" width=\"855\" height=\"170\" \/><\/a>A Floricultura Ikebana Flores, em favor da causa que garante a cria\u00e7\u00e3o de um Parque Nacional na Serra da Gandarela, est\u00e1 lan\u00e7ando a campanha \u201cPlante uma \u00c1rvore\u201d, com o intuito de chamar a aten\u00e7\u00e3o de todos sobre a import\u00e2ncia da preserva\u00e7\u00e3o e manuten\u00e7\u00e3o adequada desta regi\u00e3o.<\/p>\n<p style=\"text-align: justify;\">O projeto pretende mobilizar principalmente os blogueiros de Belo Horizonte em uma parceria super simples: aqueles que concordarem em divulgar a campanha em seu blog ganhar\u00e3o uma muda de \u00e1rvore frut\u00edfera, que poder\u00e1 ser plantada em seu nome na Serra da Gandarela.<\/p>\n<p style=\"text-align: justify;\">Em janeiro, a Floricultura Ikebana Flores ir\u00e1 realizar uma cerim\u00f4nia, durante a qual ser\u00e3o plantadas as mudas em nome dos blogueiros e participantes da campanha, mostrando \u00e0 popula\u00e7\u00e3o de Minas Gerais que a conscientiza\u00e7\u00e3o come\u00e7a com gestos simples, por\u00e9m significativos.<\/p>\n<p style=\"text-align: justify;\" dir=\"ltr\">O plantio ser\u00e1 registrado e divulgado posteriormente atrav\u00e9s de fotos e v\u00eddeos, para que o ato possa inspirar outras iniciativas como esta.<\/p>\n<p style=\"text-align: justify;\"><strong>Sobre a Serra da Gandarela<\/strong><\/p>\n<p style=\"text-align: justify;\">Considerada a \u00faltima reserva ambiental na regi\u00e3o do Quadril\u00e1tero, em Minas Gerais, a\u00a0<strong>Serra da Gandarela<\/strong>\u00a0possui vegeta\u00e7\u00e3o variada da mata atl\u00e2ntica e grande biodiversidade de fauna e flora. Gra\u00e7as a toda esta riqueza, o lugar \u00e9 uma preciosa fonte de recursos naturais, como ouro e ferro, sendo considerada, desta forma, um lugar de explora\u00e7\u00e3o e alguns abusos, respons\u00e1veis por colocar em risco todo o seu valor.<\/p>\n<p style=\"text-align: justify;\">No entanto, sabendo da gravidade de tal atividade e dos riscos que a mesma oferece ao meio ambiente e, sobretudo, \u00e0 popula\u00e7\u00e3o de Minas Gerais, ONGs e diversas institui\u00e7\u00f5es est\u00e3o lutando para transformar a serra em um Parque Nacional, a fim conseguir sua prote\u00e7\u00e3o integral.<\/p>\n<p style=\"text-align: justify;\">A mobiliza\u00e7\u00e3o teve in\u00edcio com os ambientalistas da regi\u00e3o e agora atingiu n\u00edveis consider\u00e1veis. Atrav\u00e9s do Projeto Manuelz\u00e3o e com aux\u00edlio de mais 25 organiza\u00e7\u00f5es n\u00e3o governamentais, a batalha contra a explora\u00e7\u00e3o da Serra da Gandarela tem como proposta lutar pela utiliza\u00e7\u00e3o consciente e adequada dos recursos naturais ali dispon\u00edveis.<\/p>\n<p style=\"text-align: justify;\"><strong>Como participar<\/strong><\/p>\n<p style=\"text-align: justify;\">Durante a primeira parte do projeto, a Ikebana entrar\u00e1 em contato com blogueiros de Belo Horizonte. Quem receber o e-mail da equipe da floricultura, poder\u00e1 escolher entre:<\/p>\n<p style=\"text-align: justify;\">&#8211; ter a sua muda plantada no parque pela equipe Ikebana;<\/p>\n<p style=\"text-align: justify;\">&#8211; receber a sua muda (em casa ou retirando na pr\u00f3pria loja).<\/p>\n<p style=\"text-align: justify;\">Para participar, aqueles que receberam o contato da equipe ter\u00e3o que responder o e-mail, enviar o post divulgando a campanha em seu blog e informar a sua forma de participa\u00e7\u00e3o (de acordo com as duas op\u00e7\u00f5es acima).<\/p>\n<p style=\"text-align: justify;\">Quem simpatizar com o projeto e tamb\u00e9m sentir vontade em manifestar a sua preocupa\u00e7\u00e3o ambiental, pode aguardar as pr\u00f3ximas postagens com informa\u00e7\u00f5es sobre as outras etapas da campanha.<\/p>\n<p style=\"text-align: justify;\">E voc\u00ea, quer participar?<\/p>\n<p>&nbsp;<\/p>\n","protected":false},"excerpt":{"rendered":"<p>A Floricultura Ikebana Flores, em favor da causa que garante a cria\u00e7\u00e3o de um Parque Nacional na Serra da Gandarela, est\u00e1 lan\u00e7ando a campanha \u201cPlante uma \u00c1rvore\u201d, com o intuito de chamar a aten\u00e7\u00e3o de todos sobre a import\u00e2ncia da preserva\u00e7\u00e3o e manuten\u00e7\u00e3o adequada desta regi\u00e3o. O projeto pretende mobilizar principalmente os blogueiros de Belo [&hellip;]<\/p>\n","protected":false},"author":5,"featured_media":0,"comment_status":"open","ping_status":"open","sticky":false,"template":"","format":"standard","meta":{"_acf_changed":false,"footnotes":""},"categories":[89],"tags":[152,181,242,342],"class_list":["post-5586","post","type-post","status-publish","format-standard","hentry","category-campanha-ikebana-flores","tag-campanha-plante-uma-arvore","tag-conscientizacao-ambiental","tag-ikebana-flores","tag-sustentabilidade"],"acf":[],"_links":{"self":[{"href":"https:\/\/ikebanaflores.com.br\/blog\/wp-json\/wp\/v2\/posts\/5586","targetHints":{"allow":["GET"]}}],"collection":[{"href":"https:\/\/ikebanaflores.com.br\/blog\/wp-json\/wp\/v2\/posts"}],"about":[{"href":"https:\/\/ikebanaflores.com.br\/blog\/wp-json\/wp\/v2\/types\/post"}],"author":[{"embeddable":true,"href":"https:\/\/ikebanaflores.com.br\/blog\/wp-json\/wp\/v2\/users\/5"}],"replies":[{"embeddable":true,"href":"https:\/\/ikebanaflores.com.br\/blog\/wp-json\/wp\/v2\/comments?post=5586"}],"version-history":[{"count":1,"href":"https:\/\/ikebanaflores.com.br\/blog\/wp-json\/wp\/v2\/posts\/5586\/revisions"}],"predecessor-version":[{"id":7150,"href":"https:\/\/ikebanaflores.com.br\/blog\/wp-json\/wp\/v2\/posts\/5586\/revisions\/7150"}],"wp:attachment":[{"href":"https:\/\/ikebanaflores.com.br\/blog\/wp-json\/wp\/v2\/media?parent=5586"}],"wp:term":[{"taxonomy":"category","embeddable":true,"href":"https:\/\/ikebanaflores.com.br\/blog\/wp-json\/wp\/v2\/categories?post=5586"},{"taxonomy":"post_tag","embeddable":true,"href":"https:\/\/ikebanaflores.com.br\/blog\/wp-json\/wp\/v2\/tags?post=5586"}],"curies":[{"name":"wp","href":"https:\/\/api.w.org\/{rel}","templated":true}]}}