{"id":6435,"date":"2022-10-14T16:19:01","date_gmt":"2022-10-14T16:19:01","guid":{"rendered":"https:\/\/www.ikebanaflores.com.br\/blog\/?p=6072"},"modified":"2026-03-16T15:27:13","modified_gmt":"2026-03-16T18:27:13","slug":"rosa-eterna-para-presentear","status":"publish","type":"post","link":"https:\/\/ikebanaflores.com.br\/blog\/rosa-eterna-para-presentear\/","title":{"rendered":"Rosa Eterna: do cinema para a sua casa"},"content":{"rendered":"\n<figure class=\"wp-block-image size-large\"><img decoding=\"async\" src=\"https:\/\/ikebanaflores.com.br\/blog\/wp-content\/uploads\/2022\/10\/infini-roze-NCHZwl8zd74-unsplash_Easy-Resize.com_-1024x682.jpg\" alt=\"rosa-eterna\" class=\"wp-image-6074\"\/><\/figure>\n\n\n\n<div style=\"height:20px\" aria-hidden=\"true\" class=\"wp-block-spacer\"><\/div>\n\n\n\n<p>A Rosa Eterna \u00e9 uma op\u00e7\u00e3o para quem gosta de surpreender no presente. J\u00e1 imaginou uma flor que dura por anos, sem precisar de \u00e1gua ou luz solar? Essas caracter\u00edsticas fazem da Rosa Eterna um objeto decorativo com ares de conto de fadas. Que tal conhecer mais sobre essa rel\u00edquia?<\/p>\n\n\n\n<div style=\"height:20px\" aria-hidden=\"true\" class=\"wp-block-spacer\"><\/div>\n\n\n\n<h2 class=\"wp-block-heading\">Conhe\u00e7a a Rosa Eterna&nbsp;<\/h2>\n\n\n\n<div style=\"height:20px\" aria-hidden=\"true\" class=\"wp-block-spacer\"><\/div>\n\n\n\n<p>\u00c9 uma rosa 100% natural submetida a um processo de preserva\u00e7\u00e3o capaz de manter sua beleza e frescor por um per\u00edodo de 2 a 5 anos. Para garantir a integridade da flor, ela fica em uma c\u00fapula de vidro, sem a necessidade de receber \u00e1gua ou luz solar.&nbsp;<\/p>\n\n\n\n<p>A natureza oferece muitos <a href=\"https:\/\/ikebanaflores.com.br\/blog\/tipos-de-rosas\/\" target=\"_blank\" rel=\"noreferrer noopener\" aria-label=\" (abre numa nova aba)\">tipos de rosas<\/a> com cores, formatos e perfumes diferentes. A Rosa Eterna, no entanto, costuma ser vermelha.&nbsp;<\/p>\n\n\n\n<p>As rosas nesse tom simbolizam amor, paix\u00e3o intensa, delicadeza e eleg\u00e2ncia. Por isso, as vermelhas s\u00e3o as preferidas dos casais apaixonados. No entanto, a Rosa Eterna \u00e9 um presente t\u00e3o surpreendente que pode ser a op\u00e7\u00e3o para anivers\u00e1rios, para celebrar a amizade ou para homenagear pessoas queridas.&nbsp;<\/p>\n\n\n\n<div style=\"height:23px\" aria-hidden=\"true\" class=\"wp-block-spacer\"><\/div>\n\n\n\n<figure class=\"wp-block-image size-large\"><img decoding=\"async\" src=\"https:\/\/ikebanaflores.com.br\/blog\/wp-content\/uploads\/2022\/10\/carlos-quintero-Y2G16TB2fws-unsplash_Easy-Resize.com_-1024x682.jpg\" alt=\"rosa-vermelha-eterna\" class=\"wp-image-6075\"\/><\/figure>\n\n\n\n<div style=\"height:20px\" aria-hidden=\"true\" class=\"wp-block-spacer\"><\/div>\n\n\n\n<h2 class=\"wp-block-heading\">A origem da Rosa Eterna<\/h2>\n\n\n\n<div style=\"height:20px\" aria-hidden=\"true\" class=\"wp-block-spacer\"><\/div>\n\n\n\n<p>A flor natural passa por um tratamento qu\u00edmico que garante a durabilidade das p\u00e9talas. Ap\u00f3s, a rosa \u00e9 colocada em uma c\u00fapula que pode ser de vidro ou de acr\u00edlico, para preserv\u00e1-la por mais tempo.<\/p>\n\n\n\n<p>Al\u00e9m de ficar protegida, a Rosa Eterna \u00e9 um lindo objeto de decora\u00e7\u00e3o, deixando qualquer ambiente elegante e bonito.&nbsp;&nbsp;<\/p>\n\n\n\n<div style=\"height:20px\" aria-hidden=\"true\" class=\"wp-block-spacer\"><\/div>\n\n\n\n<h2 class=\"wp-block-heading\">S\u00edmbolo do amor no filme A Bela e a Fera<\/h2>\n\n\n\n<div style=\"height:20px\" aria-hidden=\"true\" class=\"wp-block-spacer\"><\/div>\n\n\n\n<p>A Rosa Eterna, tamb\u00e9m chamada Rosa Encantada, \u00e9 uma flor m\u00edstica presente em \u201c<a href=\"https:\/\/www.adorocinema.com\/filmes\/filme-228322\/\" target=\"_blank\" rel=\"noreferrer noopener\" aria-label=\" (abre numa nova aba)\">A Bela e a Fera<\/a>\u201d, anima\u00e7\u00e3o da Disney lan\u00e7ada em 1991. No filme, ao voltar de viagem, um comerciante deseja levar uma rosa para presentear uma de suas filha.<\/p>\n\n\n\n<p>O homem decide arrancar a flor do jardim de um castelo, sem pedir autoriza\u00e7\u00e3o ao propriet\u00e1rio. A Fera (Dan Stevens), o dono da casa, viu o comerciante colhendo a rosa-vermelha e o tornou seu prisioneiro.&nbsp;<\/p>\n\n\n\n<div style=\"height:20px\" aria-hidden=\"true\" class=\"wp-block-spacer\"><\/div>\n\n\n\n<figure class=\"wp-block-embed-youtube wp-block-embed is-type-video is-provider-youtube wp-embed-aspect-16-9 wp-has-aspect-ratio\"><div class=\"wp-block-embed__wrapper\">\n<iframe title=\"A Bela e a Fera - Teaser Trailer\" width=\"500\" height=\"281\" src=\"https:\/\/www.youtube.com\/embed\/OKn53ajIiIg?feature=oembed\" frameborder=\"0\" allow=\"accelerometer; autoplay; clipboard-write; encrypted-media; gyroscope; picture-in-picture; web-share\" referrerpolicy=\"strict-origin-when-cross-origin\" allowfullscreen><\/iframe>\n<\/div><\/figure>\n\n\n\n<div style=\"height:20px\" aria-hidden=\"true\" class=\"wp-block-spacer\"><\/div>\n\n\n\n<p>Desesperado sem poder se despedir das filhas, o homem pediu \u00e0 Fera para ter um \u00faltimo momento com elas. A filha Bela (Emma Watson), que havia pedido uma rosa de presente, decide ficar no castelo, no lugar do pai, como prisioneira.&nbsp;<\/p>\n\n\n\n<p>A partir desse encontro, a Bela e a Fera foram desenvolvendo afeto m\u00fatuo. Ao conviver com o monstro, Bela descobre que ele \u00e9 um pr\u00edncipe que precisa de amor para voltar a ser humano.&nbsp;<\/p>\n\n\n\n<p>Pouco a pouco a jovem consegue amolecer o cora\u00e7\u00e3o da Fera. Os dois acabaram se apaixonando e a rosa, que at\u00e9 ent\u00e3o era um presente do pai para a filha, se transformou no s\u00edmbolo do amor eterno.&nbsp;<br><\/p>\n\n\n\n<div style=\"height:20px\" aria-hidden=\"true\" class=\"wp-block-spacer\"><\/div>\n\n\n\n<h2 class=\"wp-block-heading\">Do cinema para a sua casa<\/h2>\n\n\n\n<div style=\"height:20px\" aria-hidden=\"true\" class=\"wp-block-spacer\"><\/div>\n\n\n\n<p>A Rosa Eterna foi t\u00e3o marcante na anima\u00e7\u00e3o da Disney que se tornou um s\u00edmbolo de marca registrada. E muitas pessoas sonham em ter esse objeto em casa. Na Ikebana Flores esse desejo \u00e9 poss\u00edvel.<\/p>\n\n\n\n<p>Nosso acervo conta com a Rosa Eterna, na cor vermelha, preservada em uma c\u00fapula de vidro. O <a href=\"https:\/\/ikebanaflores.com.br\/blog\/arranjo-de-rosas-cha-no-vidro-1520\" target=\"_blank\" rel=\"noreferrer noopener\" aria-label=\"produto tem 10 cm de largura e 25 cm de altura (abre numa nova aba)\">produto tem 10 cm de largura e 25 cm de altura<\/a>. Por ser um objeto decorativo, recomendamos cuidado ao limpar a c\u00fapula e tamb\u00e9m no manuseio.&nbsp;<\/p>\n\n\n\n<p>Na Ikebana voc\u00ea pode <a href=\"https:\/\/ikebanaflores.com.br\/blog\/comprar-flores-pela-internet\/\" target=\"_blank\" rel=\"noreferrer noopener\" aria-label=\" (abre numa nova aba)\">comprar flores pela internet<\/a> e a entrega da Rosa Eterna est\u00e1 dispon\u00edvel para a regi\u00e3o de Belo Horizonte. Somos uma das maiores floriculturas de Minas Gerais e estamos no mercado h\u00e1 mais de 30 anos.<\/p>\n\n\n\n<div style=\"height:20px\" aria-hidden=\"true\" class=\"wp-block-spacer\"><\/div>\n\n\n\n<figure class=\"wp-block-image size-large\"><img decoding=\"async\" src=\"https:\/\/ikebanaflores.com.br\/blog\/wp-content\/uploads\/2022\/10\/image00006_2__easy-resize.com_-1024x1024.jpg\" alt=\"\" class=\"wp-image-6076\"\/><\/figure>\n\n\n\n<div style=\"height:20px\" aria-hidden=\"true\" class=\"wp-block-spacer\"><\/div>\n\n\n\n<p>A Ikebana Flores \u00e9 pioneira em oferecer produtos e servi\u00e7os online, sempre com diversas op\u00e7\u00f5es de arranjos, buqu\u00eas e cestas para todas as ocasi\u00f5es. Trabalhamos em parceria com os melhores fornecedores, tudo para garantir a qualidade dos nossos produtos.<\/p>\n\n\n\n<p><a href=\"https:\/\/ikebanaflores.com.br\/blog\/\" target=\"_blank\" rel=\"noreferrer noopener\" aria-label=\" (abre numa nova aba)\">Visite nosso site<\/a> e encontre mais de 230 op\u00e7\u00f5es de presentes para datas especiais. Comprar online \u00e9 seguro e f\u00e1cil, basta seguir nosso <a href=\"https:\/\/ikebanaflores.com.br\/blog\/Compras?___store=default\" target=\"_blank\" rel=\"noreferrer noopener\" aria-label=\" (abre numa nova aba)\">passo a passo<\/a>.&nbsp;<\/p>\n\n\n\n<div style=\"height:36px\" aria-hidden=\"true\" class=\"wp-block-spacer\"><\/div>\n\n\n\n<p class=\"has-text-align-center\">Se preferir, entre em contato com nossa <a href=\"http:\/\/ikebanaflores.com.br\/blog\/Atendimento?___store=default\" target=\"_blank\" rel=\"noreferrer noopener\" aria-label=\" (abre numa nova aba)\">Central de Atendimento<\/a>.&nbsp;<\/p>\n\n\n\n<p><\/p>\n","protected":false},"excerpt":{"rendered":"<p>A Rosa Eterna \u00e9 uma op\u00e7\u00e3o para quem gosta de surpreender no presente. J\u00e1 imaginou uma flor que dura por anos, sem precisar de \u00e1gua ou luz solar? Ela existe!<\/p>\n","protected":false},"author":5,"featured_media":6436,"comment_status":"open","ping_status":"open","sticky":false,"template":"","format":"standard","meta":{"_acf_changed":false,"footnotes":""},"categories":[98,104],"tags":[],"class_list":["post-6435","post","type-post","status-publish","format-standard","has-post-thumbnail","hentry","category-flores-de-presente","category-sem-categoria"],"acf":[],"_links":{"self":[{"href":"https:\/\/ikebanaflores.com.br\/blog\/wp-json\/wp\/v2\/posts\/6435","targetHints":{"allow":["GET"]}}],"collection":[{"href":"https:\/\/ikebanaflores.com.br\/blog\/wp-json\/wp\/v2\/posts"}],"about":[{"href":"https:\/\/ikebanaflores.com.br\/blog\/wp-json\/wp\/v2\/types\/post"}],"author":[{"embeddable":true,"href":"https:\/\/ikebanaflores.com.br\/blog\/wp-json\/wp\/v2\/users\/5"}],"replies":[{"embeddable":true,"href":"https:\/\/ikebanaflores.com.br\/blog\/wp-json\/wp\/v2\/comments?post=6435"}],"version-history":[{"count":1,"href":"https:\/\/ikebanaflores.com.br\/blog\/wp-json\/wp\/v2\/posts\/6435\/revisions"}],"predecessor-version":[{"id":6591,"href":"https:\/\/ikebanaflores.com.br\/blog\/wp-json\/wp\/v2\/posts\/6435\/revisions\/6591"}],"wp:featuredmedia":[{"embeddable":true,"href":"https:\/\/ikebanaflores.com.br\/blog\/wp-json\/wp\/v2\/media\/6436"}],"wp:attachment":[{"href":"https:\/\/ikebanaflores.com.br\/blog\/wp-json\/wp\/v2\/media?parent=6435"}],"wp:term":[{"taxonomy":"category","embeddable":true,"href":"https:\/\/ikebanaflores.com.br\/blog\/wp-json\/wp\/v2\/categories?post=6435"},{"taxonomy":"post_tag","embeddable":true,"href":"https:\/\/ikebanaflores.com.br\/blog\/wp-json\/wp\/v2\/tags?post=6435"}],"curies":[{"name":"wp","href":"https:\/\/api.w.org\/{rel}","templated":true}]}}