{"id":6680,"date":"2023-10-17T16:29:12","date_gmt":"2023-10-17T19:29:12","guid":{"rendered":"https:\/\/www.ikebana.agenciamango.com.br\/?p=6680"},"modified":"2026-03-16T15:27:05","modified_gmt":"2026-03-16T18:27:05","slug":"encantadora-rosa-eterna-um-toque-magico-de-cinema-em-sua-casa","status":"publish","type":"post","link":"https:\/\/ikebanaflores.com.br\/blog\/encantadora-rosa-eterna-um-toque-magico-de-cinema-em-sua-casa\/","title":{"rendered":"Encantadora &#8216;Rosa Eterna&#8217;: Um Toque M\u00e1gico de Cinema em sua Casa"},"content":{"rendered":"\n<figure class=\"wp-block-image size-large\"><img decoding=\"async\" src=\"https:\/\/ikebanaflores.com.br\/blog\/wp-content\/uploads\/2022\/10\/infini-roze-NCHZwl8zd74-unsplash_Easy-Resize.com_-1024x682.jpg\" alt=\"rosa-eterna\" class=\"wp-image-6074\"\/><\/figure>\n\n\n\n<div style=\"height:20px\" aria-hidden=\"true\" class=\"wp-block-spacer\"><\/div>\n\n\n\n<p>Surpreenda com um Presente Duradouro! Voc\u00ea j\u00e1 imaginou possuir uma flor que permanece radiante por anos, sem a necessidade de cuidados com \u00e1gua ou luz solar? Essas caracter\u00edsticas tornam a Rosa Eterna um item decorativo que evoca o encanto dos contos de fadas. Que tal explorar mais detalhes sobre essa verdadeira rel\u00edquia?<\/p>\n\n\n\n<div style=\"height:20px\" aria-hidden=\"true\" class=\"wp-block-spacer\"><\/div>\n\n\n\n<h2 class=\"wp-block-heading\">Conhe\u00e7a a Rosa Eterna&nbsp;<\/h2>\n\n\n\n<div style=\"height:20px\" aria-hidden=\"true\" class=\"wp-block-spacer\"><\/div>\n\n\n\n<p>A Rosa Eterna \u00e9 uma rosa 100% natural que passa por um processo de preserva\u00e7\u00e3o especial, permitindo que sua beleza e frescor sejam mantidos por um per\u00edodo not\u00e1vel de 2 a 5 anos. Para preservar sua integridade, a rosa \u00e9 cuidadosamente colocada dentro de uma c\u00fapula de vidro, eliminando a necessidade de \u00e1gua ou luz solar.<\/p>\n\n\n\n<p>Enquanto a natureza nos presenteia com uma vasta variedade de rosas, oferecendo uma ampla gama de cores, formatos e fragr\u00e2ncias, a Rosa Eterna tende a ser predominantemente vermelha.<\/p>\n\n\n\n<p>As rosas vermelhas, historicamente, simbolizam amor, paix\u00e3o intensa, delicadeza e eleg\u00e2ncia, tornando-as as favoritas de casais apaixonados. No entanto, a Rosa Eterna \u00e9 um presente t\u00e3o not\u00e1vel que transcende essa associa\u00e7\u00e3o, tornando-se uma op\u00e7\u00e3o encantadora para anivers\u00e1rios, celebra\u00e7\u00f5es de amizade e homenagens a entes queridos.<\/p>\n\n\n\n<div style=\"height:23px\" aria-hidden=\"true\" class=\"wp-block-spacer\"><\/div>\n\n\n\n<figure class=\"wp-block-image size-large\"><img decoding=\"async\" src=\"https:\/\/ikebanaflores.com.br\/blog\/wp-content\/uploads\/2022\/10\/carlos-quintero-Y2G16TB2fws-unsplash_Easy-Resize.com_-1024x682.jpg\" alt=\"rosa-vermelha-eterna\" class=\"wp-image-6075\"\/><\/figure>\n\n\n\n<div style=\"height:20px\" aria-hidden=\"true\" class=\"wp-block-spacer\"><\/div>\n\n\n\n<h2 class=\"wp-block-heading\">A origem da Rosa Eterna<\/h2>\n\n\n\n<div style=\"height:20px\" aria-hidden=\"true\" class=\"wp-block-spacer\"><\/div>\n\n\n\n<p>A flor natural \u00e9 submetida a um processo de tratamento qu\u00edmico que assegura a longevidade de suas p\u00e9talas. Ap\u00f3s essa etapa, a rosa \u00e9 delicadamente disposta dentro de uma c\u00fapula, que pode ser confeccionada em vidro ou acr\u00edlico, com o prop\u00f3sito de preservar sua beleza por um per\u00edodo prolongado.<\/p>\n\n\n\n<p>Al\u00e9m de sua durabilidade garantida, a Rosa Eterna tamb\u00e9m se revela como uma pe\u00e7a decorativa deslumbrante, conferindo eleg\u00e2ncia e beleza a qualquer ambiente onde esteja colocada.<\/p>\n\n\n\n<div style=\"height:20px\" aria-hidden=\"true\" class=\"wp-block-spacer\"><\/div>\n\n\n\n<h2 class=\"wp-block-heading\">S\u00edmbolo do amor no filme A Bela e a Fera<\/h2>\n\n\n\n<div style=\"height:20px\" aria-hidden=\"true\" class=\"wp-block-spacer\"><\/div>\n\n\n\n<p>A Rosa Eterna, tamb\u00e9m conhecida como a Rosa Encantada, \u00e9 uma flor m\u00e1gica que desempenha um papel ic\u00f4nico na anima\u00e7\u00e3o da Disney, &#8216;A Bela e a Fera&#8217;, lan\u00e7ada em 1991. Na trama, um comerciante retorna de uma viagem e deseja presentear uma de suas filhas com uma rosa especial.<\/p>\n\n\n\n<p>No entanto, sem obter autoriza\u00e7\u00e3o do propriet\u00e1rio, o homem decide colher a flor do jardim de um castelo. O propriet\u00e1rio da casa, a Fera (interpretada por Dan Stevens), testemunha o ato de apropria\u00e7\u00e3o da rosa vermelha e, como resultado, o comerciante se torna prisioneiro da Fera.<\/p>\n\n\n\n<div style=\"height:20px\" aria-hidden=\"true\" class=\"wp-block-spacer\"><\/div>\n\n\n\n<figure class=\"wp-block-embed is-type-video is-provider-youtube wp-block-embed-youtube wp-embed-aspect-16-9 wp-has-aspect-ratio\"><div class=\"wp-block-embed__wrapper\">\n<iframe title=\"A Bela e a Fera - Teaser Trailer\" width=\"500\" height=\"281\" src=\"https:\/\/www.youtube.com\/embed\/OKn53ajIiIg?feature=oembed\" frameborder=\"0\" allow=\"accelerometer; autoplay; clipboard-write; encrypted-media; gyroscope; picture-in-picture; web-share\" referrerpolicy=\"strict-origin-when-cross-origin\" allowfullscreen><\/iframe>\n<\/div><\/figure>\n\n\n\n<div style=\"height:20px\" aria-hidden=\"true\" class=\"wp-block-spacer\"><\/div>\n\n\n\n<p>Angustiado por n\u00e3o poder se despedir de suas filhas, o pai solicitou \u00e0 Fera a chance de ter um \u00faltimo momento com elas. Bela (interpretada por Emma Watson), uma de suas filhas que havia pedido a rosa como presente, toma uma decis\u00e3o corajosa e decide ficar no castelo em lugar do pai, tornando-se prisioneira.<\/p>\n\n\n\n<p>A partir desse ponto, um v\u00ednculo afetivo se desenvolve gradualmente entre Bela e a Fera. Enquanto compartilham suas vidas no castelo, Bela descobre que por tr\u00e1s da apar\u00eancia monstruosa, reside um pr\u00edncipe que anseia por amor para quebrar o feiti\u00e7o que o aprisiona em sua forma atual.<\/p>\n\n\n\n<p>Com o tempo, a determina\u00e7\u00e3o de Bela amolece o cora\u00e7\u00e3o da Fera, culminando em um profundo amor entre eles. A rosa, inicialmente concebida como um presente do pai para sua filha, adquire um novo significado, tornando-se o s\u00edmbolo do amor eterno que floresceu entre Bela e a Fera.<\/p>\n\n\n\n<div style=\"height:20px\" aria-hidden=\"true\" class=\"wp-block-spacer\"><\/div>\n\n\n\n<h2 class=\"wp-block-heading\">Do cinema para a sua casa<\/h2>\n\n\n\n<div style=\"height:20px\" aria-hidden=\"true\" class=\"wp-block-spacer\"><\/div>\n\n\n\n<p>A Rosa Eterna deixou uma impress\u00e3o t\u00e3o duradoura na anima\u00e7\u00e3o da Disney que se tornou um \u00edcone reconhecido em todo o mundo. Muitas pessoas nutrem o desejo de trazer essa pe\u00e7a especial para o conforto de seus lares, e na Ikebana Flores, esse desejo pode se tornar realidade.<\/p>\n\n\n\n<p>Em nosso cat\u00e1logo, oferecemos a Rosa Eterna em um vibrante tom de vermelho, cuidadosamente preservada em uma elegante c\u00fapula de vidro. Este produto possui dimens\u00f5es de 10 cm de largura por 25 cm de altura, acrescentando um toque de requinte a qualquer ambiente. \u00c9 importante notar que, devido \u00e0 sua natureza decorativa, aconselhamos precau\u00e7\u00e3o ao limpar a c\u00fapula e ao manusear a rosa.<\/p>\n\n\n\n<p>Na Ikebana, a comodidade de comprar flores online \u00e9 uma realidade, e estamos felizes em oferecer entregas da Rosa Eterna na regi\u00e3o de Belo Horizonte. Com mais de 30 anos de experi\u00eancia, somos uma das maiores e mais respeitadas floriculturas de Minas Gerais.<\/p>\n\n\n\n<div style=\"height:20px\" aria-hidden=\"true\" class=\"wp-block-spacer\"><\/div>\n\n\n\n<figure class=\"wp-block-image size-large\"><img decoding=\"async\" src=\"https:\/\/ikebanaflores.com.br\/blog\/wp-content\/uploads\/2022\/10\/image00006_2__easy-resize.com_-1024x1024.jpg\" alt=\"\" class=\"wp-image-6076\"\/><\/figure>\n\n\n\n<div style=\"height:20px\" aria-hidden=\"true\" class=\"wp-block-spacer\"><\/div>\n\n\n\n<p>A Ikebana Flores \u00e9 uma pioneira na disponibiliza\u00e7\u00e3o de produtos e servi\u00e7os online, oferecendo uma ampla gama de escolhas que incluem arranjos florais, buqu\u00eas e cestas, adequados para todas as situa\u00e7\u00f5es. Estabelecemos parcerias estrat\u00e9gicas com os principais fornecedores, assegurando assim a excel\u00eancia e qualidade inigual\u00e1vel de nossos produtos.<\/p>\n\n\n\n<p><a href=\"https:\/\/ikebanaflores.com.br\/blog\/\" target=\"_blank\" rel=\"noreferrer noopener\" aria-label=\" (abre numa nova aba)\">Visite nosso site<\/a> e encontre mais de 230 op\u00e7\u00f5es de presentes para datas especiais. Comprar online \u00e9 seguro e f\u00e1cil, basta seguir nosso <a href=\"https:\/\/ikebanaflores.com.br\/blog\/Compras?___store=default\" target=\"_blank\" rel=\"noreferrer noopener\" aria-label=\" (abre numa nova aba)\">passo a passo<\/a>.&nbsp;<\/p>\n\n\n\n<div style=\"height:36px\" aria-hidden=\"true\" class=\"wp-block-spacer\"><\/div>\n\n\n\n<p class=\"has-text-align-center\">Se preferir, entre em contato com nossa <a href=\"http:\/\/ikebanaflores.com.br\/blog\/Atendimento?___store=default\" target=\"_blank\" rel=\"noreferrer noopener\" aria-label=\" (abre numa nova aba)\">Central de Atendimento<\/a>.&nbsp;<\/p>\n\n\n\n<p><\/p>\n","protected":false},"excerpt":{"rendered":"<p>A Rosa Eterna \u00e9 uma op\u00e7\u00e3o para quem gosta de surpreender no presente. J\u00e1 imaginou uma flor que dura por anos, sem precisar de \u00e1gua ou luz solar? Ela existe!<\/p>\n","protected":false},"author":5,"featured_media":6436,"comment_status":"open","ping_status":"open","sticky":false,"template":"","format":"standard","meta":{"_acf_changed":false,"footnotes":""},"categories":[98,104],"tags":[],"class_list":["post-6680","post","type-post","status-publish","format-standard","has-post-thumbnail","hentry","category-flores-de-presente","category-sem-categoria"],"acf":[],"_links":{"self":[{"href":"https:\/\/ikebanaflores.com.br\/blog\/wp-json\/wp\/v2\/posts\/6680","targetHints":{"allow":["GET"]}}],"collection":[{"href":"https:\/\/ikebanaflores.com.br\/blog\/wp-json\/wp\/v2\/posts"}],"about":[{"href":"https:\/\/ikebanaflores.com.br\/blog\/wp-json\/wp\/v2\/types\/post"}],"author":[{"embeddable":true,"href":"https:\/\/ikebanaflores.com.br\/blog\/wp-json\/wp\/v2\/users\/5"}],"replies":[{"embeddable":true,"href":"https:\/\/ikebanaflores.com.br\/blog\/wp-json\/wp\/v2\/comments?post=6680"}],"version-history":[{"count":4,"href":"https:\/\/ikebanaflores.com.br\/blog\/wp-json\/wp\/v2\/posts\/6680\/revisions"}],"predecessor-version":[{"id":6709,"href":"https:\/\/ikebanaflores.com.br\/blog\/wp-json\/wp\/v2\/posts\/6680\/revisions\/6709"}],"wp:featuredmedia":[{"embeddable":true,"href":"https:\/\/ikebanaflores.com.br\/blog\/wp-json\/wp\/v2\/media\/6436"}],"wp:attachment":[{"href":"https:\/\/ikebanaflores.com.br\/blog\/wp-json\/wp\/v2\/media?parent=6680"}],"wp:term":[{"taxonomy":"category","embeddable":true,"href":"https:\/\/ikebanaflores.com.br\/blog\/wp-json\/wp\/v2\/categories?post=6680"},{"taxonomy":"post_tag","embeddable":true,"href":"https:\/\/ikebanaflores.com.br\/blog\/wp-json\/wp\/v2\/tags?post=6680"}],"curies":[{"name":"wp","href":"https:\/\/api.w.org\/{rel}","templated":true}]}}