{"id":6780,"date":"2024-09-03T14:48:57","date_gmt":"2024-09-03T17:48:57","guid":{"rendered":"https:\/\/www.ikebana.agenciamango.com.br\/?p=6780"},"modified":"2026-03-16T14:43:25","modified_gmt":"2026-03-16T17:43:25","slug":"dia-de-finados-conheca-12-flores-mais-usadas","status":"publish","type":"post","link":"https:\/\/ikebanaflores.com.br\/blog\/dia-de-finados-conheca-12-flores-mais-usadas\/","title":{"rendered":"Dia de Finados: conhe\u00e7a 12 flores mais usadas para homenagear os mortos"},"content":{"rendered":"\n<p>Todos os anos, milhares de pessoas ocupam os cemit\u00e9rios para prestar homenagens aos falecidos. Voc\u00ea sabe quais s\u00e3o as flores mais utilizadas para as homenagens de Dia dos Finados?<\/p>\n\n\n\n<p>Ainda que o Dia de Finados seja uma data dif\u00edcil, reverenciar a mem\u00f3ria de quem partiu antes de n\u00f3s \u00e9 uma forma de ressignificar a saudade e a aus\u00eancia.&nbsp;<\/p>\n\n\n\n<p>Nesse artigo voc\u00ea vai saber mais sobre a origem da data e conhecer as esp\u00e9cies mais indicadas para expressar seus sentimentos aos entes queridos.&nbsp;<\/p>\n\n\n\n<h2 class=\"wp-block-heading\">Origem e simbolismo do Dia de Finados<\/h2>\n\n\n\n<p>O grande respons\u00e1vel por instituir a data foi o monge beneditino Odilo (ou Odilon) de Cluny, abadia localizada na Borgonha (Fran\u00e7a). Foi ele quem criou o \u201cDia de Todos os Santos\u201d (1\u00ba de novembro) e o \u201cDia de Todas as Almas\u201d (2 de novembro).&nbsp;<\/p>\n\n\n\n<p>Inicialmente, essas datas eram celebradas apenas nos mosteiros da Ordem Beneditina. Por\u00e9m, a partir do s\u00e9culo XII, o 2 de novembro se popularizou como \u201cDia de Finados\u201d no Ocidente, principalmente nos pa\u00edses que adotaram o Cristianismo.&nbsp;<\/p>\n\n\n\n<p>Passados s\u00e9culos, do Dia de Finados continua uma tradi\u00e7\u00e3o, marcados por rituais que homenageiam a mem\u00f3ria dos mortos.&nbsp;<\/p>\n\n\n\n<p>Nesse dia, as sociedades costumam rezar pelos que partiram, pois, segundo a Igreja Cat\u00f3lica, a alma dos falecidos mortos precisa passar por um processo de purifica\u00e7\u00e3o.&nbsp;<\/p>\n\n\n\n<p>Para os ocidentais, o Dia de Finados serve para medita\u00e7\u00e3o e conex\u00e3o das pessoas com seus entes queridos, enviando-lhes bons pensamentos e ora\u00e7\u00f5es.&nbsp;<\/p>\n\n\n\n<p>Pela tradi\u00e7\u00e3o, milhares de pessoas se dirigem aos cemit\u00e9rios para rezar, acender velas e levar flores. As l\u00e1pides ficam enfeitadas com arranjos, coroas e buqu\u00eas.<\/p>\n\n\n\n<p>Essa \u00e9 a maneira que as pessoas encontraram para homenagear e lembrar seus mortos, com respeito e rever\u00eancia. Conhe\u00e7a a seguir as esp\u00e9cies mais comuns no Dia de Finados e seus significados.&nbsp;<\/p>\n\n\n\n<h2 class=\"wp-block-heading\">12 flores sugeridas para o Dia de Finados&nbsp;<\/h2>\n\n\n\n<p>Normalmente, \u00e9 comum optar por flores dur\u00e1veis e resistentes \u00e0 a\u00e7\u00e3o do clima, pois ir\u00e3o ficar expostas nas l\u00e1pides e t\u00famulos. Nossa lista cont\u00e9m 12 sugest\u00f5es, escolha de acordo com o sentimento que voc\u00ea deseja expressar.&nbsp;<\/p>\n\n\n\n<h3 class=\"wp-block-heading\">1. Cris\u00e2ntemo<\/h3>\n\n\n\n<p>Os pre\u00e7os mais baixos e a grande variedade de cores fazem do cris\u00e2ntemo a esp\u00e9cie mais procurada para as homenagens de Finados. A flor representa simplicidade, perfei\u00e7\u00e3o e sinceridade.&nbsp;<\/p>\n\n\n\n<figure class=\"wp-block-image size-full\"><img fetchpriority=\"high\" decoding=\"async\" width=\"806\" height=\"461\" src=\"https:\/\/ikebanaflores.com.br\/blog\/wp-content\/uploads\/2024\/09\/Flor-de-Crisantemo-na-natureza-brasileira-em-seu-habitat-natural-ikebana-flores.jpg\" alt=\"\" class=\"wp-image-6769\" srcset=\"https:\/\/ikebanaflores.com.br\/blog\/wp-content\/uploads\/2024\/09\/Flor-de-Crisantemo-na-natureza-brasileira-em-seu-habitat-natural-ikebana-flores.jpg 806w, https:\/\/ikebanaflores.com.br\/blog\/wp-content\/uploads\/2024\/09\/Flor-de-Crisantemo-na-natureza-brasileira-em-seu-habitat-natural-ikebana-flores-300x172.jpg 300w, https:\/\/ikebanaflores.com.br\/blog\/wp-content\/uploads\/2024\/09\/Flor-de-Crisantemo-na-natureza-brasileira-em-seu-habitat-natural-ikebana-flores-768x439.jpg 768w\" sizes=\"(max-width: 806px) 100vw, 806px\" \/><\/figure>\n\n\n\n<h3 class=\"wp-block-heading\">2. Kalanchoe (ou calandiva)<\/h3>\n\n\n\n<p>Bastante procurada pela durabilidade, o kalanchoe resiste bem \u00e0 exposi\u00e7\u00e3o ao sol e ao vento. Essa flor \u00e9 encontrada em diversas cores como vermelho, amarelo, rosa, lil\u00e1s e branco.&nbsp;<\/p>\n\n\n\n<h3 class=\"wp-block-heading\">3. Ant\u00fario<\/h3>\n\n\n\n<p>Ex\u00f3tico e origin\u00e1rio da Col\u00f4mbia, o ant\u00fario \u00e9 bastante usado em coroas. Por simbolizar autoridade e confian\u00e7a, o ant\u00fario \u00e9 escolhido para reverenciar homens, principalmente amigos, chefes ou colegas de trabalho.&nbsp;<\/p>\n\n\n\n<figure class=\"wp-block-image size-large\"><img decoding=\"async\" width=\"1024\" height=\"585\" src=\"https:\/\/ikebanaflores.com.br\/blog\/wp-content\/uploads\/2024\/09\/Arranjo-de-flores-de-Anturios-vermelhos-ikebana-flores-1024x585.jpg\" alt=\"\" class=\"wp-image-6770\" srcset=\"https:\/\/ikebanaflores.com.br\/blog\/wp-content\/uploads\/2024\/09\/Arranjo-de-flores-de-Anturios-vermelhos-ikebana-flores-1024x585.jpg 1024w, https:\/\/ikebanaflores.com.br\/blog\/wp-content\/uploads\/2024\/09\/Arranjo-de-flores-de-Anturios-vermelhos-ikebana-flores-300x171.jpg 300w, https:\/\/ikebanaflores.com.br\/blog\/wp-content\/uploads\/2024\/09\/Arranjo-de-flores-de-Anturios-vermelhos-ikebana-flores-768x439.jpg 768w, https:\/\/ikebanaflores.com.br\/blog\/wp-content\/uploads\/2024\/09\/Arranjo-de-flores-de-Anturios-vermelhos-ikebana-flores.jpg 1344w\" sizes=\"(max-width: 1024px) 100vw, 1024px\" \/><\/figure>\n\n\n\n<h3 class=\"wp-block-heading\">4. Cravos brancos<\/h3>\n\n\n\n<p>Popularmente, essas flores representam saudade. Por isso, s\u00e3o bastante procuradas para homenagear as m\u00e3es que j\u00e1 se foram.<\/p>\n\n\n\n<h3 class=\"wp-block-heading\">5. Rosas&nbsp;<\/h3>\n\n\n\n<p>Usadas para homenagear pessoas com as quais mantivemos la\u00e7os muito \u00edntimos. As rosas brancas, por exemplo, simbolizam harmonia, espiritualidade, rever\u00eancia e amor eterno. Escolha essa esp\u00e9cie para transmitir paz e bons pensamentos ao falecido.&nbsp;<\/p>\n\n\n\n<figure class=\"wp-block-image size-large\"><img decoding=\"async\" width=\"1024\" height=\"585\" src=\"https:\/\/ikebanaflores.com.br\/blog\/wp-content\/uploads\/2024\/09\/botao-rosa-branca-1024x585.jpg\" alt=\"\" class=\"wp-image-6771\" srcset=\"https:\/\/ikebanaflores.com.br\/blog\/wp-content\/uploads\/2024\/09\/botao-rosa-branca-1024x585.jpg 1024w, https:\/\/ikebanaflores.com.br\/blog\/wp-content\/uploads\/2024\/09\/botao-rosa-branca-300x171.jpg 300w, https:\/\/ikebanaflores.com.br\/blog\/wp-content\/uploads\/2024\/09\/botao-rosa-branca-768x439.jpg 768w, https:\/\/ikebanaflores.com.br\/blog\/wp-content\/uploads\/2024\/09\/botao-rosa-branca.jpg 1344w\" sizes=\"(max-width: 1024px) 100vw, 1024px\" \/><\/figure>\n\n\n\n<p>J\u00e1 as rosas vermelhas simbolizam coragem, respeito e carinho, sendo preferidas para homenagear uma pessoa com a qual tivemos muita proximidade.&nbsp;<\/p>\n\n\n\n<h3 class=\"wp-block-heading\">6. L\u00edrios<\/h3>\n\n\n\n<p>Representam nobreza, discri\u00e7\u00e3o e respeito. Tamb\u00e9m simbolizam pureza, inoc\u00eancia e amor eterno. Apesar de terem um custo mais elevado, os l\u00edrios s\u00e3o muito utilizados em <a href=\"https:\/\/ikebanaflores.com.br\/blog\/coroa-de-flores\">coroas de flores<\/a>.\u00a0<\/p>\n\n\n\n<figure class=\"wp-block-image size-large\"><img loading=\"lazy\" decoding=\"async\" width=\"1024\" height=\"585\" src=\"https:\/\/ikebanaflores.com.br\/blog\/wp-content\/uploads\/2024\/09\/Arranjo-de-lirios-brancos-para-condolencia-ikebana-flores-1024x585.jpg\" alt=\"\" class=\"wp-image-6772\" srcset=\"https:\/\/ikebanaflores.com.br\/blog\/wp-content\/uploads\/2024\/09\/Arranjo-de-lirios-brancos-para-condolencia-ikebana-flores-1024x585.jpg 1024w, https:\/\/ikebanaflores.com.br\/blog\/wp-content\/uploads\/2024\/09\/Arranjo-de-lirios-brancos-para-condolencia-ikebana-flores-300x171.jpg 300w, https:\/\/ikebanaflores.com.br\/blog\/wp-content\/uploads\/2024\/09\/Arranjo-de-lirios-brancos-para-condolencia-ikebana-flores-768x439.jpg 768w, https:\/\/ikebanaflores.com.br\/blog\/wp-content\/uploads\/2024\/09\/Arranjo-de-lirios-brancos-para-condolencia-ikebana-flores.jpg 1344w\" sizes=\"(max-width: 1024px) 100vw, 1024px\" \/><\/figure>\n\n\n\n<h3 class=\"wp-block-heading\">7. Copo de leite<\/h3>\n\n\n\n<p>De origem africana e com aroma suave, o copo de leite transmite sentimentos de paz, calma e profunda liga\u00e7\u00e3o com o sagrado. Por esses motivos eles s\u00e3o bastante procurados para as homenagens de finados.&nbsp;<\/p>\n\n\n\n<figure class=\"wp-block-image size-large\"><img loading=\"lazy\" decoding=\"async\" width=\"1024\" height=\"585\" src=\"https:\/\/ikebanaflores.com.br\/blog\/wp-content\/uploads\/2024\/09\/Arranjo-de-flor-Zantedeschia-aethiopica-para-condolencias-ikebana-flores-1024x585.jpg\" alt=\"\" class=\"wp-image-6773\" srcset=\"https:\/\/ikebanaflores.com.br\/blog\/wp-content\/uploads\/2024\/09\/Arranjo-de-flor-Zantedeschia-aethiopica-para-condolencias-ikebana-flores-1024x585.jpg 1024w, https:\/\/ikebanaflores.com.br\/blog\/wp-content\/uploads\/2024\/09\/Arranjo-de-flor-Zantedeschia-aethiopica-para-condolencias-ikebana-flores-300x171.jpg 300w, https:\/\/ikebanaflores.com.br\/blog\/wp-content\/uploads\/2024\/09\/Arranjo-de-flor-Zantedeschia-aethiopica-para-condolencias-ikebana-flores-768x439.jpg 768w, https:\/\/ikebanaflores.com.br\/blog\/wp-content\/uploads\/2024\/09\/Arranjo-de-flor-Zantedeschia-aethiopica-para-condolencias-ikebana-flores-1536x878.jpg 1536w, https:\/\/ikebanaflores.com.br\/blog\/wp-content\/uploads\/2024\/09\/Arranjo-de-flor-Zantedeschia-aethiopica-para-condolencias-ikebana-flores.jpg 1613w\" sizes=\"(max-width: 1024px) 100vw, 1024px\" \/><\/figure>\n\n\n\n<h3 class=\"wp-block-heading\">8. Liziantus<\/h3>\n\n\n\n<p>Delicada e elegante, essa flor \u00e9 escolhida para homenagear mulheres, principalmente as mais maduras, pois representam a sensibilidade feminina.&nbsp;<\/p>\n\n\n\n<figure class=\"wp-block-image size-full\"><img loading=\"lazy\" decoding=\"async\" width=\"728\" height=\"486\" src=\"https:\/\/ikebanaflores.com.br\/blog\/wp-content\/uploads\/2024\/09\/lisianthus-flower-blossom-bloom-preview.jpg\" alt=\"\" class=\"wp-image-6774\" srcset=\"https:\/\/ikebanaflores.com.br\/blog\/wp-content\/uploads\/2024\/09\/lisianthus-flower-blossom-bloom-preview.jpg 728w, https:\/\/ikebanaflores.com.br\/blog\/wp-content\/uploads\/2024\/09\/lisianthus-flower-blossom-bloom-preview-300x200.jpg 300w\" sizes=\"(max-width: 728px) 100vw, 728px\" \/><\/figure>\n\n\n\n<h3 class=\"wp-block-heading\">9. G\u00e9rbera<\/h3>\n\n\n\n<p>A g\u00e9rbera \u00e9 associada \u00e0 beleza e encontrada em diversas cores como branco, rosa, violeta e vermelho. S\u00e3o flores bastante resistentes ao tempo. As g\u00e9rberas amarelas s\u00e3o escolhidas para homenagear crian\u00e7as, pois simbolizam pureza e inoc\u00eancia.&nbsp;&nbsp;<\/p>\n\n\n\n<h3 class=\"wp-block-heading\">10. Astrom\u00e9lia<\/h3>\n\n\n\n<p>De pre\u00e7o acess\u00edvel, essa for \u00e9 bastante escolhida para decorar os t\u00famulos no Dia de Finados e s\u00e3o frequentes nas tradicionais coroas.&nbsp;<\/p>\n\n\n\n<figure class=\"wp-block-image size-large\"><img loading=\"lazy\" decoding=\"async\" width=\"1024\" height=\"585\" src=\"https:\/\/ikebanaflores.com.br\/blog\/wp-content\/uploads\/2024\/09\/Arranjo-de-flores-astromelias-amarelas-para-condolencias-ikebana-flores-1024x585.jpg\" alt=\"\" class=\"wp-image-6775\" srcset=\"https:\/\/ikebanaflores.com.br\/blog\/wp-content\/uploads\/2024\/09\/Arranjo-de-flores-astromelias-amarelas-para-condolencias-ikebana-flores-1024x585.jpg 1024w, https:\/\/ikebanaflores.com.br\/blog\/wp-content\/uploads\/2024\/09\/Arranjo-de-flores-astromelias-amarelas-para-condolencias-ikebana-flores-300x171.jpg 300w, https:\/\/ikebanaflores.com.br\/blog\/wp-content\/uploads\/2024\/09\/Arranjo-de-flores-astromelias-amarelas-para-condolencias-ikebana-flores-768x439.jpg 768w, https:\/\/ikebanaflores.com.br\/blog\/wp-content\/uploads\/2024\/09\/Arranjo-de-flores-astromelias-amarelas-para-condolencias-ikebana-flores.jpg 1344w\" sizes=\"(max-width: 1024px) 100vw, 1024px\" \/><\/figure>\n\n\n\n<h3 class=\"wp-block-heading\">11. Orqu\u00eddeas<\/h3>\n\n\n\n<p>Simbolizam pureza espiritual e s\u00e3o escolhidas para relembrar aqueles que se foram por transmitirem paz e reflex\u00e3o.&nbsp;<\/p>\n\n\n\n<figure class=\"wp-block-image size-large\"><img loading=\"lazy\" decoding=\"async\" width=\"1024\" height=\"585\" src=\"https:\/\/ikebanaflores.com.br\/blog\/wp-content\/uploads\/2024\/09\/Arranjo-de-flores-orquideas-phalaenopsis-branca-para-condolencias-ikebana-flores-1024x585.jpg\" alt=\"\" class=\"wp-image-6776\" srcset=\"https:\/\/ikebanaflores.com.br\/blog\/wp-content\/uploads\/2024\/09\/Arranjo-de-flores-orquideas-phalaenopsis-branca-para-condolencias-ikebana-flores-1024x585.jpg 1024w, https:\/\/ikebanaflores.com.br\/blog\/wp-content\/uploads\/2024\/09\/Arranjo-de-flores-orquideas-phalaenopsis-branca-para-condolencias-ikebana-flores-300x171.jpg 300w, https:\/\/ikebanaflores.com.br\/blog\/wp-content\/uploads\/2024\/09\/Arranjo-de-flores-orquideas-phalaenopsis-branca-para-condolencias-ikebana-flores-768x439.jpg 768w, https:\/\/ikebanaflores.com.br\/blog\/wp-content\/uploads\/2024\/09\/Arranjo-de-flores-orquideas-phalaenopsis-branca-para-condolencias-ikebana-flores.jpg 1344w\" sizes=\"(max-width: 1024px) 100vw, 1024px\" \/><\/figure>\n\n\n\n<h3 class=\"wp-block-heading\">12. Margaridas<\/h3>\n\n\n\n<p>Singelas, as margaridas s\u00e3o perfeitas para adornar as coroas de flores comuns nas cerim\u00f4nias f\u00fanebres. Transmitem sensibilidade, afeto e paz.&nbsp;<\/p>\n\n\n\n<figure class=\"wp-block-image size-large\"><img loading=\"lazy\" decoding=\"async\" width=\"1024\" height=\"683\" src=\"https:\/\/ikebanaflores.com.br\/blog\/wp-content\/uploads\/2024\/09\/margaridas-ikebana-flores-1024x683.jpg\" alt=\"\" class=\"wp-image-6777\" srcset=\"https:\/\/ikebanaflores.com.br\/blog\/wp-content\/uploads\/2024\/09\/margaridas-ikebana-flores-1024x683.jpg 1024w, https:\/\/ikebanaflores.com.br\/blog\/wp-content\/uploads\/2024\/09\/margaridas-ikebana-flores-300x200.jpg 300w, https:\/\/ikebanaflores.com.br\/blog\/wp-content\/uploads\/2024\/09\/margaridas-ikebana-flores-768x512.jpg 768w, https:\/\/ikebanaflores.com.br\/blog\/wp-content\/uploads\/2024\/09\/margaridas-ikebana-flores.jpg 1200w\" sizes=\"(max-width: 1024px) 100vw, 1024px\" \/><\/figure>\n\n\n\n<p>Essas s\u00e3o as sugest\u00f5es da Ikebana Flores. Independente da sua escolha, temos diversas op\u00e7\u00f5es para as homenagens no Dia de Finados. Entre em contato conosco e teremos o maior prazer em ajudar voc\u00ea.&nbsp;<\/p>\n\n\n\n<p>Enfim, dependendo da sua rela\u00e7\u00e3o com a pessoa falecida, h\u00e1 uma flor especial que vai refor\u00e7ar esse sentimento e toda a saudade que ficou.<\/p>\n\n\n\n<p>Agora que voc\u00ea j\u00e1 sabe quais s\u00e3o as flores para finados, entre em <a href=\"http:\/\/ikebanaflores.com.br\/blog\/\"><strong>contato conosco<\/strong><\/a> e saiba como podemos ajud\u00e1-lo.<\/p>\n\n\n\n<p><\/p>\n","protected":false},"excerpt":{"rendered":"<p>Todos os anos, milhares de pessoas ocupam os cemit\u00e9rios para prestar homenagens aos falecidos. Voc\u00ea sabe quais s\u00e3o as flores mais utilizadas para as homenagens de Dia dos Finados? Ainda que o Dia de Finados seja uma data dif\u00edcil, reverenciar a mem\u00f3ria de quem partiu antes de n\u00f3s \u00e9 uma forma de ressignificar a saudade [&hellip;]<\/p>\n","protected":false},"author":5,"featured_media":6773,"comment_status":"open","ping_status":"open","sticky":false,"template":"","format":"standard","meta":{"_acf_changed":false,"footnotes":""},"categories":[94],"tags":[],"class_list":["post-6780","post","type-post","status-publish","format-standard","has-post-thumbnail","hentry","category-datas-comemorativas"],"acf":[],"_links":{"self":[{"href":"https:\/\/ikebanaflores.com.br\/blog\/wp-json\/wp\/v2\/posts\/6780","targetHints":{"allow":["GET"]}}],"collection":[{"href":"https:\/\/ikebanaflores.com.br\/blog\/wp-json\/wp\/v2\/posts"}],"about":[{"href":"https:\/\/ikebanaflores.com.br\/blog\/wp-json\/wp\/v2\/types\/post"}],"author":[{"embeddable":true,"href":"https:\/\/ikebanaflores.com.br\/blog\/wp-json\/wp\/v2\/users\/5"}],"replies":[{"embeddable":true,"href":"https:\/\/ikebanaflores.com.br\/blog\/wp-json\/wp\/v2\/comments?post=6780"}],"version-history":[{"count":3,"href":"https:\/\/ikebanaflores.com.br\/blog\/wp-json\/wp\/v2\/posts\/6780\/revisions"}],"predecessor-version":[{"id":6919,"href":"https:\/\/ikebanaflores.com.br\/blog\/wp-json\/wp\/v2\/posts\/6780\/revisions\/6919"}],"wp:featuredmedia":[{"embeddable":true,"href":"https:\/\/ikebanaflores.com.br\/blog\/wp-json\/wp\/v2\/media\/6773"}],"wp:attachment":[{"href":"https:\/\/ikebanaflores.com.br\/blog\/wp-json\/wp\/v2\/media?parent=6780"}],"wp:term":[{"taxonomy":"category","embeddable":true,"href":"https:\/\/ikebanaflores.com.br\/blog\/wp-json\/wp\/v2\/categories?post=6780"},{"taxonomy":"post_tag","embeddable":true,"href":"https:\/\/ikebanaflores.com.br\/blog\/wp-json\/wp\/v2\/tags?post=6780"}],"curies":[{"name":"wp","href":"https:\/\/api.w.org\/{rel}","templated":true}]}}