{"id":6808,"date":"2024-10-11T16:53:08","date_gmt":"2024-10-11T19:53:08","guid":{"rendered":"https:\/\/www.ikebana.agenciamango.com.br\/?p=6808"},"modified":"2026-03-16T14:43:23","modified_gmt":"2026-03-16T17:43:23","slug":"a-importancia-das-arvores-nas-grandes-cidades","status":"publish","type":"post","link":"https:\/\/ikebanaflores.com.br\/blog\/a-importancia-das-arvores-nas-grandes-cidades\/","title":{"rendered":"A import\u00e2ncia das \u00e1rvores nas grandes cidades"},"content":{"rendered":"\n<p>Voc\u00ea sabia que Belo Horizonte \u00e9 a terceira cidade mais arborizada do Brasil e a cidade mais verde do sudeste?<\/p>\n\n\n\n<p>Conforme o <a href=\"https:\/\/prefeitura.pbh.gov.br\/noticias\/belo-horizonte-tem-mais-de-300-especies-de-arvores-floriferas\" target=\"_blank\" rel=\"noopener\">Invent\u00e1rio das \u00c1rvores de Belo Horizonte<\/a>, realizado pela prefeitura, a capital mineira tem mais de 300 mil \u00e1rvores catalogadas em seu territ\u00f3rio. O n\u00famero \u00e9 t\u00e3o expressivo que confere a BH o t\u00edtulo de \u201cCidade Jardim\u201d.&nbsp;<\/p>\n\n\n\n<p>Mas, qual a import\u00e2ncia das \u00e1rvores na paisagem urbana e na qualidade de vida das pessoas? \u00c9 o que voc\u00ea vai saber com a leitura desse artigo. Continue a leitura e descubra.&nbsp;<\/p>\n\n\n\n<h2 class=\"wp-block-heading\">Benef\u00edcios das \u00e1rvores em \u00e1reas urbanas<\/h2>\n\n\n\n<p>As \u00e1rvores retiram \u00e1gua do solo e transpiram pelas folhas, contribuindo para melhorar a umidade e a qualidade do ar. Elas tamb\u00e9m retiram a poeira e o excesso de carbono da atmosfera.&nbsp;<\/p>\n\n\n\n<p>Cidades arborizadas conseguem manter a temperatura mais agrad\u00e1vel e diminuem a sensa\u00e7\u00e3o de sufocamento provocada pelo concreto. Por isso, a redu\u00e7\u00e3o de \u00e1reas verdes interfere diretamente no clima.&nbsp;<\/p>\n\n\n<div class=\"wp-block-image\">\n<figure class=\"aligncenter size-large\"><img fetchpriority=\"high\" decoding=\"async\" width=\"1024\" height=\"768\" src=\"https:\/\/ikebanaflores.com.br\/blog\/wp-content\/uploads\/2024\/10\/PRACA-DA-LIBERDADE-BELO-HORIZONTE-1-1024x768.jpg\" alt=\"\" class=\"wp-image-6811\" srcset=\"https:\/\/ikebanaflores.com.br\/blog\/wp-content\/uploads\/2024\/10\/PRACA-DA-LIBERDADE-BELO-HORIZONTE-1-1024x768.jpg 1024w, https:\/\/ikebanaflores.com.br\/blog\/wp-content\/uploads\/2024\/10\/PRACA-DA-LIBERDADE-BELO-HORIZONTE-1-300x225.jpg 300w, https:\/\/ikebanaflores.com.br\/blog\/wp-content\/uploads\/2024\/10\/PRACA-DA-LIBERDADE-BELO-HORIZONTE-1-768x576.jpg 768w, https:\/\/ikebanaflores.com.br\/blog\/wp-content\/uploads\/2024\/10\/PRACA-DA-LIBERDADE-BELO-HORIZONTE-1-1536x1152.jpg 1536w, https:\/\/ikebanaflores.com.br\/blog\/wp-content\/uploads\/2024\/10\/PRACA-DA-LIBERDADE-BELO-HORIZONTE-1-2048x1536.jpg 2048w\" sizes=\"(max-width: 1024px) 100vw, 1024px\" \/><\/figure>\n<\/div>\n\n\n<p>A presen\u00e7a de \u00e1rvores nas cidades tamb\u00e9m contribui para as esp\u00e9cies animais, pois abrigam os p\u00e1ssaros, respons\u00e1veis por espalhar sementes e controlar a popula\u00e7\u00e3o de insetos.&nbsp;<\/p>\n\n\n\n<p>Al\u00e9m de embelezar ruas, parques e avenidas, as \u00e1rvores transmitem a sensa\u00e7\u00e3o de bem-estar f\u00edsico e psicol\u00f3gico. Sem contar no privil\u00e9gio do contato com a natureza e de eventuais flores, frutos e sombra que elas proporcionam.&nbsp;<\/p>\n\n\n\n<h2 class=\"wp-block-heading\">Esp\u00e9cies mais frequentes em Belo Horizonte<\/h2>\n\n\n\n<p>O Invent\u00e1rio das \u00c1rvores de Belo Horizonte come\u00e7ou a ser realizado em 2011, em parceria com a Universidade Federal de Lavras. At\u00e9 2018, o estudo <a href=\"https:\/\/prefeitura.pbh.gov.br\/noticias\/belo-horizonte-tem-mais-de-300-especies-de-arvores-floriferas\" target=\"_blank\" rel=\"noopener\">cadastrou<\/a> mais de 300 mil \u00e1rvores na capital mineira.&nbsp;<\/p>\n\n\n\n<p>No entanto, a expectativa \u00e9 que somadas \u00e0s \u00e1rvores presentes em parques e logradouros, o n\u00famero chegue a mais de um milh\u00e3o.&nbsp;<\/p>\n\n\n<div class=\"wp-block-image\">\n<figure class=\"aligncenter size-large\"><img decoding=\"async\" width=\"1024\" height=\"680\" src=\"https:\/\/ikebanaflores.com.br\/blog\/wp-content\/uploads\/2024\/10\/IPE-AMARELO-BH-1-1024x680.jpg\" alt=\"\" class=\"wp-image-6813\" srcset=\"https:\/\/ikebanaflores.com.br\/blog\/wp-content\/uploads\/2024\/10\/IPE-AMARELO-BH-1-1024x680.jpg 1024w, https:\/\/ikebanaflores.com.br\/blog\/wp-content\/uploads\/2024\/10\/IPE-AMARELO-BH-1-300x199.jpg 300w, https:\/\/ikebanaflores.com.br\/blog\/wp-content\/uploads\/2024\/10\/IPE-AMARELO-BH-1-768x510.jpg 768w, https:\/\/ikebanaflores.com.br\/blog\/wp-content\/uploads\/2024\/10\/IPE-AMARELO-BH-1-1536x1020.jpg 1536w, https:\/\/ikebanaflores.com.br\/blog\/wp-content\/uploads\/2024\/10\/IPE-AMARELO-BH-1-2048x1360.jpg 2048w\" sizes=\"(max-width: 1024px) 100vw, 1024px\" \/><\/figure>\n<\/div>\n\n\n<p>Conforme a Secretaria de Munic\u00edpio de Meio Ambiente, as esp\u00e9cies catalogadas at\u00e9 a atual etapa do censo est\u00e3o em logradouros p\u00fablicos.&nbsp;<\/p>\n\n\n\n<p>Ainda n\u00e3o foram contabilizadas as \u00e1rvores dos parques, das \u00e1reas verdes e dos quintais particulares.&nbsp;<\/p>\n\n\n\n<h3 class=\"wp-block-heading\">\u00c1rvores frut\u00edferas<\/h3>\n\n\n\n<p>As esp\u00e9cies de \u00e1rvores frut\u00edferas mais frequentes na cidade s\u00e3o:<\/p>\n\n\n\n<ul class=\"wp-block-list\">\n<li>goiabeiras;<\/li>\n\n\n\n<li>mangueiras;<\/li>\n\n\n\n<li>pitangueiras;<\/li>\n\n\n\n<li>jaboticabeiras;<\/li>\n\n\n\n<li>oitizeiros;<\/li>\n\n\n\n<li>amoreiras;<\/li>\n\n\n\n<li>limoeiros;<\/li>\n\n\n\n<li>romanzeiras;<\/li>\n\n\n\n<li>coqueiros e<\/li>\n\n\n\n<li>aceroleiras.<\/li>\n<\/ul>\n\n\n\n<h3 class=\"wp-block-heading\">\u00c1rvores flor\u00edferas<\/h3>\n\n\n\n<p>O levantamento da prefeitura de BH informa que, entre as 302 esp\u00e9cies de \u00e1rvores flor\u00edferas j\u00e1 catalogadas no munic\u00edpio, as mais comuns s\u00e3o:<\/p>\n\n\n\n<ul class=\"wp-block-list\">\n<li>sibipiruna;<\/li>\n\n\n\n<li>murta;<\/li>\n\n\n\n<li>quaresmeira;<\/li>\n\n\n\n<li>ip\u00ea-rosa;<\/li>\n\n\n\n<li>resed\u00e1;<\/li>\n\n\n\n<li>pata de vaca;<\/li>\n\n\n\n<li>ip\u00ea-tabaco<\/li>\n\n\n\n<li>magn\u00f3lia;<\/li>\n\n\n\n<li>escumilha africana e<\/li>\n\n\n\n<li>ip\u00ea-amarelo.<\/li>\n<\/ul>\n\n\n\n<p>A <a href=\"https:\/\/prefeitura.pbh.gov.br\/meio-ambiente\/inventario-das-arvores\" target=\"_blank\" rel=\"noopener\">atualiza\u00e7\u00e3o mais recente<\/a> do invent\u00e1rio informa que 60% do trabalho foi conclu\u00eddo nas regi\u00f5es Centro-Sul, Oeste, Noroeste e Leste da capital mineira, al\u00e9m de parte da Pampulha.&nbsp;<\/p>\n\n\n\n<h2 class=\"wp-block-heading\">Esp\u00e9cies mais indicadas para plantio em \u00e1reas p\u00fablicas<\/h2>\n\n\n\n<p>Embora a presen\u00e7a das \u00e1rvores nas cidades seja fundamental para garantir a qualidade de vida, alguns cuidados precisam ser observados antes de plantar uma muda na sua cal\u00e7ada ou jardim.<\/p>\n\n\n\n<p>O motivo \u00e9 que o plantio de \u00e1rvores nas cidades deve ser orientado por especialistas, pois algumas esp\u00e9cies n\u00e3o se adaptam bem ou s\u00e3o prejudiciais a outras \u00e1rvores nativas.<\/p>\n\n\n\n<p>Uma caracter\u00edstica que deve ser considerada \u00e9 o porte da \u00e1rvore escolhida. Ela precisa estar de acordo com o relevo urbano, pois muitas ra\u00edzes acabam danificando o passeio p\u00fablico.&nbsp;<\/p>\n\n\n<div class=\"wp-block-image\">\n<figure class=\"aligncenter size-large\"><img decoding=\"async\" width=\"1024\" height=\"683\" src=\"https:\/\/ikebanaflores.com.br\/blog\/wp-content\/uploads\/2024\/10\/cidades-tempo-nublado-em-bh-1722412368-1024x683.jpg\" alt=\"\" class=\"wp-image-6814\" srcset=\"https:\/\/ikebanaflores.com.br\/blog\/wp-content\/uploads\/2024\/10\/cidades-tempo-nublado-em-bh-1722412368-1024x683.jpg 1024w, https:\/\/ikebanaflores.com.br\/blog\/wp-content\/uploads\/2024\/10\/cidades-tempo-nublado-em-bh-1722412368-300x200.jpg 300w, https:\/\/ikebanaflores.com.br\/blog\/wp-content\/uploads\/2024\/10\/cidades-tempo-nublado-em-bh-1722412368-768x512.jpg 768w, https:\/\/ikebanaflores.com.br\/blog\/wp-content\/uploads\/2024\/10\/cidades-tempo-nublado-em-bh-1722412368-1536x1024.jpg 1536w, https:\/\/ikebanaflores.com.br\/blog\/wp-content\/uploads\/2024\/10\/cidades-tempo-nublado-em-bh-1722412368-2048x1365.jpg 2048w\" sizes=\"(max-width: 1024px) 100vw, 1024px\" \/><\/figure>\n<\/div>\n\n\n<p>\u00c1rvores de grande porte tamb\u00e9m podem ser prejudiciais \u00e0 rede de energia el\u00e9trica. Portanto, antes de escolher qual esp\u00e9cie plantar, entre em contato com a prefeitura da cidade para receber orienta\u00e7\u00e3o.&nbsp;<\/p>\n\n\n\n<p>Ap\u00f3s escolher a \u00e1rvore certa para o espa\u00e7o dispon\u00edvel, procure sua floricultura de confian\u00e7a para adquirir mudas de qualidade.<\/p>\n\n\n\n<p>Confira a seguir algumas caracter\u00edsticas das esp\u00e9cies mais indicadas para o plantio em \u00e1reas urbanas:<\/p>\n\n\n\n<h3 class=\"wp-block-heading\">1. Ip\u00ea-amarelo (Tabebuia serrafitolia)<\/h3>\n\n\n\n<p>Comumente conhecido como pau d\u2019arco, o ip\u00ea \u00e9 natural da Mata Atl\u00e2ntica brasileira. Apesar de crescer de forma lenta e gradual, esta esp\u00e9cie pode chegar at\u00e9 20 metros de altura e \u00e9 bastante ornamental.&nbsp;<\/p>\n\n\n<div class=\"wp-block-image\">\n<figure class=\"aligncenter size-large is-resized\"><img loading=\"lazy\" decoding=\"async\" width=\"1024\" height=\"1024\" src=\"https:\/\/ikebanaflores.com.br\/blog\/wp-content\/uploads\/2024\/10\/d880e642a43be8603d0857e6fe4177c9-1-1024x1024.jpg\" alt=\"\" class=\"wp-image-6817\" style=\"width:527px;height:auto\" srcset=\"https:\/\/ikebanaflores.com.br\/blog\/wp-content\/uploads\/2024\/10\/d880e642a43be8603d0857e6fe4177c9-1-1024x1024.jpg 1024w, https:\/\/ikebanaflores.com.br\/blog\/wp-content\/uploads\/2024\/10\/d880e642a43be8603d0857e6fe4177c9-1-300x300.jpg 300w, https:\/\/ikebanaflores.com.br\/blog\/wp-content\/uploads\/2024\/10\/d880e642a43be8603d0857e6fe4177c9-1-150x150.jpg 150w, https:\/\/ikebanaflores.com.br\/blog\/wp-content\/uploads\/2024\/10\/d880e642a43be8603d0857e6fe4177c9-1-768x768.jpg 768w, https:\/\/ikebanaflores.com.br\/blog\/wp-content\/uploads\/2024\/10\/d880e642a43be8603d0857e6fe4177c9-1-1536x1536.jpg 1536w, https:\/\/ikebanaflores.com.br\/blog\/wp-content\/uploads\/2024\/10\/d880e642a43be8603d0857e6fe4177c9-1-2048x2048.jpg 2048w, https:\/\/ikebanaflores.com.br\/blog\/wp-content\/uploads\/2024\/10\/d880e642a43be8603d0857e6fe4177c9-1-500x500.jpg 500w\" sizes=\"(max-width: 1024px) 100vw, 1024px\" \/><\/figure>\n<\/div>\n\n\n<h3 class=\"wp-block-heading\">2. Ip\u00ea-roxo (Tabebuia avellanedae)<\/h3>\n\n\n\n<p>Por serem da mesma fam\u00edlia, o ip\u00ea-roxo tem as mesmas caracter\u00edsticas do amarelo, por\u00e9m, cresce mais. Um ip\u00ea-roxo costumam chegar aos 25 metros de altura.\u00a0<\/p>\n\n\n<div class=\"wp-block-image\">\n<figure class=\"aligncenter size-large is-resized\"><img loading=\"lazy\" decoding=\"async\" width=\"1024\" height=\"639\" src=\"https:\/\/ikebanaflores.com.br\/blog\/wp-content\/uploads\/2024\/10\/Ipe-roxo_em_Brasilia_02-1024x639.jpg\" alt=\"\" class=\"wp-image-6818\" style=\"width:740px;height:auto\" srcset=\"https:\/\/ikebanaflores.com.br\/blog\/wp-content\/uploads\/2024\/10\/Ipe-roxo_em_Brasilia_02-1024x639.jpg 1024w, https:\/\/ikebanaflores.com.br\/blog\/wp-content\/uploads\/2024\/10\/Ipe-roxo_em_Brasilia_02-300x187.jpg 300w, https:\/\/ikebanaflores.com.br\/blog\/wp-content\/uploads\/2024\/10\/Ipe-roxo_em_Brasilia_02-768x479.jpg 768w, https:\/\/ikebanaflores.com.br\/blog\/wp-content\/uploads\/2024\/10\/Ipe-roxo_em_Brasilia_02-1536x958.jpg 1536w, https:\/\/ikebanaflores.com.br\/blog\/wp-content\/uploads\/2024\/10\/Ipe-roxo_em_Brasilia_02-2048x1278.jpg 2048w\" sizes=\"(max-width: 1024px) 100vw, 1024px\" \/><\/figure>\n<\/div>\n\n\n<h3 class=\"wp-block-heading\">3. Resed\u00e1 (Lagerstroemia indica)<\/h3>\n\n\n\n<p>Em muitas regi\u00f5es \u00e9 conhecida como extremosa ou escumilha e \u00e9 origin\u00e1ria da \u00cdndia. Suas flores t\u00eam colora\u00e7\u00e3o intensa e costuma se desenvolver em locais de clima frio, como a regi\u00e3o Sul.&nbsp;<\/p>\n\n\n<div class=\"wp-block-image\">\n<figure class=\"aligncenter size-large is-resized\"><img loading=\"lazy\" decoding=\"async\" width=\"1024\" height=\"768\" src=\"https:\/\/ikebanaflores.com.br\/blog\/wp-content\/uploads\/2024\/10\/Reseda_rosa-1024x768.jpg\" alt=\"\" class=\"wp-image-6819\" style=\"width:760px;height:auto\" srcset=\"https:\/\/ikebanaflores.com.br\/blog\/wp-content\/uploads\/2024\/10\/Reseda_rosa-1024x768.jpg 1024w, https:\/\/ikebanaflores.com.br\/blog\/wp-content\/uploads\/2024\/10\/Reseda_rosa-300x225.jpg 300w, https:\/\/ikebanaflores.com.br\/blog\/wp-content\/uploads\/2024\/10\/Reseda_rosa-768x576.jpg 768w, https:\/\/ikebanaflores.com.br\/blog\/wp-content\/uploads\/2024\/10\/Reseda_rosa-1536x1152.jpg 1536w, https:\/\/ikebanaflores.com.br\/blog\/wp-content\/uploads\/2024\/10\/Reseda_rosa-2048x1536.jpg 2048w\" sizes=\"(max-width: 1024px) 100vw, 1024px\" \/><\/figure>\n<\/div>\n\n\n<h3 class=\"wp-block-heading\">4. C\u00e1ssia (Cassia spectabilis)<\/h3>\n\n\n\n<p>De baixa estatura, a C\u00e1ssia alcan\u00e7a no m\u00e1ximo oito metros. Por\u00e9m, seu crescimento \u00e9 r\u00e1pido, motivo que leva muitas pessoas a optarem por ela na hora de plantar.&nbsp;<\/p>\n\n\n<div class=\"wp-block-image\">\n<figure class=\"aligncenter size-large is-resized\"><img loading=\"lazy\" decoding=\"async\" width=\"1024\" height=\"683\" src=\"https:\/\/ikebanaflores.com.br\/blog\/wp-content\/uploads\/2024\/10\/Cassia_carnaval-1-1024x683.jpg\" alt=\"\" class=\"wp-image-6821\" style=\"width:758px;height:auto\" srcset=\"https:\/\/ikebanaflores.com.br\/blog\/wp-content\/uploads\/2024\/10\/Cassia_carnaval-1-1024x683.jpg 1024w, https:\/\/ikebanaflores.com.br\/blog\/wp-content\/uploads\/2024\/10\/Cassia_carnaval-1-300x200.jpg 300w, https:\/\/ikebanaflores.com.br\/blog\/wp-content\/uploads\/2024\/10\/Cassia_carnaval-1-768x512.jpg 768w, https:\/\/ikebanaflores.com.br\/blog\/wp-content\/uploads\/2024\/10\/Cassia_carnaval-1-1536x1024.jpg 1536w, https:\/\/ikebanaflores.com.br\/blog\/wp-content\/uploads\/2024\/10\/Cassia_carnaval-1-2048x1365.jpg 2048w\" sizes=\"(max-width: 1024px) 100vw, 1024px\" \/><\/figure>\n<\/div>\n\n\n<h3 class=\"wp-block-heading has-text-align-left\">5. Quaresmeira (Tibouchina granulosa)<\/h3>\n\n\n\n<p>Floresce entre janeiro e abril, per\u00edodo da quaresma, por isso vem da\u00ed seu nome. \u00c9 uma esp\u00e9cie mais abundante nos estados da Bahia, S\u00e3o Paulo, Rio de Janeiro e Minas Gerais. \u00c9 uma esp\u00e9cie muito apreciada devido \u00e0 beleza de sua flora\u00e7\u00e3o.<\/p>\n\n\n<div class=\"wp-block-image\">\n<figure class=\"aligncenter size-large is-resized\"><img loading=\"lazy\" decoding=\"async\" width=\"1024\" height=\"685\" src=\"https:\/\/ikebanaflores.com.br\/blog\/wp-content\/uploads\/2024\/10\/Quaresmeira-rosa_Tibouchina_granulosa_Kathleen_Ceret_Park_Sao_Paulo._Brazilian_native_tree-1024x685.jpg\" alt=\"\" class=\"wp-image-6822\" style=\"width:763px;height:auto\" srcset=\"https:\/\/ikebanaflores.com.br\/blog\/wp-content\/uploads\/2024\/10\/Quaresmeira-rosa_Tibouchina_granulosa_Kathleen_Ceret_Park_Sao_Paulo._Brazilian_native_tree-1024x685.jpg 1024w, https:\/\/ikebanaflores.com.br\/blog\/wp-content\/uploads\/2024\/10\/Quaresmeira-rosa_Tibouchina_granulosa_Kathleen_Ceret_Park_Sao_Paulo._Brazilian_native_tree-300x201.jpg 300w, https:\/\/ikebanaflores.com.br\/blog\/wp-content\/uploads\/2024\/10\/Quaresmeira-rosa_Tibouchina_granulosa_Kathleen_Ceret_Park_Sao_Paulo._Brazilian_native_tree-768x514.jpg 768w, https:\/\/ikebanaflores.com.br\/blog\/wp-content\/uploads\/2024\/10\/Quaresmeira-rosa_Tibouchina_granulosa_Kathleen_Ceret_Park_Sao_Paulo._Brazilian_native_tree-1536x1028.jpg 1536w, https:\/\/ikebanaflores.com.br\/blog\/wp-content\/uploads\/2024\/10\/Quaresmeira-rosa_Tibouchina_granulosa_Kathleen_Ceret_Park_Sao_Paulo._Brazilian_native_tree-2048x1371.jpg 2048w\" sizes=\"(max-width: 1024px) 100vw, 1024px\" \/><\/figure>\n<\/div>\n\n\n<h3 class=\"wp-block-heading\">6. Manac\u00e1-da-Serra (Tibouchina mutabilis)<\/h3>\n\n\n\n<p>Natural da Mata Atl\u00e2ntica, atinge at\u00e9 12 metros de altura. A esp\u00e9cie \u00e9 muito comum no Paran\u00e1, Santa Catarina, S\u00e3o Paulo e Rio de Janeiro.<\/p>\n\n\n<div class=\"wp-block-image\">\n<figure class=\"aligncenter size-large is-resized\"><img loading=\"lazy\" decoding=\"async\" width=\"1024\" height=\"768\" src=\"https:\/\/ikebanaflores.com.br\/blog\/wp-content\/uploads\/2024\/10\/Jacatiraomanaca_da_serra-1-1024x768.jpg\" alt=\"\" class=\"wp-image-6824\" style=\"width:789px;height:auto\" srcset=\"https:\/\/ikebanaflores.com.br\/blog\/wp-content\/uploads\/2024\/10\/Jacatiraomanaca_da_serra-1-1024x768.jpg 1024w, https:\/\/ikebanaflores.com.br\/blog\/wp-content\/uploads\/2024\/10\/Jacatiraomanaca_da_serra-1-300x225.jpg 300w, https:\/\/ikebanaflores.com.br\/blog\/wp-content\/uploads\/2024\/10\/Jacatiraomanaca_da_serra-1-768x576.jpg 768w, https:\/\/ikebanaflores.com.br\/blog\/wp-content\/uploads\/2024\/10\/Jacatiraomanaca_da_serra-1-1536x1152.jpg 1536w, https:\/\/ikebanaflores.com.br\/blog\/wp-content\/uploads\/2024\/10\/Jacatiraomanaca_da_serra-1-2048x1536.jpg 2048w\" sizes=\"(max-width: 1024px) 100vw, 1024px\" \/><\/figure>\n<\/div>\n\n\n<h3 class=\"wp-block-heading\">7. Pata-de-vaca (Bauhinia forficata)<\/h3>\n\n\n\n<p>Produz flores muito bonitas e costuma coloridas a cidade em tons branco, rosa e lil\u00e1s. \u00c9 uma \u00e1rvore genuinamente brasileira e bastante comum na Bahia, Cear\u00e1, Minas Gerais, Rio de Janeiro, Paran\u00e1, Rio Grande do Sul, Santa Catarina e S\u00e3o Paulo. Tamb\u00e9m \u00e9 encontrada na paisagem urbana de pa\u00edses como Paraguai, Bol\u00edvia, Uruguai e Peru.\u00a0<\/p>\n\n\n<div class=\"wp-block-image\">\n<figure class=\"aligncenter size-full\"><img loading=\"lazy\" decoding=\"async\" width=\"400\" height=\"296\" src=\"https:\/\/ikebanaflores.com.br\/blog\/wp-content\/uploads\/2024\/10\/Bauhinia_forficata_cezar.jpg\" alt=\"\" class=\"wp-image-6825\" srcset=\"https:\/\/ikebanaflores.com.br\/blog\/wp-content\/uploads\/2024\/10\/Bauhinia_forficata_cezar.jpg 400w, https:\/\/ikebanaflores.com.br\/blog\/wp-content\/uploads\/2024\/10\/Bauhinia_forficata_cezar-300x222.jpg 300w\" sizes=\"(max-width: 400px) 100vw, 400px\" \/><\/figure>\n<\/div>\n\n\n<h3 class=\"wp-block-heading\">8. Sibipiruna (Caesalpinia peltophoroides)<\/h3>\n\n\n\n<p>Outra esp\u00e9cie nativa da Mata Atl\u00e2ntica, a Sibipiruna atinge grande porte e chega facilmente aos 20 metros. Tem grande longevidade e pode chegar aos 100 anos. N\u00e3o tem ra\u00edzes agressivas ao mobili\u00e1rio urbano e sua flora\u00e7\u00e3o \u00e9 intensa, com boa sombra. Por\u00e9m, deve-se evitar a proximidade com a rede el\u00e9trica.&nbsp;<\/p>\n\n\n<div class=\"wp-block-image\">\n<figure class=\"aligncenter size-full is-resized\"><img loading=\"lazy\" decoding=\"async\" width=\"1024\" height=\"768\" src=\"https:\/\/ikebanaflores.com.br\/blog\/wp-content\/uploads\/2024\/10\/2843312557_b264d7367f_b.jpg\" alt=\"\" class=\"wp-image-6826\" style=\"width:696px;height:auto\" srcset=\"https:\/\/ikebanaflores.com.br\/blog\/wp-content\/uploads\/2024\/10\/2843312557_b264d7367f_b.jpg 1024w, https:\/\/ikebanaflores.com.br\/blog\/wp-content\/uploads\/2024\/10\/2843312557_b264d7367f_b-300x225.jpg 300w, https:\/\/ikebanaflores.com.br\/blog\/wp-content\/uploads\/2024\/10\/2843312557_b264d7367f_b-768x576.jpg 768w\" sizes=\"(max-width: 1024px) 100vw, 1024px\" \/><\/figure>\n<\/div>\n\n\n<p>Essas s\u00e3o algumas esp\u00e9cies mais indicadas para o plantio na cidade. Por\u00e9m, se sua inten\u00e7\u00e3o \u00e9 plantar diretamente no p\u00e1tio ou na cal\u00e7ada, escolha \u00e1rvores de pequeno porte como Marinheiro (Trichilia cathartica), Ip\u00ea-Mirim (Stenolobium stans), Candelabro (Erytrina speciosa), Flanboyant Mirim (Caesalpinia pulcherrima), Cambuci (Campomanesia phaea) ou Pitangueira (Eugenia uniflora).<\/p>\n\n\n\n<p><\/p>\n","protected":false},"excerpt":{"rendered":"<p>Voc\u00ea sabia que Belo Horizonte \u00e9 a terceira cidade mais arborizada do Brasil e a cidade mais verde do sudeste? Conforme o Invent\u00e1rio das \u00c1rvores de Belo Horizonte, realizado pela prefeitura, a capital mineira tem mais de 300 mil \u00e1rvores catalogadas em seu territ\u00f3rio. O n\u00famero \u00e9 t\u00e3o expressivo que confere a BH o t\u00edtulo [&hellip;]<\/p>\n","protected":false},"author":5,"featured_media":6815,"comment_status":"open","ping_status":"open","sticky":false,"template":"","format":"standard","meta":{"_acf_changed":false,"footnotes":""},"categories":[86],"tags":[375,128,129,130,131,132,133],"class_list":["post-6808","post","type-post","status-publish","format-standard","has-post-thumbnail","hentry","category-areas-de-lazer-e-turismo","tag-arvore","tag-arvores","tag-arvores-brasileiras","tag-arvores-frutiferas","tag-arvores-nativas","tag-arvores-nativas-brasileiras","tag-arvores-nativas-do-brasil"],"acf":[],"_links":{"self":[{"href":"https:\/\/ikebanaflores.com.br\/blog\/wp-json\/wp\/v2\/posts\/6808","targetHints":{"allow":["GET"]}}],"collection":[{"href":"https:\/\/ikebanaflores.com.br\/blog\/wp-json\/wp\/v2\/posts"}],"about":[{"href":"https:\/\/ikebanaflores.com.br\/blog\/wp-json\/wp\/v2\/types\/post"}],"author":[{"embeddable":true,"href":"https:\/\/ikebanaflores.com.br\/blog\/wp-json\/wp\/v2\/users\/5"}],"replies":[{"embeddable":true,"href":"https:\/\/ikebanaflores.com.br\/blog\/wp-json\/wp\/v2\/comments?post=6808"}],"version-history":[{"count":1,"href":"https:\/\/ikebanaflores.com.br\/blog\/wp-json\/wp\/v2\/posts\/6808\/revisions"}],"predecessor-version":[{"id":6827,"href":"https:\/\/ikebanaflores.com.br\/blog\/wp-json\/wp\/v2\/posts\/6808\/revisions\/6827"}],"wp:featuredmedia":[{"embeddable":true,"href":"https:\/\/ikebanaflores.com.br\/blog\/wp-json\/wp\/v2\/media\/6815"}],"wp:attachment":[{"href":"https:\/\/ikebanaflores.com.br\/blog\/wp-json\/wp\/v2\/media?parent=6808"}],"wp:term":[{"taxonomy":"category","embeddable":true,"href":"https:\/\/ikebanaflores.com.br\/blog\/wp-json\/wp\/v2\/categories?post=6808"},{"taxonomy":"post_tag","embeddable":true,"href":"https:\/\/ikebanaflores.com.br\/blog\/wp-json\/wp\/v2\/tags?post=6808"}],"curies":[{"name":"wp","href":"https:\/\/api.w.org\/{rel}","templated":true}]}}