{"id":7031,"date":"2025-09-24T12:33:45","date_gmt":"2025-09-24T15:33:45","guid":{"rendered":"https:\/\/www.ikebana.agenciamango.com.br\/?p=7031"},"modified":"2026-03-16T14:43:15","modified_gmt":"2026-03-16T17:43:15","slug":"ipes-no-brasil-tipos-curiosidades-e-por-que-bh-tem-tantos-%f0%9f%8c%b3","status":"publish","type":"post","link":"https:\/\/ikebanaflores.com.br\/blog\/ipes-no-brasil-tipos-curiosidades-e-por-que-bh-tem-tantos-%f0%9f%8c%b3\/","title":{"rendered":"Ip\u00eas no Brasil: tipos, curiosidades \u2014 e por que BH tem tantos \ud83c\udf33"},"content":{"rendered":"\n<p>Os ip\u00eas ganham destaque no per\u00edodo seco: perdem as folhas, concentram energia nas flores e transformam ruas e pra\u00e7as em um espet\u00e1culo de cor. Para quem pesquisa <strong><a href=\"https:\/\/ikebanaflores.com.br\/blog\/\">Flores em BH<\/a><\/strong>, este guia traz um panorama direto dos tipos mais comuns no Brasil e, ao final, o motivo de Belo Horizonte ter tantos exemplares.<\/p>\n\n\n\n<h2 class=\"wp-block-heading\">Principais tipos de ip\u00eas (guia r\u00e1pido)<\/h2>\n\n\n\n<h3 class=\"wp-block-heading\">Ip\u00ea-amarelo (<em>Handroanthus<\/em> spp.)<\/h3>\n\n\n\n<p>\u00c9 o \u201ccart\u00e3o-postal\u201d do inverno brasileiro. A flora\u00e7\u00e3o costuma acontecer do fim do inverno ao in\u00edcio da primavera, com a copa praticamente sem folhas \u2014 por isso o contraste \u00e9 t\u00e3o forte. \u00c1rvores vers\u00e1teis na arboriza\u00e7\u00e3o urbana, valorizam avenidas e pra\u00e7as e atraem polinizadores.<\/p>\n\n\n\n<p><strong>Como identificar:<\/strong> flores amarelo-intensas em cachos; \u00e1rvore frequentemente \u201cpelada\u201d no pico da flora\u00e7\u00e3o.<\/p>\n\n\n\n<figure class=\"wp-block-image size-full\"><img fetchpriority=\"high\" decoding=\"async\" width=\"1024\" height=\"768\" src=\"https:\/\/ikebanaflores.com.br\/blog\/wp-content\/uploads\/2025\/09\/IMG_0009-1024x768-1.jpg\" alt=\"\" class=\"wp-image-7034\" srcset=\"https:\/\/ikebanaflores.com.br\/blog\/wp-content\/uploads\/2025\/09\/IMG_0009-1024x768-1.jpg 1024w, https:\/\/ikebanaflores.com.br\/blog\/wp-content\/uploads\/2025\/09\/IMG_0009-1024x768-1-300x225.jpg 300w, https:\/\/ikebanaflores.com.br\/blog\/wp-content\/uploads\/2025\/09\/IMG_0009-1024x768-1-768x576.jpg 768w\" sizes=\"(max-width: 1024px) 100vw, 1024px\" \/><\/figure>\n\n\n\n<p><a href=\"https:\/\/observacaoeanalise.com.br\/ainda-tem-ipe-amarelo-em-santa-tereza\/\" target=\"_blank\" rel=\"noopener\">Foto S\u00e9rgio Verteiro<\/a><\/p>\n\n\n\n<hr class=\"wp-block-separator has-alpha-channel-opacity\"\/>\n\n\n\n<h3 class=\"wp-block-heading\">Ip\u00ea-roxo (<em>Handroanthus impetiginosus<\/em>)<\/h3>\n\n\n\n<p>Muito usado em canteiros centrais e parques por se adaptar bem ao ambiente urbano. Em geral, floresce do outono ao inverno, com tons do lil\u00e1s ao roxo.<\/p>\n\n\n\n<p><strong>Como identificar:<\/strong> flores roxo-viol\u00e1ceas e copa desnuda na flora\u00e7\u00e3o, aumentando o impacto visual.<\/p>\n\n\n\n<hr class=\"wp-block-separator has-alpha-channel-opacity\"\/>\n\n\n\n<h3 class=\"wp-block-heading\">Ip\u00ea-rosa (<em>Handroanthus heptaphyllus<\/em>)<\/h3>\n\n\n\n<p>Marca presen\u00e7a em cidades do Sudeste e Centro-Oeste. As infloresc\u00eancias densas criam um efeito \u201cnuvem\u201d.<\/p>\n\n\n\n<p><strong>Como identificar:<\/strong> flores de rosa-claro a rosado-lil\u00e1s, reunidas em grandes massas na copa.<\/p>\n\n\n\n<figure class=\"wp-block-image size-large\"><img decoding=\"async\" width=\"1024\" height=\"768\" src=\"https:\/\/ikebanaflores.com.br\/blog\/wp-content\/uploads\/2025\/09\/whatsapp_image_2025_07_07_at_07_57_27-55975344-1-1024x768.jpeg\" alt=\"\" class=\"wp-image-7036\" srcset=\"https:\/\/ikebanaflores.com.br\/blog\/wp-content\/uploads\/2025\/09\/whatsapp_image_2025_07_07_at_07_57_27-55975344-1-1024x768.jpeg 1024w, https:\/\/ikebanaflores.com.br\/blog\/wp-content\/uploads\/2025\/09\/whatsapp_image_2025_07_07_at_07_57_27-55975344-1-300x225.jpeg 300w, https:\/\/ikebanaflores.com.br\/blog\/wp-content\/uploads\/2025\/09\/whatsapp_image_2025_07_07_at_07_57_27-55975344-1-768x576.jpeg 768w, https:\/\/ikebanaflores.com.br\/blog\/wp-content\/uploads\/2025\/09\/whatsapp_image_2025_07_07_at_07_57_27-55975344-1-1536x1152.jpeg 1536w, https:\/\/ikebanaflores.com.br\/blog\/wp-content\/uploads\/2025\/09\/whatsapp_image_2025_07_07_at_07_57_27-55975344-1.jpeg 1608w\" sizes=\"(max-width: 1024px) 100vw, 1024px\" \/><\/figure>\n\n\n\n<p><a href=\"https:\/\/www.em.com.br\/gerais\/2025\/07\/7194434-temporada-dos-ipes-vira-atracao-turistica-em-bh.html\" target=\"_blank\" rel=\"noopener\">Foto de Jair Amaral<\/a><\/p>\n\n\n\n<hr class=\"wp-block-separator has-alpha-channel-opacity\"\/>\n\n\n\n<h3 class=\"wp-block-heading\">Ip\u00ea-branco (<em>Tabebuia roseoalba<\/em> \/ <em>Handroanthus roseo-albus<\/em>)<\/h3>\n\n\n\n<p>O mais \u201cfugaz\u201d do grupo: abre e pode encerrar a florada em poucos dias. Em muitas regi\u00f5es, aparece do fim do inverno ao in\u00edcio da primavera.<\/p>\n\n\n\n<p><strong>Como identificar:<\/strong> flores brancas (\u00e0s vezes levemente rosadas) e flora\u00e7\u00e3o curt\u00edssima \u2014 perfeito para fotos, mas f\u00e1cil de perder.<\/p>\n\n\n\n<figure class=\"wp-block-image size-large\"><img decoding=\"async\" width=\"1024\" height=\"872\" src=\"https:\/\/ikebanaflores.com.br\/blog\/wp-content\/uploads\/2025\/09\/71655377_761780967589279_5375693634471460864_n-1024x872.jpg\" alt=\"\" class=\"wp-image-7037\" srcset=\"https:\/\/ikebanaflores.com.br\/blog\/wp-content\/uploads\/2025\/09\/71655377_761780967589279_5375693634471460864_n-1024x872.jpg 1024w, https:\/\/ikebanaflores.com.br\/blog\/wp-content\/uploads\/2025\/09\/71655377_761780967589279_5375693634471460864_n-300x255.jpg 300w, https:\/\/ikebanaflores.com.br\/blog\/wp-content\/uploads\/2025\/09\/71655377_761780967589279_5375693634471460864_n-768x654.jpg 768w, https:\/\/ikebanaflores.com.br\/blog\/wp-content\/uploads\/2025\/09\/71655377_761780967589279_5375693634471460864_n-1536x1308.jpg 1536w, https:\/\/ikebanaflores.com.br\/blog\/wp-content\/uploads\/2025\/09\/71655377_761780967589279_5375693634471460864_n.jpg 1600w\" sizes=\"(max-width: 1024px) 100vw, 1024px\" \/><\/figure>\n\n\n\n<p><a href=\"https:\/\/www.conhecaminas.com\/2016\/07\/a-florada-dos-ipes-brancos.html\" target=\"_blank\" rel=\"noopener\">Foto C\u00e9sar Reis em Tiradentes MG<\/a><\/p>\n\n\n\n<hr class=\"wp-block-separator has-alpha-channel-opacity\"\/>\n\n\n\n<h3 class=\"wp-block-heading\">Ip\u00ea-verde (<em>Cybistax antisyphilitica<\/em>)<\/h3>\n\n\n\n<p>O \u201cdiferent\u00e3o\u201d. As flores verde-claras s\u00e3o discretas \u00e0 dist\u00e2ncia. Em \u00e1reas de Cerrado, pode florir no ver\u00e3o; em cidades, a \u00e9poca varia.<\/p>\n\n\n\n<p><strong>Como identificar:<\/strong> flores verde-lim\u00e3o, menos vistosas de longe; destaque ao se aproximar da copa.<\/p>\n\n\n\n<hr class=\"wp-block-separator has-alpha-channel-opacity\"\/>\n\n\n\n<h2 class=\"wp-block-heading\">Por que Belo Horizonte tem tantos ip\u00eas?<\/h2>\n\n\n\n<p><strong>Clima que favorece<\/strong> \u2014 BH tem inverno seco e ver\u00e3o chuvoso. Esse contraste sinaliza a hora certa para os ip\u00eas florescerem (no seco) e dispersarem sementes quando as chuvas voltam. A altitude (~850 m) ajuda com noites mais frescas, o que beneficia o ciclo da <strong><a href=\"https:\/\/ikebanaflores.com.br\/blog\/flores\">Flora em BH<\/a><\/strong>.<\/p>\n\n\n\n<p><strong>Planejamento de arboriza\u00e7\u00e3o<\/strong> \u2014 H\u00e1 d\u00e9cadas a cidade prioriza esp\u00e9cies com bom desempenho urbano (porte adequado, ra\u00edzes menos agressivas quando plantadas corretamente). Ip\u00eas se encaixam muito bem nesse manual: d\u00e3o sombra em boa parte do ano e um \u201cshow\u201d sazonal sem exigir manuten\u00e7\u00e3o excessiva.<\/p>\n\n\n\n<p><strong>Identidade paisag\u00edstica<\/strong> \u2014 A popula\u00e7\u00e3o se apaixonou pela cena de ip\u00eas floridos em avenidas e pra\u00e7as (Afonso Pena, Pra\u00e7a da Liberdade e tantos outros pontos). Esse valor cultural retroalimenta o plantio pelo poder p\u00fablico e por iniciativas privadas.<\/p>\n\n\n\n<figure class=\"wp-block-image size-large\"><img loading=\"lazy\" decoding=\"async\" width=\"1024\" height=\"614\" src=\"https:\/\/ikebanaflores.com.br\/blog\/wp-content\/uploads\/2025\/09\/1_e564484d-a159-4899-8b61-4679785fe91e-59073666-1024x614.jpeg\" alt=\"\" class=\"wp-image-7032\" srcset=\"https:\/\/ikebanaflores.com.br\/blog\/wp-content\/uploads\/2025\/09\/1_e564484d-a159-4899-8b61-4679785fe91e-59073666-1024x614.jpeg 1024w, https:\/\/ikebanaflores.com.br\/blog\/wp-content\/uploads\/2025\/09\/1_e564484d-a159-4899-8b61-4679785fe91e-59073666-300x180.jpeg 300w, https:\/\/ikebanaflores.com.br\/blog\/wp-content\/uploads\/2025\/09\/1_e564484d-a159-4899-8b61-4679785fe91e-59073666-768x461.jpeg 768w, https:\/\/ikebanaflores.com.br\/blog\/wp-content\/uploads\/2025\/09\/1_e564484d-a159-4899-8b61-4679785fe91e-59073666.jpeg 1200w\" sizes=\"(max-width: 1024px) 100vw, 1024px\" \/><\/figure>\n\n\n\n<p><a href=\"https:\/\/www.em.com.br\/gerais\/2025\/09\/7245698-todas-as-cores-dos-ipes-pelas-vias-de-bh.html\" target=\"_blank\" rel=\"noopener\">Fonte<\/a><\/p>\n\n\n\n<p><strong>Quando eles costumam florescer em BH?<\/strong><br>De forma geral, entre <strong>junho e setembro<\/strong> (pico no inverno), variando por esp\u00e9cie e pelo clima do ano: roxos e rosas tendem a aparecer antes, amarelos no auge do inverno, e o branco por \u00faltimo \u2014 com florada muito r\u00e1pida.<\/p>\n\n\n\n<p><\/p>\n","protected":false},"excerpt":{"rendered":"<p>Os ip\u00eas ganham destaque no per\u00edodo seco: perdem as folhas, concentram energia nas flores e transformam ruas e pra\u00e7as em um espet\u00e1culo de cor. Para quem pesquisa Flores em BH, este guia traz um panorama direto dos tipos mais comuns no Brasil e, ao final, o motivo de Belo Horizonte ter tantos exemplares. Principais tipos [&hellip;]<\/p>\n","protected":false},"author":5,"featured_media":7040,"comment_status":"open","ping_status":"open","sticky":false,"template":"","format":"standard","meta":{"_acf_changed":false,"footnotes":""},"categories":[105,93],"tags":[],"class_list":["post-7031","post","type-post","status-publish","format-standard","has-post-thumbnail","hentry","category-significado-das-flores","category-curiosidades"],"acf":[],"_links":{"self":[{"href":"https:\/\/ikebanaflores.com.br\/blog\/wp-json\/wp\/v2\/posts\/7031","targetHints":{"allow":["GET"]}}],"collection":[{"href":"https:\/\/ikebanaflores.com.br\/blog\/wp-json\/wp\/v2\/posts"}],"about":[{"href":"https:\/\/ikebanaflores.com.br\/blog\/wp-json\/wp\/v2\/types\/post"}],"author":[{"embeddable":true,"href":"https:\/\/ikebanaflores.com.br\/blog\/wp-json\/wp\/v2\/users\/5"}],"replies":[{"embeddable":true,"href":"https:\/\/ikebanaflores.com.br\/blog\/wp-json\/wp\/v2\/comments?post=7031"}],"version-history":[{"count":1,"href":"https:\/\/ikebanaflores.com.br\/blog\/wp-json\/wp\/v2\/posts\/7031\/revisions"}],"predecessor-version":[{"id":7039,"href":"https:\/\/ikebanaflores.com.br\/blog\/wp-json\/wp\/v2\/posts\/7031\/revisions\/7039"}],"wp:featuredmedia":[{"embeddable":true,"href":"https:\/\/ikebanaflores.com.br\/blog\/wp-json\/wp\/v2\/media\/7040"}],"wp:attachment":[{"href":"https:\/\/ikebanaflores.com.br\/blog\/wp-json\/wp\/v2\/media?parent=7031"}],"wp:term":[{"taxonomy":"category","embeddable":true,"href":"https:\/\/ikebanaflores.com.br\/blog\/wp-json\/wp\/v2\/categories?post=7031"},{"taxonomy":"post_tag","embeddable":true,"href":"https:\/\/ikebanaflores.com.br\/blog\/wp-json\/wp\/v2\/tags?post=7031"}],"curies":[{"name":"wp","href":"https:\/\/api.w.org\/{rel}","templated":true}]}}