{"id":824,"date":"2012-05-06T23:26:37","date_gmt":"2012-05-06T23:26:37","guid":{"rendered":"https:\/\/www.ikebanaflores.com.br\/blog\/?p=824"},"modified":"2026-03-16T17:07:11","modified_gmt":"2026-03-16T20:07:11","slug":"curiosidades-2","status":"publish","type":"post","link":"https:\/\/ikebanaflores.com.br\/blog\/curiosidades-2\/","title":{"rendered":"Curiosidades"},"content":{"rendered":"<ul>\n<li>Muitas plantas s\u00e3o utilizadas no tratamento de doen\u00e7as. Boa parte dos rem\u00e9dios \u00e0 venda nas farm\u00e1cias tem origem vegetal.<\/li>\n<\/ul>\n<p>&nbsp;<\/p>\n<ul>\n<li>As fibras de algod\u00e3o v\u00eam dos frutos do algodoeiro. O Brasil \u00e9 um grande produtor de algod\u00e3o.<\/li>\n<\/ul>\n<p>&nbsp;<\/p>\n<ul>\n<li>A borracha \u00e9 feita de l\u00e1tex, que \u00e9 um suco leitoso extra\u00eddo da casca da seringueira. Mas atualmente j\u00e1 existe a borracha sint\u00e9tica, quer dizer, produzida em laborat\u00f3rio, pelo homem.<\/li>\n<\/ul>\n<p>&nbsp;<\/p>\n<ul>\n<li>A primeira planta do espa\u00e7o \u00e9 a <em>Arabidopsis<\/em>, cultivada a bordo da nave espacial sovi\u00e9tica Saliut 7, em 1982.<\/li>\n<\/ul>\n<p>&nbsp;<\/p>\n<ul>\n<li>A <em>carana\u00faba<\/em>, uma palmeira do Nordeste brasileiro, fornece cera vegetal de alta qualidade, usada na ind\u00fastria.<\/li>\n<\/ul>\n<div style=\"text-align: center;\"><strong><span style=\"color: #ff6600;\"><a href=\"http:\/\/ikebanaflores.com.br\/blog\/wp-content\/uploads\/2012\/05\/vaso_de_callas_amarelo_foto_87.jpg\"><img decoding=\"async\" class=\"size-thumbnail wp-image-826 alignleft\" title=\"vaso_de_callas_amarelo_foto_87\" src=\"http:\/\/ikebanaflores.com.br\/blog\/wp-content\/uploads\/2012\/05\/vaso_de_callas_amarelo_foto_87-150x150.jpg\" alt=\"\" width=\"150\" height=\"150\" \/><\/a><\/span><\/strong><\/div>\n<div style=\"text-align: center;\"><strong><span style=\"color: #ff6600;\">Visite a nossa loja virtual e confira as nossas op\u00e7\u00f5es de <\/span><span style=\"color: #ff6600;\"><a href=\"http:\/\/ikebanaflores.com.br\/blog\/vasos-de-flores.html\"><span style=\"color: #ff6600;\">vasos de flores<\/span><\/a><\/span><span style=\"color: #ff6600;\"> para presente.<\/span><\/strong><\/div>\n","protected":false},"excerpt":{"rendered":"<p>Muitas plantas s\u00e3o utilizadas no tratamento de doen\u00e7as. Boa parte dos rem\u00e9dios \u00e0 venda nas farm\u00e1cias tem origem vegetal. &nbsp; As fibras de algod\u00e3o v\u00eam dos frutos do algodoeiro. O Brasil \u00e9 um grande produtor de algod\u00e3o. &nbsp; A borracha \u00e9 feita de l\u00e1tex, que \u00e9 um suco leitoso extra\u00eddo da casca da seringueira. Mas [&hellip;]<\/p>\n","protected":false},"author":5,"featured_media":0,"comment_status":"open","ping_status":"open","sticky":false,"template":"","format":"standard","meta":{"_acf_changed":false,"footnotes":""},"categories":[97],"tags":[],"class_list":["post-824","post","type-post","status-publish","format-standard","hentry","category-dicas-importantes"],"acf":[],"_links":{"self":[{"href":"https:\/\/ikebanaflores.com.br\/blog\/wp-json\/wp\/v2\/posts\/824","targetHints":{"allow":["GET"]}}],"collection":[{"href":"https:\/\/ikebanaflores.com.br\/blog\/wp-json\/wp\/v2\/posts"}],"about":[{"href":"https:\/\/ikebanaflores.com.br\/blog\/wp-json\/wp\/v2\/types\/post"}],"author":[{"embeddable":true,"href":"https:\/\/ikebanaflores.com.br\/blog\/wp-json\/wp\/v2\/users\/5"}],"replies":[{"embeddable":true,"href":"https:\/\/ikebanaflores.com.br\/blog\/wp-json\/wp\/v2\/comments?post=824"}],"version-history":[{"count":1,"href":"https:\/\/ikebanaflores.com.br\/blog\/wp-json\/wp\/v2\/posts\/824\/revisions"}],"predecessor-version":[{"id":7189,"href":"https:\/\/ikebanaflores.com.br\/blog\/wp-json\/wp\/v2\/posts\/824\/revisions\/7189"}],"wp:attachment":[{"href":"https:\/\/ikebanaflores.com.br\/blog\/wp-json\/wp\/v2\/media?parent=824"}],"wp:term":[{"taxonomy":"category","embeddable":true,"href":"https:\/\/ikebanaflores.com.br\/blog\/wp-json\/wp\/v2\/categories?post=824"},{"taxonomy":"post_tag","embeddable":true,"href":"https:\/\/ikebanaflores.com.br\/blog\/wp-json\/wp\/v2\/tags?post=824"}],"curies":[{"name":"wp","href":"https:\/\/api.w.org\/{rel}","templated":true}]}}